{"id":53496,"date":"2025-05-05T18:23:20","date_gmt":"2025-05-05T21:23:20","guid":{"rendered":"https:\/\/radiorevelacionfm.cl\/?p=53496"},"modified":"2025-05-05T18:23:20","modified_gmt":"2025-05-05T21:23:20","slug":"ministerio-de-las-culturas-premia-gastronomia-de-tortel-en-el-menu-de-chile","status":"publish","type":"post","link":"https:\/\/radiorevelacionfm.cl\/?p=53496","title":{"rendered":"Ministerio de las Culturas premia gastronom\u00eda de Tortel en \u201cEl Men\u00fa de Chile\u201d"},"content":{"rendered":"<div class=\"flex_column av_one_full  flex_column_div av-zero-column-padding first  avia-builder-el-0  el_before_av_one_full  avia-builder-el-first  \" style='border-radius:0px; '><div  class='avia-image-container  av-styling-    avia-builder-el-1  avia-builder-el-no-sibling  avia-align-center '  itemprop=\"image\" itemscope=\"itemscope\" itemtype=\"https:\/\/schema.org\/ImageObject\"  ><div class='avia-image-container-inner'><div class='avia-image-overlay-wrap'><img decoding=\"async\" class='wp-image-53497 avia-img-lazy-loading-not-53497 avia_image' src=\"https:\/\/radiorevelacionfm.cl\/wp-content\/uploads\/2025\/05\/tortel_el-menu-de-chile8-1_optimized.jpg\" alt='' title='tortel_el-menu-de-chile8-(1)_optimized' height=\"765\" width=\"801\"  itemprop=\"thumbnailUrl\" srcset=\"https:\/\/radiorevelacionfm.cl\/wp-content\/uploads\/2025\/05\/tortel_el-menu-de-chile8-1_optimized.jpg 801w, https:\/\/radiorevelacionfm.cl\/wp-content\/uploads\/2025\/05\/tortel_el-menu-de-chile8-1_optimized-300x287.jpg 300w, https:\/\/radiorevelacionfm.cl\/wp-content\/uploads\/2025\/05\/tortel_el-menu-de-chile8-1_optimized-768x733.jpg 768w, https:\/\/radiorevelacionfm.cl\/wp-content\/uploads\/2025\/05\/tortel_el-menu-de-chile8-1_optimized-705x673.jpg 705w, https:\/\/radiorevelacionfm.cl\/wp-content\/uploads\/2025\/05\/tortel_el-menu-de-chile8-1_optimized-450x430.jpg 450w, https:\/\/radiorevelacionfm.cl\/wp-content\/uploads\/2025\/05\/tortel_el-menu-de-chile8-1_optimized-600x573.jpg 600w\" sizes=\"(max-width: 801px) 100vw, 801px\" \/><\/div><\/div><\/div><\/div><div class=\"flex_column av_one_full  flex_column_div av-zero-column-padding first  avia-builder-el-2  el_after_av_one_full  el_before_av_one_full  column-top-margin\" style='border-radius:0px; '><section class=\"av_textblock_section \"  itemscope=\"itemscope\" itemtype=\"https:\/\/schema.org\/BlogPosting\" itemprop=\"blogPost\" ><div class='avia_textblock  '   itemprop=\"text\" ><p style=\"text-align: center;\"><strong><span style=\"font-size: 18pt;\">Ministerio de las Culturas premia gastronom\u00eda de Tortel en \u201cEl Men\u00fa de Chile\u201d<\/span><\/strong><\/p>\n<div id=\"gtx-trans\" style=\"position: absolute; left: -50px; top: 4.31534px;\">\n<div class=\"gtx-trans-icon\"><\/div>\n<\/div>\n<\/div><\/section><\/div><div class=\"flex_column av_one_full  flex_column_div av-zero-column-padding first  avia-builder-el-4  el_after_av_one_full  el_before_av_hr  column-top-margin\" style='border-radius:0px; '><section class=\"av_textblock_section \"  itemscope=\"itemscope\" itemtype=\"https:\/\/schema.org\/BlogPosting\" itemprop=\"blogPost\" ><div class='avia_textblock  '   itemprop=\"text\" ><p style=\"text-align: justify;\">Entre carbonadas de machas y porotos con locro, el arte culinario de Caleta Tortel destac\u00f3 en la quinta edici\u00f3n del Concurso \u201cEl Men\u00fa de Chile: Reconocimiento a las cocinas patrimoniales del pa\u00eds\u00bb, impulsado por el Servicio Nacional del Patrimonio Cultural.<\/p>\n<p style=\"text-align: justify;\">Desde el Ministerio de las Culturas, las Artes y el Patrimonio, cuentan que el certamen pretende ser una contribuci\u00f3n en la puesta en valor y difusi\u00f3n de los productos, oficios, saberes, recetas, pr\u00e1cticas y tradiciones que dan vida y enriquecen a las cocinas regionales.<\/p>\n<p style=\"text-align: justify;\">El \u201cMen\u00fa Maderero\u201d, creado por el equipo del Punto de Cultura Comunitaria Colectivo Maderero de Tortel, obtuvo una de las cuatro menciones honrosas de todo el pa\u00eds, junto a las regiones de Biob\u00edo, Los Lagos y Arica y Parinacota.<\/p>\n<p style=\"text-align: justify;\">La investigadora Francisca Ram\u00edrez resume el trabajo y los ingredientes que dieron forma al premiado men\u00fa: \u201cLo trabajamos junto a L\u00e1zaro y Olegario Hern\u00e1ndez y est\u00e1 basado en una comida que se preparar\u00eda en alg\u00fan campamento o campo de Tortel, pensando en que la gente iba a las labores madereras y a partir de eso hab\u00eda una comida particular que est\u00e1 basada sobre todo en la carne ahumada, estrategia que se usaba para poder mantener por m\u00e1s tiempo la carne, considerando que no hab\u00eda refrigerador. y eso igual le da un sabor particular a las comidas\u201d.<\/p>\n<p style=\"text-align: justify;\">El Men\u00fa Maderero incluye el tradicional mate, las tortas fritas y pone \u00e9nfasis en la versatilidad, pues var\u00eda de acuerdo a las verduras disponibles. Francisca lo explica: \u201cEn el estofado y en la sopa que proponemos es importante mencionar que son recetas flexibles y creemos que eso es parte de la identidad de la cocina de Tortel\u201d.<\/p>\n<p style=\"text-align: justify;\">El seremi de Culturas Ays\u00e9n, Felipe Quiroz, felicit\u00f3 el destacado puesto obtenido por el equipo de Tortel e invit\u00f3 a las comunidades de la regi\u00f3n a sumarse a los cert\u00e1menes que destacan la identidad de cada territorio: \u201cEl alimento nos habla de algo tan inherente al ser humano como la propia cultura, y este concurso, El Men\u00fa de Chile, permite hoy a nuestra localidad de Caleta Tortel destacar con sus ingredientes y sus preparaciones entre recetas de todo Chile, poniendo en valor la identidad gastron\u00f3mica de nuestro territorio\u201d.<\/p>\n<p style=\"text-align: justify;\">La directora regional de Patrimonio Cultural, Claudia Cantero, entreg\u00f3 sus congratulaciones al equipo ganador: \u201cPara el Servicio Regional de Patrimonio Cultural es una gran noticia que el trabajo patrimonial de Caleta Tortel de rescate de ingredientes y recetas tradicionales logre un puesto tan importante en un certamen nacional. Quiero felicitar al equipo que est\u00e1 detr\u00e1s de esta iniciativa por sacar el nombre tanto de Caleta Tortel como de la Regi\u00f3n de Ays\u00e9n a un nivel nacional\u201d.<\/p>\n<p style=\"text-align: justify;\">Con \u201cEl Men\u00fa de Chile\u201d, el Ministerio de las Culturas, a trav\u00e9s del Servicio Nacional del Patrimonio Cultural, contin\u00faa fortaleciendo el reconocimiento de las cocinas tradicionales como parte vital del patrimonio cultural inmaterial del pa\u00eds.<\/p>\n<\/div><\/section><\/div><div  style='height:50px' class='hr hr-invisible   avia-builder-el-6  el_after_av_one_full  el_before_av_social_share '><span class='hr-inner ' ><span class='hr-inner-style'><\/span><\/span><\/div><\/p>\n<div  class='av-social-sharing-box  avia-builder-el-7  el_after_av_hr  el_before_av_hr  '><div class='av-share-box'><h5 class='av-share-link-description av-no-toc '>Compartir esta noticia<\/h5><ul class='av-share-box-list noLightbox'><li class='av-share-link av-social-link-facebook' ><a target=\"_blank\" aria-label=\"Compartir en Facebook\" href='https:\/\/www.facebook.com\/sharer.php?u=https:\/\/radiorevelacionfm.cl\/?p=53496&#038;t=Ministerio%20de%20las%20Culturas%20premia%20gastronom%C3%ADa%20de%20Tortel%20en%20%E2%80%9CEl%20Men%C3%BA%20de%20Chile%E2%80%9D' aria-hidden='false' data-av_icon='\ue8f3' data-av_iconfont='entypo-fontello' title='' data-avia-related-tooltip='Compartir en Facebook' rel=\"noopener\"><span class='avia_hidden_link_text'>Compartir en Facebook<\/span><\/a><\/li><li class='av-share-link av-social-link-twitter' ><a target=\"_blank\" aria-label=\"Compartir en Twitter\" href='https:\/\/twitter.com\/share?text=Ministerio%20de%20las%20Culturas%20premia%20gastronom%C3%ADa%20de%20Tortel%20en%20%E2%80%9CEl%20Men%C3%BA%20de%20Chile%E2%80%9D&#038;url=https:\/\/radiorevelacionfm.cl\/?p=53496' aria-hidden='false' data-av_icon='\ue8f1' data-av_iconfont='entypo-fontello' title='' data-avia-related-tooltip='Compartir en Twitter' rel=\"noopener\"><span class='avia_hidden_link_text'>Compartir en Twitter<\/span><\/a><\/li><li class='av-share-link av-social-link-whatsapp' ><a target=\"_blank\" aria-label=\"Compartir en Whatsapp\" href='https:\/\/api.whatsapp.com\/send?text=https:\/\/radiorevelacionfm.cl\/?p=53496' aria-hidden='false' data-av_icon='\uf232' data-av_iconfont='entypo-fontello' title='' data-avia-related-tooltip='Compartir en Whatsapp' rel=\"noopener\"><span class='avia_hidden_link_text'>Compartir en Whatsapp<\/span><\/a><\/li><li class='av-share-link av-social-link-linkedin' ><a target=\"_blank\" aria-label=\"Compartir en LinkedIn\" href='https:\/\/linkedin.com\/shareArticle?mini=true&#038;title=Ministerio%20de%20las%20Culturas%20premia%20gastronom%C3%ADa%20de%20Tortel%20en%20%E2%80%9CEl%20Men%C3%BA%20de%20Chile%E2%80%9D&#038;url=https:\/\/radiorevelacionfm.cl\/?p=53496' aria-hidden='false' data-av_icon='\ue8fc' data-av_iconfont='entypo-fontello' title='' data-avia-related-tooltip='Compartir en LinkedIn' rel=\"noopener\"><span class='avia_hidden_link_text'>Compartir en LinkedIn<\/span><\/a><\/li><li class='av-share-link av-social-link-mail' ><a  aria-label=\"Compartir por correo\" href='mailto:?subject=Ministerio%20de%20las%20Culturas%20premia%20gastronom%C3%ADa%20de%20Tortel%20en%20%E2%80%9CEl%20Men%C3%BA%20de%20Chile%E2%80%9D&#038;body=https:\/\/radiorevelacionfm.cl\/?p=53496' aria-hidden='false' data-av_icon='\ue805' data-av_iconfont='entypo-fontello' title='' data-avia-related-tooltip='Compartir por correo'><span class='avia_hidden_link_text'>Compartir por correo<\/span><\/a><\/li><\/ul><\/div><\/div>\n<div  style='height:50px' class='hr hr-invisible   avia-builder-el-8  el_after_av_social_share  el_before_av_comments_list '><span class='hr-inner ' ><span class='hr-inner-style'><\/span><\/span><\/div>\n<div  class='av-buildercomment  av-blog-meta-html-info-disabled av-blog-meta-tag-disabled  '><\/div>\n","protected":false},"excerpt":{"rendered":"","protected":false},"author":1,"featured_media":53497,"comment_status":"closed","ping_status":"closed","sticky":false,"template":"","format":"standard","meta":{"footnotes":""},"categories":[52],"tags":[],"class_list":["post-53496","post","type-post","status-publish","format-standard","has-post-thumbnail","hentry","category-cultura"],"jetpack_featured_media_url":"https:\/\/radiorevelacionfm.cl\/wp-content\/uploads\/2025\/05\/tortel_el-menu-de-chile8-1_optimized.jpg","_links":{"self":[{"href":"https:\/\/radiorevelacionfm.cl\/index.php?rest_route=\/wp\/v2\/posts\/53496","targetHints":{"allow":["GET"]}}],"collection":[{"href":"https:\/\/radiorevelacionfm.cl\/index.php?rest_route=\/wp\/v2\/posts"}],"about":[{"href":"https:\/\/radiorevelacionfm.cl\/index.php?rest_route=\/wp\/v2\/types\/post"}],"author":[{"embeddable":true,"href":"https:\/\/radiorevelacionfm.cl\/index.php?rest_route=\/wp\/v2\/users\/1"}],"replies":[{"embeddable":true,"href":"https:\/\/radiorevelacionfm.cl\/index.php?rest_route=%2Fwp%2Fv2%2Fcomments&post=53496"}],"version-history":[{"count":2,"href":"https:\/\/radiorevelacionfm.cl\/index.php?rest_route=\/wp\/v2\/posts\/53496\/revisions"}],"predecessor-version":[{"id":53499,"href":"https:\/\/radiorevelacionfm.cl\/index.php?rest_route=\/wp\/v2\/posts\/53496\/revisions\/53499"}],"wp:featuredmedia":[{"embeddable":true,"href":"https:\/\/radiorevelacionfm.cl\/index.php?rest_route=\/wp\/v2\/media\/53497"}],"wp:attachment":[{"href":"https:\/\/radiorevelacionfm.cl\/index.php?rest_route=%2Fwp%2Fv2%2Fmedia&parent=53496"}],"wp:term":[{"taxonomy":"category","embeddable":true,"href":"https:\/\/radiorevelacionfm.cl\/index.php?rest_route=%2Fwp%2Fv2%2Fcategories&post=53496"},{"taxonomy":"post_tag","embeddable":true,"href":"https:\/\/radiorevelacionfm.cl\/index.php?rest_route=%2Fwp%2Fv2%2Ftags&post=53496"}],"curies":[{"name":"wp","href":"https:\/\/api.w.org\/{rel}","templated":true}]}}