{"id":53493,"date":"2025-05-05T20:23:42","date_gmt":"2025-05-05T23:23:42","guid":{"rendered":"https:\/\/radiorevelacionfm.cl\/?p=53493"},"modified":"2025-05-05T20:23:42","modified_gmt":"2025-05-05T23:23:42","slug":"par-explora-aysen-realizo-el-primer-taller-de-investigacion-e-innovacion-escolar-iie-2025-con-docentes-y-estudiantes","status":"publish","type":"post","link":"https:\/\/radiorevelacionfm.cl\/?p=53493","title":{"rendered":"PAR Explora Ays\u00e9n realiz\u00f3 el primer taller de Investigaci\u00f3n e Innovaci\u00f3n Escolar (IIE) 2025 con docentes y estudiantes"},"content":{"rendered":"<div class=\"flex_column av_one_full  flex_column_div av-zero-column-padding first  avia-builder-el-0  el_before_av_one_full  avia-builder-el-first  \" style='border-radius:0px; '><div  class='avia-image-container  av-styling-    avia-builder-el-1  avia-builder-el-no-sibling  avia-align-center '  itemprop=\"image\" itemscope=\"itemscope\" itemtype=\"https:\/\/schema.org\/ImageObject\"  ><div class='avia-image-container-inner'><div class='avia-image-overlay-wrap'><img decoding=\"async\" class='wp-image-53494 avia-img-lazy-loading-not-53494 avia_image' src=\"https:\/\/radiorevelacionfm.cl\/wp-content\/uploads\/2025\/05\/UTF-8NOTA-PARA-PAR-EXPLORA-2025-2-1-1.jpeg\" alt='' title='UTF-8NOTA PARA PAR EXPLORA 2025 2 (1) (1)' height=\"600\" width=\"901\"  itemprop=\"thumbnailUrl\" srcset=\"https:\/\/radiorevelacionfm.cl\/wp-content\/uploads\/2025\/05\/UTF-8NOTA-PARA-PAR-EXPLORA-2025-2-1-1.jpeg 901w, https:\/\/radiorevelacionfm.cl\/wp-content\/uploads\/2025\/05\/UTF-8NOTA-PARA-PAR-EXPLORA-2025-2-1-1-300x200.jpeg 300w, https:\/\/radiorevelacionfm.cl\/wp-content\/uploads\/2025\/05\/UTF-8NOTA-PARA-PAR-EXPLORA-2025-2-1-1-768x511.jpeg 768w, https:\/\/radiorevelacionfm.cl\/wp-content\/uploads\/2025\/05\/UTF-8NOTA-PARA-PAR-EXPLORA-2025-2-1-1-705x469.jpeg 705w, https:\/\/radiorevelacionfm.cl\/wp-content\/uploads\/2025\/05\/UTF-8NOTA-PARA-PAR-EXPLORA-2025-2-1-1-450x300.jpeg 450w, https:\/\/radiorevelacionfm.cl\/wp-content\/uploads\/2025\/05\/UTF-8NOTA-PARA-PAR-EXPLORA-2025-2-1-1-600x400.jpeg 600w\" sizes=\"(max-width: 901px) 100vw, 901px\" \/><\/div><\/div><\/div><\/div><div class=\"flex_column av_one_full  flex_column_div av-zero-column-padding first  avia-builder-el-2  el_after_av_one_full  el_before_av_one_full  column-top-margin\" style='border-radius:0px; '><section class=\"av_textblock_section \"  itemscope=\"itemscope\" itemtype=\"https:\/\/schema.org\/BlogPosting\" itemprop=\"blogPost\" ><div class='avia_textblock  '   itemprop=\"text\" ><p style=\"text-align: center;\"><strong><span style=\"font-size: 18pt;\">PAR Explora Ays\u00e9n realiz\u00f3 el primer taller de Investigaci\u00f3n e Innovaci\u00f3n Escolar (IIE) 2025 con docentes y estudiantes<\/span><\/strong><\/p>\n<div id=\"gtx-trans\" style=\"position: absolute; left: -50px; top: 4.31534px;\">\n<div class=\"gtx-trans-icon\"><\/div>\n<\/div>\n<\/div><\/section><\/div><div class=\"flex_column av_one_full  flex_column_div av-zero-column-padding first  avia-builder-el-4  el_after_av_one_full  el_before_av_hr  column-top-margin\" style='border-radius:0px; '><section class=\"av_textblock_section \"  itemscope=\"itemscope\" itemtype=\"https:\/\/schema.org\/BlogPosting\" itemprop=\"blogPost\" ><div class='avia_textblock  '   itemprop=\"text\" ><p style=\"text-align: justify;\"><em>El encuentro, realizado en dos jornadas en el Campus Patagonia de la Universidad Austral de Chile, cont\u00f3 con 81 participantes provenientes de 11 localidades de la regi\u00f3n.<\/em><\/p>\n<p style=\"text-align: justify;\">El Programa Asociativo Regional (PAR) Explora Ays\u00e9n del Ministerio de Ciencia, Tecnolog\u00eda, Conocimiento e Innovaci\u00f3n ejecutado por la Universidad Austral de Chile dio la bienvenida a la primera de una serie de talleres a los 30 equipos que participar\u00e1n de la nueva ruta formativa de \u201cInvestigaci\u00f3n e Innovaci\u00f3n Escolar\u201d (IIE) 2025-2026.<\/p>\n<p style=\"text-align: justify;\">El objetivo de IIE es fomentar el desarrollo de competencias para la investigaci\u00f3n e innovaci\u00f3n en la comunidad educativa, sobre todo en preguntas y necesidades que surjan colaborativamente en su vida cotidiana.<\/p>\n<p style=\"text-align: justify;\"><strong>Los primeros pasos de un proyecto<\/strong><\/p>\n<p style=\"text-align: justify;\">Junto con conocer a los integrantes del PAR Explora Ays\u00e9n a trav\u00e9s de entretenidas entrevistas cruzadas, los y las participantes pudieron introducirse en el modelo de competencias del programa y exponer las ideas de proyectos de innovaci\u00f3n y\/o investigaci\u00f3n en ciencias naturales y\/o sociales que desarrollar\u00e1n durante los dos a\u00f1os para aportar en su entorno.<\/p>\n<p style=\"text-align: justify;\">\u201cNuestro desaf\u00edo es acompa\u00f1arlos en esta ruta para que las inquietudes y problem\u00e1ticas que han identificado puedan ser resueltas con el desarrollo de sus proyectos, siempre promoviendo el trabajo en equipo y tambi\u00e9n que compartan experiencias con los equipos de todas las localidades, porque si bien cada territorio tiene sus particularidades, hay intereses y preocupaciones comunes\u201d, se\u00f1al\u00f3 la directora del PAR Explora Ays\u00e9n, Viviana Pizarro.<\/p>\n<p style=\"text-align: justify;\">En esa misma l\u00ednea, ambos grupos compartieron con los profesionales Mg. Pablo Hern\u00e1ndez, ingeniero agr\u00f3nomo y acad\u00e9mico e investigador del Campus Patagonia de la Universidad Austral de Chile; Dra. Paulina Flores, m\u00e9dico veterinario y acad\u00e9mica de la Universidad de Ays\u00e9n; y Mg. Jos\u00e9 Andrade, ge\u00f3grafo y profesional de apoyo de la Seremi de Agricultura, quienes retroalimentaron a los equipos desde distintas disciplinas entregando nuevas miradas a las tem\u00e1ticas de sus proyectos.<\/p>\n<p style=\"text-align: justify;\">Respecto a su participaci\u00f3n, la Dra. Paulina Flores asever\u00f3 que conoci\u00f3 diversos proyectos: \u201cIncluso algunos enfocados a resolver problemas cancer\u00edgenos, y ha sido muy enriquecedor. Son ideas espectaculares pensando en que algunos de estos ni\u00f1os reci\u00e9n est\u00e1n en la educaci\u00f3n b\u00e1sica, y est\u00e1n con sus mentes muy abiertas y atentos a lo que est\u00e1 pasando alrededor de ellos y en el medio ambiente\u201d.<\/p>\n<p style=\"text-align: justify;\"><strong>Una gran oportunidad<\/strong><\/p>\n<p style=\"text-align: justify;\">\u201cLa jornada estuvo s\u00faper interesante y entretenida, sin duda nos brinda mucho aprendizaje porque ya tenemos los primeros lineamientos para comenzar nuestra investigaci\u00f3n relacionada con nuestro entorno, el Queulat. Adem\u00e1s, es una oportunidad \u00fanica para nosotras para conocer a otros estudiantes y otras experiencias\u201d, coment\u00f3 la profesora Nicol Soto, de la Escuela Hamburgo de Puyuhuapi.<\/p>\n<p style=\"text-align: justify;\">Los equipos de investigaci\u00f3n e innovaci\u00f3n escolar seguir\u00e1n participando de la ruta formativa de IIE, que contempla sesiones de trabajo y acompa\u00f1amiento tanto de asesores\/as cient\u00edficos\/as como del equipo Explora Ays\u00e9n. Adem\u00e1s, al finalizar cada a\u00f1o, los equipos tendr\u00e1n la posibilidad de participar en espacios de encuentro y socializaci\u00f3n.<\/p>\n<p style=\"text-align: justify;\"><strong>\u00a0<\/strong><\/p>\n<p style=\"text-align: justify;\"><strong>\u00a0<\/strong><\/p>\n<\/div><\/section><\/div><div  style='height:50px' class='hr hr-invisible   avia-builder-el-6  el_after_av_one_full  el_before_av_social_share '><span class='hr-inner ' ><span class='hr-inner-style'><\/span><\/span><\/div><\/p>\n<div  class='av-social-sharing-box  avia-builder-el-7  el_after_av_hr  el_before_av_hr  '><div class='av-share-box'><h5 class='av-share-link-description av-no-toc '>Compartir esta noticia<\/h5><ul class='av-share-box-list noLightbox'><li class='av-share-link av-social-link-facebook' ><a target=\"_blank\" aria-label=\"Compartir en Facebook\" href='https:\/\/www.facebook.com\/sharer.php?u=https:\/\/radiorevelacionfm.cl\/?p=53493&#038;t=PAR%20Explora%20Ays%C3%A9n%20realiz%C3%B3%20el%20primer%20taller%20de%20Investigaci%C3%B3n%20e%20Innovaci%C3%B3n%20Escolar%20%28IIE%29%202025%20con%20docentes%20y%20estudiantes' aria-hidden='false' data-av_icon='\ue8f3' data-av_iconfont='entypo-fontello' title='' data-avia-related-tooltip='Compartir en Facebook' rel=\"noopener\"><span class='avia_hidden_link_text'>Compartir en Facebook<\/span><\/a><\/li><li class='av-share-link av-social-link-twitter' ><a target=\"_blank\" aria-label=\"Compartir en Twitter\" href='https:\/\/twitter.com\/share?text=PAR%20Explora%20Ays%C3%A9n%20realiz%C3%B3%20el%20primer%20taller%20de%20Investigaci%C3%B3n%20e%20Innovaci%C3%B3n%20Escolar%20%28IIE%29%202025%20con%20docentes%20y%20estudiantes&#038;url=https:\/\/radiorevelacionfm.cl\/?p=53493' aria-hidden='false' data-av_icon='\ue8f1' data-av_iconfont='entypo-fontello' title='' data-avia-related-tooltip='Compartir en Twitter' rel=\"noopener\"><span class='avia_hidden_link_text'>Compartir en Twitter<\/span><\/a><\/li><li class='av-share-link av-social-link-whatsapp' ><a target=\"_blank\" aria-label=\"Compartir en Whatsapp\" href='https:\/\/api.whatsapp.com\/send?text=https:\/\/radiorevelacionfm.cl\/?p=53493' aria-hidden='false' data-av_icon='\uf232' data-av_iconfont='entypo-fontello' title='' data-avia-related-tooltip='Compartir en Whatsapp' rel=\"noopener\"><span class='avia_hidden_link_text'>Compartir en Whatsapp<\/span><\/a><\/li><li class='av-share-link av-social-link-linkedin' ><a target=\"_blank\" aria-label=\"Compartir en LinkedIn\" href='https:\/\/linkedin.com\/shareArticle?mini=true&#038;title=PAR%20Explora%20Ays%C3%A9n%20realiz%C3%B3%20el%20primer%20taller%20de%20Investigaci%C3%B3n%20e%20Innovaci%C3%B3n%20Escolar%20%28IIE%29%202025%20con%20docentes%20y%20estudiantes&#038;url=https:\/\/radiorevelacionfm.cl\/?p=53493' aria-hidden='false' data-av_icon='\ue8fc' data-av_iconfont='entypo-fontello' title='' data-avia-related-tooltip='Compartir en LinkedIn' rel=\"noopener\"><span class='avia_hidden_link_text'>Compartir en LinkedIn<\/span><\/a><\/li><li class='av-share-link av-social-link-mail' ><a  aria-label=\"Compartir por correo\" href='mailto:?subject=PAR%20Explora%20Ays%C3%A9n%20realiz%C3%B3%20el%20primer%20taller%20de%20Investigaci%C3%B3n%20e%20Innovaci%C3%B3n%20Escolar%20%28IIE%29%202025%20con%20docentes%20y%20estudiantes&#038;body=https:\/\/radiorevelacionfm.cl\/?p=53493' aria-hidden='false' data-av_icon='\ue805' data-av_iconfont='entypo-fontello' title='' data-avia-related-tooltip='Compartir por correo'><span class='avia_hidden_link_text'>Compartir por correo<\/span><\/a><\/li><\/ul><\/div><\/div>\n<div  style='height:50px' class='hr hr-invisible   avia-builder-el-8  el_after_av_social_share  el_before_av_comments_list '><span class='hr-inner ' ><span class='hr-inner-style'><\/span><\/span><\/div>\n<div  class='av-buildercomment  av-blog-meta-html-info-disabled av-blog-meta-tag-disabled  '><\/div>\n","protected":false},"excerpt":{"rendered":"","protected":false},"author":1,"featured_media":53494,"comment_status":"closed","ping_status":"closed","sticky":false,"template":"","format":"standard","meta":{"footnotes":""},"categories":[49],"tags":[],"class_list":["post-53493","post","type-post","status-publish","format-standard","has-post-thumbnail","hentry","category-educacion"],"jetpack_featured_media_url":"https:\/\/radiorevelacionfm.cl\/wp-content\/uploads\/2025\/05\/UTF-8NOTA-PARA-PAR-EXPLORA-2025-2-1-1.jpeg","_links":{"self":[{"href":"https:\/\/radiorevelacionfm.cl\/index.php?rest_route=\/wp\/v2\/posts\/53493","targetHints":{"allow":["GET"]}}],"collection":[{"href":"https:\/\/radiorevelacionfm.cl\/index.php?rest_route=\/wp\/v2\/posts"}],"about":[{"href":"https:\/\/radiorevelacionfm.cl\/index.php?rest_route=\/wp\/v2\/types\/post"}],"author":[{"embeddable":true,"href":"https:\/\/radiorevelacionfm.cl\/index.php?rest_route=\/wp\/v2\/users\/1"}],"replies":[{"embeddable":true,"href":"https:\/\/radiorevelacionfm.cl\/index.php?rest_route=%2Fwp%2Fv2%2Fcomments&post=53493"}],"version-history":[{"count":2,"href":"https:\/\/radiorevelacionfm.cl\/index.php?rest_route=\/wp\/v2\/posts\/53493\/revisions"}],"predecessor-version":[{"id":53518,"href":"https:\/\/radiorevelacionfm.cl\/index.php?rest_route=\/wp\/v2\/posts\/53493\/revisions\/53518"}],"wp:featuredmedia":[{"embeddable":true,"href":"https:\/\/radiorevelacionfm.cl\/index.php?rest_route=\/wp\/v2\/media\/53494"}],"wp:attachment":[{"href":"https:\/\/radiorevelacionfm.cl\/index.php?rest_route=%2Fwp%2Fv2%2Fmedia&parent=53493"}],"wp:term":[{"taxonomy":"category","embeddable":true,"href":"https:\/\/radiorevelacionfm.cl\/index.php?rest_route=%2Fwp%2Fv2%2Fcategories&post=53493"},{"taxonomy":"post_tag","embeddable":true,"href":"https:\/\/radiorevelacionfm.cl\/index.php?rest_route=%2Fwp%2Fv2%2Ftags&post=53493"}],"curies":[{"name":"wp","href":"https:\/\/api.w.org\/{rel}","templated":true}]}}