{"id":5349,"date":"2021-06-16T19:38:18","date_gmt":"2021-06-16T22:38:18","guid":{"rendered":"https:\/\/radiorevelacionfm.cl\/?p=5349"},"modified":"2021-06-16T19:38:18","modified_gmt":"2021-06-16T22:38:18","slug":"senadora-ordenes-por-voto-obligatorio-la-participacion-es-fundamental-para-el-nuevo-ciclo-que-comienza-en-el-pais","status":"publish","type":"post","link":"https:\/\/radiorevelacionfm.cl\/?p=5349","title":{"rendered":"Senadora \u00d3rdenes por voto obligatorio \u201cLa participaci\u00f3n es fundamental para el nuevo ciclo que comienza en el pa\u00eds\u201d"},"content":{"rendered":"<div class=\"flex_column av_one_full  flex_column_div av-zero-column-padding first  avia-builder-el-0  el_before_av_one_full  avia-builder-el-first  \" style='border-radius:0px; '><div  class='avia-image-container  av-styling-    avia-builder-el-1  avia-builder-el-no-sibling  avia-align-center '  itemprop=\"image\" itemscope=\"itemscope\" itemtype=\"https:\/\/schema.org\/ImageObject\"  ><div class='avia-image-container-inner'><div class='avia-image-overlay-wrap'><img decoding=\"async\" class='wp-image-5350 avia-img-lazy-loading-not-5350 avia_image' src=\"https:\/\/radiorevelacionfm.cl\/wp-content\/uploads\/2021\/06\/SENADORA-ORDENES-1-1.jpg\" alt='' title='SENADORA ORDENES (1) (1)' height=\"600\" width=\"900\"  itemprop=\"thumbnailUrl\" srcset=\"https:\/\/radiorevelacionfm.cl\/wp-content\/uploads\/2021\/06\/SENADORA-ORDENES-1-1.jpg 900w, https:\/\/radiorevelacionfm.cl\/wp-content\/uploads\/2021\/06\/SENADORA-ORDENES-1-1-300x200.jpg 300w, https:\/\/radiorevelacionfm.cl\/wp-content\/uploads\/2021\/06\/SENADORA-ORDENES-1-1-768x512.jpg 768w, https:\/\/radiorevelacionfm.cl\/wp-content\/uploads\/2021\/06\/SENADORA-ORDENES-1-1-705x470.jpg 705w, https:\/\/radiorevelacionfm.cl\/wp-content\/uploads\/2021\/06\/SENADORA-ORDENES-1-1-600x400.jpg 600w\" sizes=\"(max-width: 900px) 100vw, 900px\" \/><\/div><\/div><\/div><\/div><div class=\"flex_column av_one_full  flex_column_div av-zero-column-padding first  avia-builder-el-2  el_after_av_one_full  el_before_av_one_full  column-top-margin\" style='border-radius:0px; '><section class=\"av_textblock_section \"  itemscope=\"itemscope\" itemtype=\"https:\/\/schema.org\/BlogPosting\" itemprop=\"blogPost\" ><div class='avia_textblock  '   itemprop=\"text\" ><p style=\"text-align: center;\"><strong><span style=\"font-size: 18pt;\">Senadora \u00d3rdenes por voto obligatorio \u201cLa participaci\u00f3n es fundamental para el nuevo ciclo que comienza en el pa\u00eds\u201d<\/span><\/strong><\/p>\n<div id=\"gtx-trans\" style=\"position: absolute; left: -50px; top: 4.31534px;\">\n<div class=\"gtx-trans-icon\"><\/div>\n<\/div>\n<\/div><\/section><\/div><div class=\"flex_column av_one_full  flex_column_div av-zero-column-padding first  avia-builder-el-4  el_after_av_one_full  el_before_av_hr  column-top-margin\" style='border-radius:0px; '><section class=\"av_textblock_section \"  itemscope=\"itemscope\" itemtype=\"https:\/\/schema.org\/BlogPosting\" itemprop=\"blogPost\" ><div class='avia_textblock  '   itemprop=\"text\" ><p style=\"font-weight: 400; text-align: justify;\">La parlamentaria aysenina se mostr\u00f3 favorable para aprobar la reforma que establece el voto obligatorio, asegurando que \u201caumentar la participaci\u00f3n es fundamental para las elecciones que vienen, porque necesitamos autoridades que cuenten con representatividad por parte de la ciudadan\u00eda\u201d, sostuvo.<\/p>\n<p style=\"font-weight: 400; text-align: justify;\">Esta semana la C\u00e1mara de Diputadas y Diputados aprob\u00f3 por amplia mayor\u00eda la reforma constitucional que establece el voto obligatorio y ahora ser\u00e1 el turno del Senado analizar dicha propuesta, d\u00edas despu\u00e9s de la segunda vuelta de Gobernadores Regionales, donde solo particip\u00f3 el 19,62% de las personas habilitadas para votar.<\/p>\n<p style=\"font-weight: 400; text-align: justify;\">En este escenario, la senadora Ximena \u00d3rdenes Neira se mostr\u00f3 abierta a volver a este r\u00e9gimen electoral, asegurando que \u201ces necesario que la ciudadan\u00eda participe de la elecci\u00f3n de sus autoridades, porque eso fortalece la democracia, pero sobre todo le da un respaldo a las instituciones en el nuevo ciclo que comienza el pa\u00eds\u201d.<\/p>\n<p style=\"font-weight: 400; text-align: justify;\">Seg\u00fan la parlamentaria por la regi\u00f3n de Ays\u00e9n luego de los \u00faltimos comicios \u201ces fundamental establecer el voto obligatorio, no es posible que haya autoridades que sean electas con tan poca participaci\u00f3n de la ciudadan\u00eda como la del fin de semana pasado con tan solo un 19,62%. La representatividad fortalece nuestra democracia\u201d.<\/p>\n<p style=\"font-weight: 400; text-align: justify;\">Y agreg\u00f3: \u201cEste nuevo ciclo que comenzar\u00e1 nuestro pa\u00eds con la nueva Constituci\u00f3n necesita de la participaci\u00f3n de todas y todos, quienes con su voto fortalecer\u00e1n las instituciones, sus autoridades y la sociedad que queremos construir\u201d.<\/p>\n<p style=\"font-weight: 400; text-align: justify;\">Asimismo, la senadora \u00d3rdenes subray\u00f3 que junto con avanzar en esta reforma es necesario \u201cfacilitar el proceso de votaci\u00f3n de la poblaci\u00f3n con transporte gratuito para todas las regiones o, por ejemplo, asegurar locales de votaci\u00f3n cercanos al lugar de residencia para evitar largos traslados para sufragar. Creer que con el voto obligatorio est\u00e1 todo zanjado es un error, es necesario adoptar m\u00e1s medidas para que la ciudadan\u00eda cumpla con su deber\u201d, indic\u00f3.<\/p>\n<p style=\"font-weight: 400; text-align: justify;\">El proyecto ya ingres\u00f3 al Senado y la Comisi\u00f3n de Constituci\u00f3n ser\u00e1 la encargada de analizar la iniciativa antes de pasar por la Sala para su votaci\u00f3n.<\/p>\n<\/div><\/section><\/div><div  style='height:50px' class='hr hr-invisible   avia-builder-el-6  el_after_av_one_full  el_before_av_social_share '><span class='hr-inner ' ><span class='hr-inner-style'><\/span><\/span><\/div><\/p>\n<div  class='av-social-sharing-box  avia-builder-el-7  el_after_av_hr  el_before_av_hr  '><div class='av-share-box'><h5 class='av-share-link-description av-no-toc '>Compartir esta noticia<\/h5><ul class='av-share-box-list noLightbox'><li class='av-share-link av-social-link-facebook' ><a target=\"_blank\" aria-label=\"Compartir en Facebook\" href='https:\/\/www.facebook.com\/sharer.php?u=https:\/\/radiorevelacionfm.cl\/?p=5349&#038;t=Senadora%20%C3%93rdenes%20por%20voto%20obligatorio%20%E2%80%9CLa%20participaci%C3%B3n%20es%20fundamental%20para%20el%20nuevo%20ciclo%20que%20comienza%20en%20el%20pa%C3%ADs%E2%80%9D' aria-hidden='false' data-av_icon='\ue8f3' data-av_iconfont='entypo-fontello' title='' data-avia-related-tooltip='Compartir en Facebook' rel=\"noopener\"><span class='avia_hidden_link_text'>Compartir en Facebook<\/span><\/a><\/li><li class='av-share-link av-social-link-twitter' ><a target=\"_blank\" aria-label=\"Compartir en Twitter\" href='https:\/\/twitter.com\/share?text=Senadora%20%C3%93rdenes%20por%20voto%20obligatorio%20%E2%80%9CLa%20participaci%C3%B3n%20es%20fundamental%20para%20el%20nuevo%20ciclo%20que%20comienza%20en%20el%20pa%C3%ADs%E2%80%9D&#038;url=https:\/\/radiorevelacionfm.cl\/?p=5349' aria-hidden='false' data-av_icon='\ue8f1' data-av_iconfont='entypo-fontello' title='' data-avia-related-tooltip='Compartir en Twitter' rel=\"noopener\"><span class='avia_hidden_link_text'>Compartir en Twitter<\/span><\/a><\/li><li class='av-share-link av-social-link-whatsapp' ><a target=\"_blank\" aria-label=\"Compartir en Whatsapp\" href='https:\/\/api.whatsapp.com\/send?text=https:\/\/radiorevelacionfm.cl\/?p=5349' aria-hidden='false' data-av_icon='\uf232' data-av_iconfont='entypo-fontello' title='' data-avia-related-tooltip='Compartir en Whatsapp' rel=\"noopener\"><span class='avia_hidden_link_text'>Compartir en Whatsapp<\/span><\/a><\/li><li class='av-share-link av-social-link-linkedin' ><a target=\"_blank\" aria-label=\"Compartir en LinkedIn\" href='https:\/\/linkedin.com\/shareArticle?mini=true&#038;title=Senadora%20%C3%93rdenes%20por%20voto%20obligatorio%20%E2%80%9CLa%20participaci%C3%B3n%20es%20fundamental%20para%20el%20nuevo%20ciclo%20que%20comienza%20en%20el%20pa%C3%ADs%E2%80%9D&#038;url=https:\/\/radiorevelacionfm.cl\/?p=5349' aria-hidden='false' data-av_icon='\ue8fc' data-av_iconfont='entypo-fontello' title='' data-avia-related-tooltip='Compartir en LinkedIn' rel=\"noopener\"><span class='avia_hidden_link_text'>Compartir en LinkedIn<\/span><\/a><\/li><li class='av-share-link av-social-link-mail' ><a  aria-label=\"Compartir por correo\" href='mailto:?subject=Senadora%20%C3%93rdenes%20por%20voto%20obligatorio%20%E2%80%9CLa%20participaci%C3%B3n%20es%20fundamental%20para%20el%20nuevo%20ciclo%20que%20comienza%20en%20el%20pa%C3%ADs%E2%80%9D&#038;body=https:\/\/radiorevelacionfm.cl\/?p=5349' aria-hidden='false' data-av_icon='\ue805' data-av_iconfont='entypo-fontello' title='' data-avia-related-tooltip='Compartir por correo'><span class='avia_hidden_link_text'>Compartir por correo<\/span><\/a><\/li><\/ul><\/div><\/div>\n<div  style='height:50px' class='hr hr-invisible   avia-builder-el-8  el_after_av_social_share  el_before_av_comments_list '><span class='hr-inner ' ><span class='hr-inner-style'><\/span><\/span><\/div>\n<div  class='av-buildercomment  av-blog-meta-html-info-disabled av-blog-meta-tag-disabled  '><\/div>\n","protected":false},"excerpt":{"rendered":"","protected":false},"author":1,"featured_media":5350,"comment_status":"open","ping_status":"open","sticky":false,"template":"","format":"standard","meta":{"footnotes":""},"categories":[35],"tags":[],"class_list":["post-5349","post","type-post","status-publish","format-standard","has-post-thumbnail","hentry","category-politica"],"jetpack_featured_media_url":"https:\/\/radiorevelacionfm.cl\/wp-content\/uploads\/2021\/06\/SENADORA-ORDENES-1-1.jpg","_links":{"self":[{"href":"https:\/\/radiorevelacionfm.cl\/index.php?rest_route=\/wp\/v2\/posts\/5349","targetHints":{"allow":["GET"]}}],"collection":[{"href":"https:\/\/radiorevelacionfm.cl\/index.php?rest_route=\/wp\/v2\/posts"}],"about":[{"href":"https:\/\/radiorevelacionfm.cl\/index.php?rest_route=\/wp\/v2\/types\/post"}],"author":[{"embeddable":true,"href":"https:\/\/radiorevelacionfm.cl\/index.php?rest_route=\/wp\/v2\/users\/1"}],"replies":[{"embeddable":true,"href":"https:\/\/radiorevelacionfm.cl\/index.php?rest_route=%2Fwp%2Fv2%2Fcomments&post=5349"}],"version-history":[{"count":1,"href":"https:\/\/radiorevelacionfm.cl\/index.php?rest_route=\/wp\/v2\/posts\/5349\/revisions"}],"predecessor-version":[{"id":5351,"href":"https:\/\/radiorevelacionfm.cl\/index.php?rest_route=\/wp\/v2\/posts\/5349\/revisions\/5351"}],"wp:featuredmedia":[{"embeddable":true,"href":"https:\/\/radiorevelacionfm.cl\/index.php?rest_route=\/wp\/v2\/media\/5350"}],"wp:attachment":[{"href":"https:\/\/radiorevelacionfm.cl\/index.php?rest_route=%2Fwp%2Fv2%2Fmedia&parent=5349"}],"wp:term":[{"taxonomy":"category","embeddable":true,"href":"https:\/\/radiorevelacionfm.cl\/index.php?rest_route=%2Fwp%2Fv2%2Fcategories&post=5349"},{"taxonomy":"post_tag","embeddable":true,"href":"https:\/\/radiorevelacionfm.cl\/index.php?rest_route=%2Fwp%2Fv2%2Ftags&post=5349"}],"curies":[{"name":"wp","href":"https:\/\/api.w.org\/{rel}","templated":true}]}}