{"id":53489,"date":"2025-05-05T17:34:42","date_gmt":"2025-05-05T20:34:42","guid":{"rendered":"https:\/\/radiorevelacionfm.cl\/?p=53489"},"modified":"2025-05-05T17:34:42","modified_gmt":"2025-05-05T20:34:42","slug":"escuela-de-puerto-chacabuco-cuenta-con-sala-multisensorial-tras-significativo-aporte-de-empresa-aysenina","status":"publish","type":"post","link":"https:\/\/radiorevelacionfm.cl\/?p=53489","title":{"rendered":"Escuela de Puerto Chacabuco cuenta con sala multisensorial tras significativo aporte de empresa aysenina"},"content":{"rendered":"<div class=\"flex_column av_one_full  flex_column_div av-zero-column-padding first  avia-builder-el-0  el_before_av_one_full  avia-builder-el-first  \" style='border-radius:0px; '><div  class='avia-image-container  av-styling-    avia-builder-el-1  avia-builder-el-no-sibling  avia-align-center '  itemprop=\"image\" itemscope=\"itemscope\" itemtype=\"https:\/\/schema.org\/ImageObject\"  ><div class='avia-image-container-inner'><div class='avia-image-overlay-wrap'><img decoding=\"async\" class='wp-image-53490 avia-img-lazy-loading-not-53490 avia_image' src=\"https:\/\/radiorevelacionfm.cl\/wp-content\/uploads\/2025\/05\/20250430_144146301_ios-1_optimized.jpg\" alt='' title='20250430_144146301_ios-(1)_optimized' height=\"600\" width=\"800\"  itemprop=\"thumbnailUrl\" srcset=\"https:\/\/radiorevelacionfm.cl\/wp-content\/uploads\/2025\/05\/20250430_144146301_ios-1_optimized.jpg 800w, https:\/\/radiorevelacionfm.cl\/wp-content\/uploads\/2025\/05\/20250430_144146301_ios-1_optimized-300x225.jpg 300w, https:\/\/radiorevelacionfm.cl\/wp-content\/uploads\/2025\/05\/20250430_144146301_ios-1_optimized-768x576.jpg 768w, https:\/\/radiorevelacionfm.cl\/wp-content\/uploads\/2025\/05\/20250430_144146301_ios-1_optimized-705x529.jpg 705w, https:\/\/radiorevelacionfm.cl\/wp-content\/uploads\/2025\/05\/20250430_144146301_ios-1_optimized-450x338.jpg 450w, https:\/\/radiorevelacionfm.cl\/wp-content\/uploads\/2025\/05\/20250430_144146301_ios-1_optimized-600x450.jpg 600w\" sizes=\"(max-width: 800px) 100vw, 800px\" \/><\/div><\/div><\/div><\/div><div class=\"flex_column av_one_full  flex_column_div av-zero-column-padding first  avia-builder-el-2  el_after_av_one_full  el_before_av_one_full  column-top-margin\" style='border-radius:0px; '><section class=\"av_textblock_section \"  itemscope=\"itemscope\" itemtype=\"https:\/\/schema.org\/BlogPosting\" itemprop=\"blogPost\" ><div class='avia_textblock  '   itemprop=\"text\" ><p style=\"text-align: center;\"><strong><span style=\"font-size: 18pt;\">Escuela de Puerto Chacabuco cuenta con sala multisensorial tras significativo aporte de empresa aysenina<\/span><\/strong><\/p>\n<div id=\"gtx-trans\" style=\"position: absolute; left: -50px; top: 4.31534px;\">\n<div class=\"gtx-trans-icon\"><\/div>\n<\/div>\n<\/div><\/section><\/div><div class=\"flex_column av_one_full  flex_column_div av-zero-column-padding first  avia-builder-el-4  el_after_av_one_full  el_before_av_hr  column-top-margin\" style='border-radius:0px; '><section class=\"av_textblock_section \"  itemscope=\"itemscope\" itemtype=\"https:\/\/schema.org\/BlogPosting\" itemprop=\"blogPost\" ><div class='avia_textblock  '   itemprop=\"text\" ><p style=\"text-align: justify;\">La escuela Almirante Simpson de Puerto Chacabuco tiene una sala multisensorial tras un significativo aporte de Empresas Bahamonde. La destacada empresa aysenina entreg\u00f3 el material a dicho establecimiento para que puedan habilitar la sala.<\/p>\n<p style=\"text-align: justify;\">Este lugar ser\u00e1 de gran ayuda para los ni\u00f1os\/as TEA, ya que brinda espacios accesibles f\u00edsica y cognitivamente. En ella, se disponen de diversos est\u00edmulos para los diferentes sentidos.<\/p>\n<p style=\"text-align: justify;\">La inauguraci\u00f3n se realiz\u00f3 el pasado 30 de abril, contando con la presencia de autoridades y de los estudiantes del recinto educacional. Incluso, hubo quienes deleitaron a los presentes con una presentaci\u00f3n art\u00edstica.<\/p>\n<p style=\"text-align: justify;\">El gerente general de la reconocida empresa, Alejandro Bahamonde, expres\u00f3 que se trat\u00f3 de una \u201cnecesidad que nos plantearon a mediados del a\u00f1o pasado los funcionarios de dicha dependencia\u201d.<\/p>\n<p style=\"text-align: justify;\">Detallando que en el proyecto estuvo involucrado Empresas Bahamonde con \u201caporte de todo el material para habilitar dicha sala\u201d, adem\u00e1s de Badinotti Chile, que implement\u00f3 toda la infraestructura, para que los ni\u00f1os del establecimiento \u201cpuedan tener una mejor atenci\u00f3n y mejorar su calidad de vida\u201d.<\/p>\n<p style=\"text-align: justify;\">Asimismo, explic\u00f3 que de la iniciativa tambi\u00e9n participaron funcionarios de la escuela Litoral Austral, ya que anteriormente como empresa se habilit\u00f3 una sala con las mismas caracter\u00edsticas en dicho recinto. \u201cMuy felices y contentos con estos aportes que estamos haciendo a la comunidad de Puerto Ays\u00e9n\u201d, expres\u00f3.<\/p>\n<p style=\"text-align: justify;\">Por su parte, el director de la Escuela Almirante Simpson, Alejandro Gallardo, destac\u00f3 que para ellos como comunidad educativa es de mucha importancia la iniciativa, ya que \u201cpermite atender a las necesidades y condiciones de los diferentes estudiantes\u201d.<\/p>\n<p style=\"text-align: justify;\">\u201cComo equipo directivo, como funcionarios, padres, apoderados y estudiantes, estamos muy contentos de poder contar con este espacio, que nos permite poder contribuir al desarrollo de los aprendizajes\u201d, sostuvo. Adem\u00e1s, agradeci\u00f3 el aporte que hicieron Empresas Bahamonde y Badinotti Chile.<\/p>\n<\/div><\/section><\/div><div  style='height:50px' class='hr hr-invisible   avia-builder-el-6  el_after_av_one_full  el_before_av_social_share '><span class='hr-inner ' ><span class='hr-inner-style'><\/span><\/span><\/div><\/p>\n<div  class='av-social-sharing-box  avia-builder-el-7  el_after_av_hr  el_before_av_hr  '><div class='av-share-box'><h5 class='av-share-link-description av-no-toc '>Compartir esta noticia<\/h5><ul class='av-share-box-list noLightbox'><li class='av-share-link av-social-link-facebook' ><a target=\"_blank\" aria-label=\"Compartir en Facebook\" href='https:\/\/www.facebook.com\/sharer.php?u=https:\/\/radiorevelacionfm.cl\/?p=53489&#038;t=Escuela%20de%20Puerto%20Chacabuco%20cuenta%20con%20sala%20multisensorial%20tras%20significativo%20aporte%20de%20empresa%20aysenina' aria-hidden='false' data-av_icon='\ue8f3' data-av_iconfont='entypo-fontello' title='' data-avia-related-tooltip='Compartir en Facebook' rel=\"noopener\"><span class='avia_hidden_link_text'>Compartir en Facebook<\/span><\/a><\/li><li class='av-share-link av-social-link-twitter' ><a target=\"_blank\" aria-label=\"Compartir en Twitter\" href='https:\/\/twitter.com\/share?text=Escuela%20de%20Puerto%20Chacabuco%20cuenta%20con%20sala%20multisensorial%20tras%20significativo%20aporte%20de%20empresa%20aysenina&#038;url=https:\/\/radiorevelacionfm.cl\/?p=53489' aria-hidden='false' data-av_icon='\ue8f1' data-av_iconfont='entypo-fontello' title='' data-avia-related-tooltip='Compartir en Twitter' rel=\"noopener\"><span class='avia_hidden_link_text'>Compartir en Twitter<\/span><\/a><\/li><li class='av-share-link av-social-link-whatsapp' ><a target=\"_blank\" aria-label=\"Compartir en Whatsapp\" href='https:\/\/api.whatsapp.com\/send?text=https:\/\/radiorevelacionfm.cl\/?p=53489' aria-hidden='false' data-av_icon='\uf232' data-av_iconfont='entypo-fontello' title='' data-avia-related-tooltip='Compartir en Whatsapp' rel=\"noopener\"><span class='avia_hidden_link_text'>Compartir en Whatsapp<\/span><\/a><\/li><li class='av-share-link av-social-link-linkedin' ><a target=\"_blank\" aria-label=\"Compartir en LinkedIn\" href='https:\/\/linkedin.com\/shareArticle?mini=true&#038;title=Escuela%20de%20Puerto%20Chacabuco%20cuenta%20con%20sala%20multisensorial%20tras%20significativo%20aporte%20de%20empresa%20aysenina&#038;url=https:\/\/radiorevelacionfm.cl\/?p=53489' aria-hidden='false' data-av_icon='\ue8fc' data-av_iconfont='entypo-fontello' title='' data-avia-related-tooltip='Compartir en LinkedIn' rel=\"noopener\"><span class='avia_hidden_link_text'>Compartir en LinkedIn<\/span><\/a><\/li><li class='av-share-link av-social-link-mail' ><a  aria-label=\"Compartir por correo\" href='mailto:?subject=Escuela%20de%20Puerto%20Chacabuco%20cuenta%20con%20sala%20multisensorial%20tras%20significativo%20aporte%20de%20empresa%20aysenina&#038;body=https:\/\/radiorevelacionfm.cl\/?p=53489' aria-hidden='false' data-av_icon='\ue805' data-av_iconfont='entypo-fontello' title='' data-avia-related-tooltip='Compartir por correo'><span class='avia_hidden_link_text'>Compartir por correo<\/span><\/a><\/li><\/ul><\/div><\/div>\n<div  style='height:50px' class='hr hr-invisible   avia-builder-el-8  el_after_av_social_share  el_before_av_comments_list '><span class='hr-inner ' ><span class='hr-inner-style'><\/span><\/span><\/div>\n<div  class='av-buildercomment  av-blog-meta-html-info-disabled av-blog-meta-tag-disabled  '><\/div>\n","protected":false},"excerpt":{"rendered":"","protected":false},"author":1,"featured_media":53490,"comment_status":"closed","ping_status":"closed","sticky":false,"template":"","format":"standard","meta":{"footnotes":""},"categories":[38],"tags":[],"class_list":["post-53489","post","type-post","status-publish","format-standard","has-post-thumbnail","hentry","category-regional"],"jetpack_featured_media_url":"https:\/\/radiorevelacionfm.cl\/wp-content\/uploads\/2025\/05\/20250430_144146301_ios-1_optimized.jpg","_links":{"self":[{"href":"https:\/\/radiorevelacionfm.cl\/index.php?rest_route=\/wp\/v2\/posts\/53489","targetHints":{"allow":["GET"]}}],"collection":[{"href":"https:\/\/radiorevelacionfm.cl\/index.php?rest_route=\/wp\/v2\/posts"}],"about":[{"href":"https:\/\/radiorevelacionfm.cl\/index.php?rest_route=\/wp\/v2\/types\/post"}],"author":[{"embeddable":true,"href":"https:\/\/radiorevelacionfm.cl\/index.php?rest_route=\/wp\/v2\/users\/1"}],"replies":[{"embeddable":true,"href":"https:\/\/radiorevelacionfm.cl\/index.php?rest_route=%2Fwp%2Fv2%2Fcomments&post=53489"}],"version-history":[{"count":2,"href":"https:\/\/radiorevelacionfm.cl\/index.php?rest_route=\/wp\/v2\/posts\/53489\/revisions"}],"predecessor-version":[{"id":53492,"href":"https:\/\/radiorevelacionfm.cl\/index.php?rest_route=\/wp\/v2\/posts\/53489\/revisions\/53492"}],"wp:featuredmedia":[{"embeddable":true,"href":"https:\/\/radiorevelacionfm.cl\/index.php?rest_route=\/wp\/v2\/media\/53490"}],"wp:attachment":[{"href":"https:\/\/radiorevelacionfm.cl\/index.php?rest_route=%2Fwp%2Fv2%2Fmedia&parent=53489"}],"wp:term":[{"taxonomy":"category","embeddable":true,"href":"https:\/\/radiorevelacionfm.cl\/index.php?rest_route=%2Fwp%2Fv2%2Fcategories&post=53489"},{"taxonomy":"post_tag","embeddable":true,"href":"https:\/\/radiorevelacionfm.cl\/index.php?rest_route=%2Fwp%2Fv2%2Ftags&post=53489"}],"curies":[{"name":"wp","href":"https:\/\/api.w.org\/{rel}","templated":true}]}}