{"id":53485,"date":"2025-05-05T17:23:45","date_gmt":"2025-05-05T20:23:45","guid":{"rendered":"https:\/\/radiorevelacionfm.cl\/?p=53485"},"modified":"2025-05-05T17:23:45","modified_gmt":"2025-05-05T20:23:45","slug":"joven-que-representara-a-la-region-en-las-batallas-de-freestyle-redbull-2025-busca-apoyo-de-la-comunidad","status":"publish","type":"post","link":"https:\/\/radiorevelacionfm.cl\/?p=53485","title":{"rendered":"Joven que representar\u00e1 a la regi\u00f3n en las Batallas de Freestyle RedBull 2025 busca apoyo de la comunidad"},"content":{"rendered":"<div class=\"flex_column av_one_full  flex_column_div av-zero-column-padding first  avia-builder-el-0  el_before_av_one_full  avia-builder-el-first  \" style='border-radius:0px; '><div  class='avia-image-container  av-styling-    avia-builder-el-1  avia-builder-el-no-sibling  avia-align-center '  itemprop=\"image\" itemscope=\"itemscope\" itemtype=\"https:\/\/schema.org\/ImageObject\"  ><div class='avia-image-container-inner'><div class='avia-image-overlay-wrap'><img decoding=\"async\" class='wp-image-53486 avia-img-lazy-loading-not-53486 avia_image' src=\"https:\/\/radiorevelacionfm.cl\/wp-content\/uploads\/2025\/05\/FOTO-YERKO-1-1.jpg\" alt='' title='FOTO YERKO (1) (1)' height=\"708\" width=\"802\"  itemprop=\"thumbnailUrl\" srcset=\"https:\/\/radiorevelacionfm.cl\/wp-content\/uploads\/2025\/05\/FOTO-YERKO-1-1.jpg 802w, https:\/\/radiorevelacionfm.cl\/wp-content\/uploads\/2025\/05\/FOTO-YERKO-1-1-300x265.jpg 300w, https:\/\/radiorevelacionfm.cl\/wp-content\/uploads\/2025\/05\/FOTO-YERKO-1-1-768x678.jpg 768w, https:\/\/radiorevelacionfm.cl\/wp-content\/uploads\/2025\/05\/FOTO-YERKO-1-1-705x622.jpg 705w, https:\/\/radiorevelacionfm.cl\/wp-content\/uploads\/2025\/05\/FOTO-YERKO-1-1-450x397.jpg 450w, https:\/\/radiorevelacionfm.cl\/wp-content\/uploads\/2025\/05\/FOTO-YERKO-1-1-600x530.jpg 600w\" sizes=\"(max-width: 802px) 100vw, 802px\" \/><\/div><\/div><\/div><\/div><div class=\"flex_column av_one_full  flex_column_div av-zero-column-padding first  avia-builder-el-2  el_after_av_one_full  el_before_av_one_full  column-top-margin\" style='border-radius:0px; '><section class=\"av_textblock_section \"  itemscope=\"itemscope\" itemtype=\"https:\/\/schema.org\/BlogPosting\" itemprop=\"blogPost\" ><div class='avia_textblock  '   itemprop=\"text\" ><p style=\"text-align: center;\"><strong><span style=\"font-size: 18pt;\">Joven que representar\u00e1 a la regi\u00f3n en las Batallas de Freestyle RedBull 2025 busca apoyo de la comunidad<\/span><\/strong><\/p>\n<div id=\"gtx-trans\" style=\"position: absolute; left: -50px; top: 4.31534px;\">\n<div class=\"gtx-trans-icon\"><\/div>\n<\/div>\n<\/div><\/section><\/div><div class=\"flex_column av_one_full  flex_column_div av-zero-column-padding first  avia-builder-el-4  el_after_av_one_full  el_before_av_hr  column-top-margin\" style='border-radius:0px; '><section class=\"av_textblock_section \"  itemscope=\"itemscope\" itemtype=\"https:\/\/schema.org\/BlogPosting\" itemprop=\"blogPost\" ><div class='avia_textblock  '   itemprop=\"text\" ><p style=\"text-align: justify;\">Luego de arduos ensayos y el env\u00edo de un video de prueba \u00a0a la convocatoria de la Regional Zona Sur de RedBull, Batalla Temuco 2025, Yerko Noreck Foitzick \u00a0logr\u00f3 su objetivo, ser uno de los clasificados para participar y representar a la regi\u00f3n de Ays\u00e9n en esta importante competencia de freestyle.<\/p>\n<p style=\"text-align: justify;\">Santiago, Iquique y Temuco son las ciudades donde se realizar\u00e1n las tres regionales durante este a\u00f1o. De estos encuentros se seleccionar\u00e1n a las y los representantes que participar\u00e1n sobre el escenario m\u00e1s grande del freestyle chileno, la Final Nacional de Chile, para finalmente representarnos en la gran Final Internacional 2026, donde nuestro pa\u00eds ser\u00e1 el anfitri\u00f3n.<\/p>\n<p style=\"text-align: justify;\">La competencia a la que viajar\u00e1 Yerko se realizar\u00e1 este s\u00e1bado 10 de mayo en la ciudad de Temuco y busca reunir a las y los mejores exponentes de esta disciplina.<\/p>\n<p style=\"text-align: justify;\"><strong>Comienzos de Yerko en el freestyle<\/strong><\/p>\n<p style=\"text-align: justify;\">\u201cPart\u00ed rimando cuando comenc\u00e9 a escribir poes\u00eda, como a los ocho a\u00f1os, si bien no soy un \u00e1vido lector de poes\u00eda, s\u00ed me gustaba much\u00edsimo escribir, me marc\u00f3 harto Epitafio de Nicanor Parra, que fue de lo primero que le\u00ed. Tras eso conoc\u00ed el Rap por amigos, nos junt\u00e1bamos a escuchar m\u00fasica en la sala del curso paralelo al m\u00edo, cuando ten\u00eda 10 a\u00f1os, escuch\u00e1bamos principalmente Rap Chileno, Movimiento Original o lo que ya era cl\u00e1sico como Makiza o Panteras Negras, pero siempre me incline por letras m\u00e1s discursivas y complejas, como las de Cevlade o Mantoi, desde esa entrada fui ahondando m\u00e1s all\u00e1 y llegue a la base del Rap y HipHop, descubriendo a Krz-One, Run DMC, Tupac y los espa\u00f1oles como Kase.O o Nach\u201d, cont\u00f3 Yerko Noreck Foitzick.<\/p>\n<p style=\"text-align: justify;\">En la misma l\u00ednea, \u00a0Yerko explic\u00f3 que \u201cel freestyle fue una consecuencia m\u00e1s que un inter\u00e9s propiamente tal, costaba much\u00edsimo enfrentar el miedo a que otros me escuchen, muy pocos sab\u00edan que improvisaba y fue por ah\u00ed por el 2009 a 2011, cuando ten\u00eda \u00a013 o 14 a\u00f1os, \u00a0que ya comenc\u00e9 a freestalear much\u00edsimo m\u00e1s \u00a0con amigos, espec\u00edficamente en la esquina de la residencia familiar donde viv\u00eda en Coyhaique. El ambiente competitivo no me parec\u00eda muy atractivo, \u00a0hasta por el 2014, \u00a0cuando comenzaron a haber exponentes que se estaban esforzando mucho m\u00e1s en progresar en esta disciplina y dando a conocer este tipo de arte, por consecuencia de que la visualizaci\u00f3n est\u00e1 casi supeditada a la competencia y me interiorice mucho m\u00e1s cuando en el a\u00f1o 2015 comenc\u00e9 a asistir como espectador a Batallas de Rap en Concepci\u00f3n, lugar donde hab\u00eda decidido ir a estudiar\u201d.<\/p>\n<p style=\"text-align: justify;\"><strong>En busca de apoyo regional <\/strong><\/p>\n<p style=\"text-align: justify;\">\u201cDe la comunidad regional espero el apoyo en energ\u00eda y dando esa fuerza que se requiere para poder vencer en esta competencia, ya que esa expectativa y esa buena vibra es lo que lleva a cualquier competidor a la victoria.\u00a0Aunque antes de eso, tengo una misi\u00f3n m\u00e1s importante, \u00a0que es llegar a presentarme a dicha competencia, debido a que no tengo los medios econ\u00f3micos para comprar los pasajes, \u00a0con un aviso tan corto de mi clasificaci\u00f3n,\u00a0 y que la organizaci\u00f3n no costea ni pasajes ni estad\u00eda, me gustar\u00eda que todas y todos \u00a0me lleven a dicho lugar para representarlos. Ojal\u00e1 pueda contar con personas que quieran y me puedan aportar, si bien no solicito que me puedan ayudar econ\u00f3micamente en todo \u00a0para llegar all\u00e1, si ser\u00eda de gran ayuda que alguien me cooperara en este momento, ya que \u00a0todo aporte econ\u00f3mico me sirve\u201d, puntualiz\u00f3 Yerko Noreck Foitzick.<\/p>\n<p style=\"text-align: justify;\">Las y los interesados en apoyar y conocer a Yerko Noreck Foitzick,\u00a0 pueden comunicarse directamente a trav\u00e9s de sus redes sociales, Facebook, Yerko Noreck Foitzick Jaramillo, Instagram @yerko_noreck.<\/p>\n<\/div><\/section><\/div><div  style='height:50px' class='hr hr-invisible   avia-builder-el-6  el_after_av_one_full  el_before_av_social_share '><span class='hr-inner ' ><span class='hr-inner-style'><\/span><\/span><\/div><\/p>\n<div  class='av-social-sharing-box  avia-builder-el-7  el_after_av_hr  el_before_av_hr  '><div class='av-share-box'><h5 class='av-share-link-description av-no-toc '>Compartir esta noticia<\/h5><ul class='av-share-box-list noLightbox'><li class='av-share-link av-social-link-facebook' ><a target=\"_blank\" aria-label=\"Compartir en Facebook\" href='https:\/\/www.facebook.com\/sharer.php?u=https:\/\/radiorevelacionfm.cl\/?p=53485&#038;t=Joven%20que%20representar%C3%A1%20a%20la%20regi%C3%B3n%20en%20las%20Batallas%20de%20Freestyle%20RedBull%202025%20busca%20apoyo%20de%20la%20comunidad' aria-hidden='false' data-av_icon='\ue8f3' data-av_iconfont='entypo-fontello' title='' data-avia-related-tooltip='Compartir en Facebook' rel=\"noopener\"><span class='avia_hidden_link_text'>Compartir en Facebook<\/span><\/a><\/li><li class='av-share-link av-social-link-twitter' ><a target=\"_blank\" aria-label=\"Compartir en Twitter\" href='https:\/\/twitter.com\/share?text=Joven%20que%20representar%C3%A1%20a%20la%20regi%C3%B3n%20en%20las%20Batallas%20de%20Freestyle%20RedBull%202025%20busca%20apoyo%20de%20la%20comunidad&#038;url=https:\/\/radiorevelacionfm.cl\/?p=53485' aria-hidden='false' data-av_icon='\ue8f1' data-av_iconfont='entypo-fontello' title='' data-avia-related-tooltip='Compartir en Twitter' rel=\"noopener\"><span class='avia_hidden_link_text'>Compartir en Twitter<\/span><\/a><\/li><li class='av-share-link av-social-link-whatsapp' ><a target=\"_blank\" aria-label=\"Compartir en Whatsapp\" href='https:\/\/api.whatsapp.com\/send?text=https:\/\/radiorevelacionfm.cl\/?p=53485' aria-hidden='false' data-av_icon='\uf232' data-av_iconfont='entypo-fontello' title='' data-avia-related-tooltip='Compartir en Whatsapp' rel=\"noopener\"><span class='avia_hidden_link_text'>Compartir en Whatsapp<\/span><\/a><\/li><li class='av-share-link av-social-link-linkedin' ><a target=\"_blank\" aria-label=\"Compartir en LinkedIn\" href='https:\/\/linkedin.com\/shareArticle?mini=true&#038;title=Joven%20que%20representar%C3%A1%20a%20la%20regi%C3%B3n%20en%20las%20Batallas%20de%20Freestyle%20RedBull%202025%20busca%20apoyo%20de%20la%20comunidad&#038;url=https:\/\/radiorevelacionfm.cl\/?p=53485' aria-hidden='false' data-av_icon='\ue8fc' data-av_iconfont='entypo-fontello' title='' data-avia-related-tooltip='Compartir en LinkedIn' rel=\"noopener\"><span class='avia_hidden_link_text'>Compartir en LinkedIn<\/span><\/a><\/li><li class='av-share-link av-social-link-mail' ><a  aria-label=\"Compartir por correo\" href='mailto:?subject=Joven%20que%20representar%C3%A1%20a%20la%20regi%C3%B3n%20en%20las%20Batallas%20de%20Freestyle%20RedBull%202025%20busca%20apoyo%20de%20la%20comunidad&#038;body=https:\/\/radiorevelacionfm.cl\/?p=53485' aria-hidden='false' data-av_icon='\ue805' data-av_iconfont='entypo-fontello' title='' data-avia-related-tooltip='Compartir por correo'><span class='avia_hidden_link_text'>Compartir por correo<\/span><\/a><\/li><\/ul><\/div><\/div>\n<div  style='height:50px' class='hr hr-invisible   avia-builder-el-8  el_after_av_social_share  el_before_av_comments_list '><span class='hr-inner ' ><span class='hr-inner-style'><\/span><\/span><\/div>\n<div  class='av-buildercomment  av-blog-meta-html-info-disabled av-blog-meta-tag-disabled  '><\/div>\n","protected":false},"excerpt":{"rendered":"","protected":false},"author":1,"featured_media":53486,"comment_status":"closed","ping_status":"closed","sticky":false,"template":"","format":"standard","meta":{"footnotes":""},"categories":[38],"tags":[],"class_list":["post-53485","post","type-post","status-publish","format-standard","has-post-thumbnail","hentry","category-regional"],"jetpack_featured_media_url":"https:\/\/radiorevelacionfm.cl\/wp-content\/uploads\/2025\/05\/FOTO-YERKO-1-1.jpg","_links":{"self":[{"href":"https:\/\/radiorevelacionfm.cl\/index.php?rest_route=\/wp\/v2\/posts\/53485","targetHints":{"allow":["GET"]}}],"collection":[{"href":"https:\/\/radiorevelacionfm.cl\/index.php?rest_route=\/wp\/v2\/posts"}],"about":[{"href":"https:\/\/radiorevelacionfm.cl\/index.php?rest_route=\/wp\/v2\/types\/post"}],"author":[{"embeddable":true,"href":"https:\/\/radiorevelacionfm.cl\/index.php?rest_route=\/wp\/v2\/users\/1"}],"replies":[{"embeddable":true,"href":"https:\/\/radiorevelacionfm.cl\/index.php?rest_route=%2Fwp%2Fv2%2Fcomments&post=53485"}],"version-history":[{"count":2,"href":"https:\/\/radiorevelacionfm.cl\/index.php?rest_route=\/wp\/v2\/posts\/53485\/revisions"}],"predecessor-version":[{"id":53488,"href":"https:\/\/radiorevelacionfm.cl\/index.php?rest_route=\/wp\/v2\/posts\/53485\/revisions\/53488"}],"wp:featuredmedia":[{"embeddable":true,"href":"https:\/\/radiorevelacionfm.cl\/index.php?rest_route=\/wp\/v2\/media\/53486"}],"wp:attachment":[{"href":"https:\/\/radiorevelacionfm.cl\/index.php?rest_route=%2Fwp%2Fv2%2Fmedia&parent=53485"}],"wp:term":[{"taxonomy":"category","embeddable":true,"href":"https:\/\/radiorevelacionfm.cl\/index.php?rest_route=%2Fwp%2Fv2%2Fcategories&post=53485"},{"taxonomy":"post_tag","embeddable":true,"href":"https:\/\/radiorevelacionfm.cl\/index.php?rest_route=%2Fwp%2Fv2%2Ftags&post=53485"}],"curies":[{"name":"wp","href":"https:\/\/api.w.org\/{rel}","templated":true}]}}