{"id":53475,"date":"2025-05-05T15:19:24","date_gmt":"2025-05-05T18:19:24","guid":{"rendered":"https:\/\/radiorevelacionfm.cl\/?p=53475"},"modified":"2025-05-05T15:19:24","modified_gmt":"2025-05-05T18:19:24","slug":"abierta-la-convocatoria-para-el-programa-yo-compro-local-2025","status":"publish","type":"post","link":"https:\/\/radiorevelacionfm.cl\/?p=53475","title":{"rendered":"Abierta la convocatoria para el Programa \u201cYo Compro Local 2025\u201d"},"content":{"rendered":"<div class=\"flex_column av_one_full  flex_column_div av-zero-column-padding first  avia-builder-el-0  el_before_av_one_full  avia-builder-el-first  \" style='border-radius:0px; '><div  class='avia-image-container  av-styling-    avia-builder-el-1  avia-builder-el-no-sibling  avia-align-center '  itemprop=\"image\" itemscope=\"itemscope\" itemtype=\"https:\/\/schema.org\/ImageObject\"  ><div class='avia-image-container-inner'><div class='avia-image-overlay-wrap'><img decoding=\"async\" class='wp-image-53476 avia-img-lazy-loading-not-53476 avia_image' src=\"https:\/\/radiorevelacionfm.cl\/wp-content\/uploads\/2025\/05\/ycl-2025-1-1_optimized.jpg\" alt='' title='ycl-2025-(1)-(1)_optimized' height=\"600\" width=\"1070\"  itemprop=\"thumbnailUrl\" srcset=\"https:\/\/radiorevelacionfm.cl\/wp-content\/uploads\/2025\/05\/ycl-2025-1-1_optimized.jpg 1070w, https:\/\/radiorevelacionfm.cl\/wp-content\/uploads\/2025\/05\/ycl-2025-1-1_optimized-300x168.jpg 300w, https:\/\/radiorevelacionfm.cl\/wp-content\/uploads\/2025\/05\/ycl-2025-1-1_optimized-1030x578.jpg 1030w, https:\/\/radiorevelacionfm.cl\/wp-content\/uploads\/2025\/05\/ycl-2025-1-1_optimized-768x431.jpg 768w, https:\/\/radiorevelacionfm.cl\/wp-content\/uploads\/2025\/05\/ycl-2025-1-1_optimized-705x395.jpg 705w, https:\/\/radiorevelacionfm.cl\/wp-content\/uploads\/2025\/05\/ycl-2025-1-1_optimized-450x252.jpg 450w, https:\/\/radiorevelacionfm.cl\/wp-content\/uploads\/2025\/05\/ycl-2025-1-1_optimized-600x336.jpg 600w\" sizes=\"(max-width: 1070px) 100vw, 1070px\" \/><\/div><\/div><\/div><\/div><div class=\"flex_column av_one_full  flex_column_div av-zero-column-padding first  avia-builder-el-2  el_after_av_one_full  el_before_av_one_full  column-top-margin\" style='border-radius:0px; '><section class=\"av_textblock_section \"  itemscope=\"itemscope\" itemtype=\"https:\/\/schema.org\/BlogPosting\" itemprop=\"blogPost\" ><div class='avia_textblock  '   itemprop=\"text\" ><p style=\"text-align: center;\"><strong><span style=\"font-size: 18pt;\">Abierta la convocatoria para el Programa \u201cYo Compro Local 2025\u201d<\/span><\/strong><\/p>\n<div id=\"gtx-trans\" style=\"position: absolute; left: -50px; top: 4.31534px;\">\n<div class=\"gtx-trans-icon\"><\/div>\n<\/div>\n<\/div><\/section><\/div><div class=\"flex_column av_one_full  flex_column_div av-zero-column-padding first  avia-builder-el-4  el_after_av_one_full  el_before_av_hr  column-top-margin\" style='border-radius:0px; '><section class=\"av_textblock_section \"  itemscope=\"itemscope\" itemtype=\"https:\/\/schema.org\/BlogPosting\" itemprop=\"blogPost\" ><div class='avia_textblock  '   itemprop=\"text\" ><p style=\"text-align: justify;\"><em>Yo Compro Local es una iniciativa liderada por los Centros de Negocios SERCOTEC de Puerto Ays\u00e9n y Coyhaique que busca potenciar la comercializaci\u00f3n y visibilidad de productos locales con identidad patag\u00f3nica, mediante formaci\u00f3n especializada, asesor\u00edas t\u00e9cnicas y ruedas de negocios que conecten a emprendedores y emprendedoras con potenciales compradores del territorio. Este programa fomenta el consumo local, la econom\u00eda circular, el comercio justo y el encadenamiento productivo regional, integrando capacitaciones t\u00e9cnicas, herramientas digitales y redes colaborativas para micro y peque\u00f1as empresas.<\/em><\/p>\n<p style=\"text-align: justify;\">Recientemente se realiz\u00f3 el lanzamiento de la convocatoria Yo Compro Local 2025, programa de Sercotec, operado por los Centros de Negocio de Coyhaique y Puerto Ays\u00e9n. Para esta segunda convocatoria se busca a 16 nuevas pymes, para sumarse a las 14 pertenecientes al proceso 2024, las que recibir\u00e1n un completo plan de formaci\u00f3n, con m\u00f3dulos online, acceso a diverso material para robustecer su oferta, asesor\u00edas especializadas en dise\u00f1o, sustentabilidad y estrategia comercial, m\u00e1s la participaci\u00f3n en una rueda de negocios con showroom, para presentar productos a empresas compradoras.<\/p>\n<p style=\"text-align: justify;\">La Directora Regional de Sercotec Ays\u00e9n Nelly Vargas relev\u00f3 la importancia de programas como Yo Compro Local: <em>\u201cDesde el Servicio de Cooperaci\u00f3n T\u00e9cnica, donde nos dedicamos a apoyar a la micro y peque\u00f1a empresa, estamos muy comprometidos en poder seguir trabajando en iniciativas que fortalezcan a nuestras empresas y clientes de los Centros de Negocios para hacer m\u00e1s f\u00e1cil el acceso a nuevos mercados. Y es as\u00ed como el Programa Yo Compro Local, busca ser un nexo entre la mediana empresa y nuestros micro empresarios, para en conjunto encontrar nuevos puntos de venta de comercializaci\u00f3n y visibilidad de sus productos\u201d.<\/em><\/p>\n<p style=\"text-align: justify;\">Durante el 2024, Yo Compro Local, trabaj\u00f3 con 14 pymes regionales, las que recibieron una completa asesor\u00eda y robustecimiento de sus competencias, para lograr convertirse en proveedoras de empresas locales, tales como Supermercado Hiper Patag\u00f3nico y Tienda Gran Calafate, quienes se convirtieron en puntos de venta \u201cYo Compro Local\u201d, ampliando el mercado para pymes de nuestra regi\u00f3n.<\/p>\n<p style=\"text-align: justify;\">Uno de los beneficiarios 2024 fue Paulo Mu\u00f1oz, fundador de Amanut, quien destac\u00f3 la importancia de crear v\u00ednculos comerciales de este tipo:<em> \u201cSe agradece la instancia porque genera conexiones s\u00faper importantes dentro de la regi\u00f3n, tanto para los emprendedores y emprendedoras para posicionarse en locales grandes y de este modo, seguir generando aumento en la actividad econ\u00f3mica. Estoy sumamente agradecido por esta instancia, para seguir creciendo y generando m\u00e1s v\u00ednculos con emprendedores y locales de nuestra Regi\u00f3n de Ays\u00e9n\u201d.<\/em><\/p>\n<p style=\"text-align: justify;\">Por su parte el Seremi de Econom\u00eda, Fomento y Turismo de la Regi\u00f3n de Ays\u00e9n Felipe Rojas, subray\u00f3 la relevancia de este tipo de acciones que dinamizan las econom\u00edas locales y familiares: <em>\u201cEs muy emocionante ver este tipo de acciones asociativas que generan frutos tangibles para las diversas econom\u00edas, generando un v\u00ednculo entre las grandes empresas locales, con emprendedores y emprendedoras que partieron con un sue\u00f1o y hoy materializan lograr posicionar sus productos en las g\u00f3ndolas, vitrinas y\u00a0 grandes salas de ventas\u201d.<\/em><\/p>\n<p style=\"text-align: justify;\">Finalmente Iv\u00e1n Cabezas, Jefe del Centro de Negocios de Coyhaique, realiz\u00f3 una invitaci\u00f3n a participar de este proceso 2025: \u201cInvitamos a los productores locales y clientes del Centro de Negocios tanto de Ays\u00e9n, como de Coyhaique, para que participen de Yo Compro Local 2025. Vamos a buscar 16 nuevos productores locales que posean identidad territorial e innovaci\u00f3n, para que se sumen a los 14 ya existentes y as\u00ed tener una masa cr\u00edtica de 30 emprendedores y emprendedoras, para hacer m\u00e1s atractiva la oferta para los grandes comercios y tambi\u00e9n para locales medianos y peque\u00f1os que existen a lo largo de nuestra regi\u00f3n, donde pretendemos llegar con estos productos\u201d.<\/p>\n<p style=\"text-align: justify;\">La convocatoria 2025 ya est\u00e1 abierta y las postulaciones se realizan en <a href=\"https:\/\/linktr.ee\/cdncoyhaique\">https:\/\/linktr.ee\/cdncoyhaique<\/a><\/p>\n<\/div><\/section><\/div><div  style='height:50px' class='hr hr-invisible   avia-builder-el-6  el_after_av_one_full  el_before_av_social_share '><span class='hr-inner ' ><span class='hr-inner-style'><\/span><\/span><\/div><\/p>\n<div  class='av-social-sharing-box  avia-builder-el-7  el_after_av_hr  el_before_av_hr  '><div class='av-share-box'><h5 class='av-share-link-description av-no-toc '>Compartir esta noticia<\/h5><ul class='av-share-box-list noLightbox'><li class='av-share-link av-social-link-facebook' ><a target=\"_blank\" aria-label=\"Compartir en Facebook\" href='https:\/\/www.facebook.com\/sharer.php?u=https:\/\/radiorevelacionfm.cl\/?p=53475&#038;t=Abierta%20la%20convocatoria%20para%20el%20Programa%20%E2%80%9CYo%20Compro%20Local%202025%E2%80%9D' aria-hidden='false' data-av_icon='\ue8f3' data-av_iconfont='entypo-fontello' title='' data-avia-related-tooltip='Compartir en Facebook' rel=\"noopener\"><span class='avia_hidden_link_text'>Compartir en Facebook<\/span><\/a><\/li><li class='av-share-link av-social-link-twitter' ><a target=\"_blank\" aria-label=\"Compartir en Twitter\" href='https:\/\/twitter.com\/share?text=Abierta%20la%20convocatoria%20para%20el%20Programa%20%E2%80%9CYo%20Compro%20Local%202025%E2%80%9D&#038;url=https:\/\/radiorevelacionfm.cl\/?p=53475' aria-hidden='false' data-av_icon='\ue8f1' data-av_iconfont='entypo-fontello' title='' data-avia-related-tooltip='Compartir en Twitter' rel=\"noopener\"><span class='avia_hidden_link_text'>Compartir en Twitter<\/span><\/a><\/li><li class='av-share-link av-social-link-whatsapp' ><a target=\"_blank\" aria-label=\"Compartir en Whatsapp\" href='https:\/\/api.whatsapp.com\/send?text=https:\/\/radiorevelacionfm.cl\/?p=53475' aria-hidden='false' data-av_icon='\uf232' data-av_iconfont='entypo-fontello' title='' data-avia-related-tooltip='Compartir en Whatsapp' rel=\"noopener\"><span class='avia_hidden_link_text'>Compartir en Whatsapp<\/span><\/a><\/li><li class='av-share-link av-social-link-linkedin' ><a target=\"_blank\" aria-label=\"Compartir en LinkedIn\" href='https:\/\/linkedin.com\/shareArticle?mini=true&#038;title=Abierta%20la%20convocatoria%20para%20el%20Programa%20%E2%80%9CYo%20Compro%20Local%202025%E2%80%9D&#038;url=https:\/\/radiorevelacionfm.cl\/?p=53475' aria-hidden='false' data-av_icon='\ue8fc' data-av_iconfont='entypo-fontello' title='' data-avia-related-tooltip='Compartir en LinkedIn' rel=\"noopener\"><span class='avia_hidden_link_text'>Compartir en LinkedIn<\/span><\/a><\/li><li class='av-share-link av-social-link-mail' ><a  aria-label=\"Compartir por correo\" href='mailto:?subject=Abierta%20la%20convocatoria%20para%20el%20Programa%20%E2%80%9CYo%20Compro%20Local%202025%E2%80%9D&#038;body=https:\/\/radiorevelacionfm.cl\/?p=53475' aria-hidden='false' data-av_icon='\ue805' data-av_iconfont='entypo-fontello' title='' data-avia-related-tooltip='Compartir por correo'><span class='avia_hidden_link_text'>Compartir por correo<\/span><\/a><\/li><\/ul><\/div><\/div>\n<div  style='height:50px' class='hr hr-invisible   avia-builder-el-8  el_after_av_social_share  el_before_av_comments_list '><span class='hr-inner ' ><span class='hr-inner-style'><\/span><\/span><\/div>\n<div  class='av-buildercomment  av-blog-meta-html-info-disabled av-blog-meta-tag-disabled  '><\/div>\n","protected":false},"excerpt":{"rendered":"","protected":false},"author":1,"featured_media":53476,"comment_status":"closed","ping_status":"closed","sticky":false,"template":"","format":"standard","meta":{"footnotes":""},"categories":[38],"tags":[],"class_list":["post-53475","post","type-post","status-publish","format-standard","has-post-thumbnail","hentry","category-regional"],"jetpack_featured_media_url":"https:\/\/radiorevelacionfm.cl\/wp-content\/uploads\/2025\/05\/ycl-2025-1-1_optimized.jpg","_links":{"self":[{"href":"https:\/\/radiorevelacionfm.cl\/index.php?rest_route=\/wp\/v2\/posts\/53475","targetHints":{"allow":["GET"]}}],"collection":[{"href":"https:\/\/radiorevelacionfm.cl\/index.php?rest_route=\/wp\/v2\/posts"}],"about":[{"href":"https:\/\/radiorevelacionfm.cl\/index.php?rest_route=\/wp\/v2\/types\/post"}],"author":[{"embeddable":true,"href":"https:\/\/radiorevelacionfm.cl\/index.php?rest_route=\/wp\/v2\/users\/1"}],"replies":[{"embeddable":true,"href":"https:\/\/radiorevelacionfm.cl\/index.php?rest_route=%2Fwp%2Fv2%2Fcomments&post=53475"}],"version-history":[{"count":2,"href":"https:\/\/radiorevelacionfm.cl\/index.php?rest_route=\/wp\/v2\/posts\/53475\/revisions"}],"predecessor-version":[{"id":53479,"href":"https:\/\/radiorevelacionfm.cl\/index.php?rest_route=\/wp\/v2\/posts\/53475\/revisions\/53479"}],"wp:featuredmedia":[{"embeddable":true,"href":"https:\/\/radiorevelacionfm.cl\/index.php?rest_route=\/wp\/v2\/media\/53476"}],"wp:attachment":[{"href":"https:\/\/radiorevelacionfm.cl\/index.php?rest_route=%2Fwp%2Fv2%2Fmedia&parent=53475"}],"wp:term":[{"taxonomy":"category","embeddable":true,"href":"https:\/\/radiorevelacionfm.cl\/index.php?rest_route=%2Fwp%2Fv2%2Fcategories&post=53475"},{"taxonomy":"post_tag","embeddable":true,"href":"https:\/\/radiorevelacionfm.cl\/index.php?rest_route=%2Fwp%2Fv2%2Ftags&post=53475"}],"curies":[{"name":"wp","href":"https:\/\/api.w.org\/{rel}","templated":true}]}}