{"id":53471,"date":"2025-05-05T15:00:16","date_gmt":"2025-05-05T18:00:16","guid":{"rendered":"https:\/\/radiorevelacionfm.cl\/?p=53471"},"modified":"2025-05-05T15:00:16","modified_gmt":"2025-05-05T18:00:16","slug":"compromiso-climatico-cochrane-desarrolla-su-plan-de-accion-comunal-de-cambio-climatico","status":"publish","type":"post","link":"https:\/\/radiorevelacionfm.cl\/?p=53471","title":{"rendered":"Compromiso Clim\u00e1tico: Cochrane desarrolla su plan de acci\u00f3n comunal de cambio clim\u00e1tico"},"content":{"rendered":"<div class=\"flex_column av_one_full  flex_column_div av-zero-column-padding first  avia-builder-el-0  el_before_av_one_full  avia-builder-el-first  \" style='border-radius:0px; '><div  class='avia-image-container  av-styling-    avia-builder-el-1  avia-builder-el-no-sibling  avia-align-center '  itemprop=\"image\" itemscope=\"itemscope\" itemtype=\"https:\/\/schema.org\/ImageObject\"  ><div class='avia-image-container-inner'><div class='avia-image-overlay-wrap'><img decoding=\"async\" class='wp-image-53472 avia-img-lazy-loading-not-53472 avia_image' src=\"https:\/\/radiorevelacionfm.cl\/wp-content\/uploads\/2025\/05\/PLAN-DE-ACCION-CAMBIO-CLIMATICO-COCHRANE-2-1-1.jpg\" alt='' title='PLAN DE ACCION CAMBIO CLIMATICO COCHRANE (2) (1) (1)' height=\"600\" width=\"900\"  itemprop=\"thumbnailUrl\" srcset=\"https:\/\/radiorevelacionfm.cl\/wp-content\/uploads\/2025\/05\/PLAN-DE-ACCION-CAMBIO-CLIMATICO-COCHRANE-2-1-1.jpg 900w, https:\/\/radiorevelacionfm.cl\/wp-content\/uploads\/2025\/05\/PLAN-DE-ACCION-CAMBIO-CLIMATICO-COCHRANE-2-1-1-300x200.jpg 300w, https:\/\/radiorevelacionfm.cl\/wp-content\/uploads\/2025\/05\/PLAN-DE-ACCION-CAMBIO-CLIMATICO-COCHRANE-2-1-1-768x512.jpg 768w, https:\/\/radiorevelacionfm.cl\/wp-content\/uploads\/2025\/05\/PLAN-DE-ACCION-CAMBIO-CLIMATICO-COCHRANE-2-1-1-705x470.jpg 705w, https:\/\/radiorevelacionfm.cl\/wp-content\/uploads\/2025\/05\/PLAN-DE-ACCION-CAMBIO-CLIMATICO-COCHRANE-2-1-1-450x300.jpg 450w, https:\/\/radiorevelacionfm.cl\/wp-content\/uploads\/2025\/05\/PLAN-DE-ACCION-CAMBIO-CLIMATICO-COCHRANE-2-1-1-600x400.jpg 600w\" sizes=\"(max-width: 900px) 100vw, 900px\" \/><\/div><\/div><\/div><\/div><div class=\"flex_column av_one_full  flex_column_div av-zero-column-padding first  avia-builder-el-2  el_after_av_one_full  el_before_av_one_full  column-top-margin\" style='border-radius:0px; '><section class=\"av_textblock_section \"  itemscope=\"itemscope\" itemtype=\"https:\/\/schema.org\/BlogPosting\" itemprop=\"blogPost\" ><div class='avia_textblock  '   itemprop=\"text\" ><p style=\"text-align: center;\"><strong><span style=\"font-size: 18pt;\">Compromiso Clim\u00e1tico: Cochrane desarrolla su plan de acci\u00f3n comunal de cambio clim\u00e1tico <\/span><\/strong><\/p>\n<div id=\"gtx-trans\" style=\"position: absolute; left: -50px; top: 4.31534px;\">\n<div class=\"gtx-trans-icon\"><\/div>\n<\/div>\n<\/div><\/section><\/div><div class=\"flex_column av_one_full  flex_column_div av-zero-column-padding first  avia-builder-el-4  el_after_av_one_full  el_before_av_hr  column-top-margin\" style='border-radius:0px; '><section class=\"av_textblock_section \"  itemscope=\"itemscope\" itemtype=\"https:\/\/schema.org\/BlogPosting\" itemprop=\"blogPost\" ><div class='avia_textblock  '   itemprop=\"text\" ><p style=\"text-align: justify;\">Con el objetivo de proyectar una comuna m\u00e1s resiliente y preparada frente a los efectos del cambio clim\u00e1tico, la Ilustre Municipalidad de Cochrane, a trav\u00e9s de su Oficina de Medio Ambiente, se encuentra elaborando su Plan de Acci\u00f3n Comunal de Cambio Clim\u00e1tico (PACC), instrumento clave que orientar\u00e1 la planificaci\u00f3n territorial y la toma de decisiones locales en materia de adaptaci\u00f3n y mitigaci\u00f3n.<\/p>\n<p style=\"text-align: justify;\">Este proceso, que se desarrolla en alianza con la consultora Ingenier\u00eda Sustentable SpA, tiene una duraci\u00f3n estimada de 150 d\u00edas corridos, finalizando a fines del mes de mayo, e incluy\u00f3 una amplia participaci\u00f3n ciudadana para recoger percepciones, preocupaciones y propuestas concretas desde el territorio.<\/p>\n<p style=\"text-align: justify;\">\u201cEl cambio clim\u00e1tico es una realidad que ya est\u00e1 afectando nuestras formas de vida y nuestros ecosistemas. En una comuna como la nuestra, rica en recursos naturales, con uno de los r\u00edos m\u00e1s emblem\u00e1ticos del pa\u00eds como lo es el caso del \u00a0R\u00edo Baker,\u00a0 glaciares, bosques y biodiversidad, las aguas cristalinas del Lago Cochrane y es por eso que no podemos quedarnos de brazos cruzados. Este plan nos permitir\u00e1 proyectar acciones responsables para resguardar lo que somos y proyectarnos hacia un desarrollo sustentable\u201d, se\u00f1al\u00f3 el alcalde Patricio Ulloa Georgia.<\/p>\n<p style=\"text-align: justify;\">Desde la consultora a cargo del proceso, el coordinador del proyecto PACC, Vicente Urrutia Acu\u00f1a, destac\u00f3 el compromiso municipal y el valor estrat\u00e9gico del territorio:<\/p>\n<p style=\"text-align: justify;\">\u201cComo Ingenier\u00eda Sustentable, valoramos profundamente el compromiso de la Municipalidad de Cochrane en la elaboraci\u00f3n de su Plan de Acci\u00f3n Comunal de Cambio Clim\u00e1tico. Cochrane tiene un rol estrat\u00e9gico en la regi\u00f3n, no solo por su ubicaci\u00f3n como acceso a la Provincia de los Glaciares, sino tambi\u00e9n por su riqueza natural, encabezada por el r\u00edo Baker y una de las aguas m\u00e1s cristalinas de Chile como lo es el R\u00edo Cochrane.<\/p>\n<p style=\"text-align: justify;\">Este plan permitir\u00e1 proyectar acciones concretas para enfrentar los desaf\u00edos clim\u00e1ticos, resguardar su entorno \u00fanico y sentar las bases para un desarrollo sostenible a largo plazo pensando en el carbono neutralidad para 2050\u201d.<\/p>\n<p style=\"text-align: justify;\">El Plan de Acci\u00f3n Comunal se enmarca en los lineamientos del Plan de Acci\u00f3n Regional de Cambio Clim\u00e1tico (PARCC) y da cumplimiento a lo establecido en la Ley Marco de Cambio Clim\u00e1tico, que exige a las comunas contar con instrumentos locales que orienten la acci\u00f3n clim\u00e1tica desde la realidad territorial.<\/p>\n<p style=\"text-align: justify;\">\u201cCabe se\u00f1alar que estas acciones plasmadas ir\u00e1n en concordancia con los lineamientos del PARCC, as\u00ed que en esa l\u00ednea como equipo de trabajo desplegados en el territorio, estamos contentos de aportar desde el sur de la regi\u00f3n para materializar lo que indica este proceso\u201d, agreg\u00f3 Urrutia.<\/p>\n<p style=\"text-align: justify;\">La elaboraci\u00f3n de este plan contempl\u00f3 instancias participativas con diversos actores locales, con el fin de identificar de manera conjunta las principales amenazas, vulnerabilidades y medidas de adaptaci\u00f3n y mitigaci\u00f3n para enfrentar el cambio clim\u00e1tico desde la realidad local.<\/p>\n<p style=\"text-align: justify;\">\u201cEste proceso no es solo una exigencia legal, es una herramienta que consideramos estrat\u00e9gica para tomar decisiones responsables, con base de datos, y enfrentar con anticipaci\u00f3n los desaf\u00edos que se nos vienen en materia de clima, infraestructura y planificaci\u00f3n territorial. Nuestro compromiso es muy claro proteger a nuestra comunidad, resguardar nuestros recursos y avanzar con seriedad hacia un desarrollo sostenible que ponga primero a las personas y la calidad de vida de todos los habitantes de la comuna de Cochrane. Este Plan de Acci\u00f3n ser\u00e1 una hoja de ruta concreta para orientar pol\u00edticas p\u00fablicas comunales que respondan a la realidad del territorio, sin improvisaciones\u201d, afirm\u00f3 el alcalde de Cochrane, Patricio Ulloa Georgia.<\/p>\n<\/div><\/section><\/div><div  style='height:50px' class='hr hr-invisible   avia-builder-el-6  el_after_av_one_full  el_before_av_social_share '><span class='hr-inner ' ><span class='hr-inner-style'><\/span><\/span><\/div><\/p>\n<div  class='av-social-sharing-box  avia-builder-el-7  el_after_av_hr  el_before_av_hr  '><div class='av-share-box'><h5 class='av-share-link-description av-no-toc '>Compartir esta noticia<\/h5><ul class='av-share-box-list noLightbox'><li class='av-share-link av-social-link-facebook' ><a target=\"_blank\" aria-label=\"Compartir en Facebook\" href='https:\/\/www.facebook.com\/sharer.php?u=https:\/\/radiorevelacionfm.cl\/?p=53471&#038;t=Compromiso%20Clim%C3%A1tico%3A%20Cochrane%20desarrolla%20su%20plan%20de%20acci%C3%B3n%20comunal%20de%20cambio%20clim%C3%A1tico' aria-hidden='false' data-av_icon='\ue8f3' data-av_iconfont='entypo-fontello' title='' data-avia-related-tooltip='Compartir en Facebook' rel=\"noopener\"><span class='avia_hidden_link_text'>Compartir en Facebook<\/span><\/a><\/li><li class='av-share-link av-social-link-twitter' ><a target=\"_blank\" aria-label=\"Compartir en Twitter\" href='https:\/\/twitter.com\/share?text=Compromiso%20Clim%C3%A1tico%3A%20Cochrane%20desarrolla%20su%20plan%20de%20acci%C3%B3n%20comunal%20de%20cambio%20clim%C3%A1tico&#038;url=https:\/\/radiorevelacionfm.cl\/?p=53471' aria-hidden='false' data-av_icon='\ue8f1' data-av_iconfont='entypo-fontello' title='' data-avia-related-tooltip='Compartir en Twitter' rel=\"noopener\"><span class='avia_hidden_link_text'>Compartir en Twitter<\/span><\/a><\/li><li class='av-share-link av-social-link-whatsapp' ><a target=\"_blank\" aria-label=\"Compartir en Whatsapp\" href='https:\/\/api.whatsapp.com\/send?text=https:\/\/radiorevelacionfm.cl\/?p=53471' aria-hidden='false' data-av_icon='\uf232' data-av_iconfont='entypo-fontello' title='' data-avia-related-tooltip='Compartir en Whatsapp' rel=\"noopener\"><span class='avia_hidden_link_text'>Compartir en Whatsapp<\/span><\/a><\/li><li class='av-share-link av-social-link-linkedin' ><a target=\"_blank\" aria-label=\"Compartir en LinkedIn\" href='https:\/\/linkedin.com\/shareArticle?mini=true&#038;title=Compromiso%20Clim%C3%A1tico%3A%20Cochrane%20desarrolla%20su%20plan%20de%20acci%C3%B3n%20comunal%20de%20cambio%20clim%C3%A1tico&#038;url=https:\/\/radiorevelacionfm.cl\/?p=53471' aria-hidden='false' data-av_icon='\ue8fc' data-av_iconfont='entypo-fontello' title='' data-avia-related-tooltip='Compartir en LinkedIn' rel=\"noopener\"><span class='avia_hidden_link_text'>Compartir en LinkedIn<\/span><\/a><\/li><li class='av-share-link av-social-link-mail' ><a  aria-label=\"Compartir por correo\" href='mailto:?subject=Compromiso%20Clim%C3%A1tico%3A%20Cochrane%20desarrolla%20su%20plan%20de%20acci%C3%B3n%20comunal%20de%20cambio%20clim%C3%A1tico&#038;body=https:\/\/radiorevelacionfm.cl\/?p=53471' aria-hidden='false' data-av_icon='\ue805' data-av_iconfont='entypo-fontello' title='' data-avia-related-tooltip='Compartir por correo'><span class='avia_hidden_link_text'>Compartir por correo<\/span><\/a><\/li><\/ul><\/div><\/div>\n<div  style='height:50px' class='hr hr-invisible   avia-builder-el-8  el_after_av_social_share  el_before_av_comments_list '><span class='hr-inner ' ><span class='hr-inner-style'><\/span><\/span><\/div>\n<div  class='av-buildercomment  av-blog-meta-html-info-disabled av-blog-meta-tag-disabled  '><\/div>\n","protected":false},"excerpt":{"rendered":"","protected":false},"author":1,"featured_media":53472,"comment_status":"closed","ping_status":"closed","sticky":false,"template":"","format":"standard","meta":{"footnotes":""},"categories":[38],"tags":[],"class_list":["post-53471","post","type-post","status-publish","format-standard","has-post-thumbnail","hentry","category-regional"],"jetpack_featured_media_url":"https:\/\/radiorevelacionfm.cl\/wp-content\/uploads\/2025\/05\/PLAN-DE-ACCION-CAMBIO-CLIMATICO-COCHRANE-2-1-1.jpg","_links":{"self":[{"href":"https:\/\/radiorevelacionfm.cl\/index.php?rest_route=\/wp\/v2\/posts\/53471","targetHints":{"allow":["GET"]}}],"collection":[{"href":"https:\/\/radiorevelacionfm.cl\/index.php?rest_route=\/wp\/v2\/posts"}],"about":[{"href":"https:\/\/radiorevelacionfm.cl\/index.php?rest_route=\/wp\/v2\/types\/post"}],"author":[{"embeddable":true,"href":"https:\/\/radiorevelacionfm.cl\/index.php?rest_route=\/wp\/v2\/users\/1"}],"replies":[{"embeddable":true,"href":"https:\/\/radiorevelacionfm.cl\/index.php?rest_route=%2Fwp%2Fv2%2Fcomments&post=53471"}],"version-history":[{"count":2,"href":"https:\/\/radiorevelacionfm.cl\/index.php?rest_route=\/wp\/v2\/posts\/53471\/revisions"}],"predecessor-version":[{"id":53474,"href":"https:\/\/radiorevelacionfm.cl\/index.php?rest_route=\/wp\/v2\/posts\/53471\/revisions\/53474"}],"wp:featuredmedia":[{"embeddable":true,"href":"https:\/\/radiorevelacionfm.cl\/index.php?rest_route=\/wp\/v2\/media\/53472"}],"wp:attachment":[{"href":"https:\/\/radiorevelacionfm.cl\/index.php?rest_route=%2Fwp%2Fv2%2Fmedia&parent=53471"}],"wp:term":[{"taxonomy":"category","embeddable":true,"href":"https:\/\/radiorevelacionfm.cl\/index.php?rest_route=%2Fwp%2Fv2%2Fcategories&post=53471"},{"taxonomy":"post_tag","embeddable":true,"href":"https:\/\/radiorevelacionfm.cl\/index.php?rest_route=%2Fwp%2Fv2%2Ftags&post=53471"}],"curies":[{"name":"wp","href":"https:\/\/api.w.org\/{rel}","templated":true}]}}