{"id":53467,"date":"2025-05-05T12:32:14","date_gmt":"2025-05-05T15:32:14","guid":{"rendered":"https:\/\/radiorevelacionfm.cl\/?p=53467"},"modified":"2025-05-05T12:32:14","modified_gmt":"2025-05-05T15:32:14","slug":"mowi-y-corfo-aysen-fortalecen-proveedores-locales-para-una-acuicultura-mas-sostenible-y-competitiva","status":"publish","type":"post","link":"https:\/\/radiorevelacionfm.cl\/?p=53467","title":{"rendered":"Mowi y Corfo Ays\u00e9n fortalecen proveedores locales para una acuicultura m\u00e1s sostenible y competitiva"},"content":{"rendered":"<div class=\"flex_column av_one_full  flex_column_div av-zero-column-padding first  avia-builder-el-0  el_before_av_one_full  avia-builder-el-first  \" style='border-radius:0px; '><div  class='avia-image-container  av-styling-    avia-builder-el-1  avia-builder-el-no-sibling  avia-align-center '  itemprop=\"image\" itemscope=\"itemscope\" itemtype=\"https:\/\/schema.org\/ImageObject\"  ><div class='avia-image-container-inner'><div class='avia-image-overlay-wrap'><img decoding=\"async\" class='wp-image-53468 avia-img-lazy-loading-not-53468 avia_image' src=\"https:\/\/radiorevelacionfm.cl\/wp-content\/uploads\/2025\/05\/felipecaballero_optimized.cl-32.jpg\" alt='' title='felipecaballero_optimized.cl-32' height=\"600\" width=\"900\"  itemprop=\"thumbnailUrl\" srcset=\"https:\/\/radiorevelacionfm.cl\/wp-content\/uploads\/2025\/05\/felipecaballero_optimized.cl-32.jpg 900w, https:\/\/radiorevelacionfm.cl\/wp-content\/uploads\/2025\/05\/felipecaballero_optimized.cl-32-300x200.jpg 300w, https:\/\/radiorevelacionfm.cl\/wp-content\/uploads\/2025\/05\/felipecaballero_optimized.cl-32-768x512.jpg 768w, https:\/\/radiorevelacionfm.cl\/wp-content\/uploads\/2025\/05\/felipecaballero_optimized.cl-32-705x470.jpg 705w, https:\/\/radiorevelacionfm.cl\/wp-content\/uploads\/2025\/05\/felipecaballero_optimized.cl-32-450x300.jpg 450w, https:\/\/radiorevelacionfm.cl\/wp-content\/uploads\/2025\/05\/felipecaballero_optimized.cl-32-600x400.jpg 600w\" sizes=\"(max-width: 900px) 100vw, 900px\" \/><\/div><\/div><\/div><\/div><div class=\"flex_column av_one_full  flex_column_div av-zero-column-padding first  avia-builder-el-2  el_after_av_one_full  el_before_av_one_full  column-top-margin\" style='border-radius:0px; '><section class=\"av_textblock_section \"  itemscope=\"itemscope\" itemtype=\"https:\/\/schema.org\/BlogPosting\" itemprop=\"blogPost\" ><div class='avia_textblock  '   itemprop=\"text\" ><p style=\"text-align: center;\"><strong><span style=\"font-size: 18pt;\">Mowi y Corfo Ays\u00e9n fortalecen proveedores locales para una acuicultura m\u00e1s sostenible y competitiva<\/span><\/strong><\/p>\n<div id=\"gtx-trans\" style=\"position: absolute; left: -50px; top: 4.31534px;\">\n<div class=\"gtx-trans-icon\"><\/div>\n<\/div>\n<\/div><\/section><\/div><div class=\"flex_column av_one_full  flex_column_div av-zero-column-padding first  avia-builder-el-4  el_after_av_one_full  el_before_av_hr  column-top-margin\" style='border-radius:0px; '><section class=\"av_textblock_section \"  itemscope=\"itemscope\" itemtype=\"https:\/\/schema.org\/BlogPosting\" itemprop=\"blogPost\" ><div class='avia_textblock  '   itemprop=\"text\" ><p style=\"text-align: justify;\"><em>A trav\u00e9s del programa Red Proveedores <\/em>Mowi<em>, 21 empresas de Ays\u00e9n mejorar\u00e1n sus est\u00e1ndares de gesti\u00f3n productiva, social, ambiental y econ\u00f3mica, fortaleciendo la cadena de valor regional.<\/em><\/p>\n<p style=\"text-align: justify;\">Con el objetivo de fortalecer el tejido productivo regional y aumentar la competitividad de la industria acu\u00edcola, Mowi Chile, junto a Corfo Ays\u00e9n y la gesti\u00f3n de CODESSER, puso en marcha el programa <em>Red Proveedores <\/em>Mowi<em> \u2013 Fortalecimiento de Procesos Productivos Sostenibles<\/em>. La iniciativa, actualmente en su primer a\u00f1o de ejecuci\u00f3n, busca mejorar los est\u00e1ndares de gesti\u00f3n de 21 empresas proveedoras locales.<\/p>\n<p style=\"text-align: justify;\">\u201cEl fortalecimiento de nuestros proveedores regionales impulsa no solo la competitividad de Mowi, sino tambi\u00e9n promueve el desarrollo sostenible en Ays\u00e9n. Tener proveedores locales significa que el bienestar se queda en la regi\u00f3n: se generan empleos, se dinamiza la econom\u00eda y se crean sinergias positivas en todos los aspectos productivos, sociales y comunitarios\u201d, destac\u00f3 Humberto Mar\u00edn, director regional de Corfo Ays\u00e9n.<\/p>\n<p style=\"text-align: justify;\">El programa identific\u00f3 brechas en cuatro \u00e1reas clave: en pr\u00e1cticas ambientales, se requiere implementar sistemas de manejo de impactos, cumplir con la legislaci\u00f3n vigente y establecer procedimientos de gesti\u00f3n de residuos; en pr\u00e1cticas sociales, los desaf\u00edos incluyen dise\u00f1ar sistemas de seguridad y salud ocupacional, cumplir con las normativas laborales y fortalecer la contribuci\u00f3n comunitaria.<\/p>\n<p style=\"text-align: justify;\">En gesti\u00f3n productiva, se busca establecer estructuras organizacionales y estandarizar los procesos de prestaci\u00f3n de servicios. En gesti\u00f3n econ\u00f3mica, se apunta a fortalecer capacidades financieras y comerciales, incluyendo capacitaci\u00f3n en plataformas de licitaci\u00f3n como las empleadas por Mowi.<\/p>\n<p style=\"text-align: justify;\">Por su parte, Fernando Villarroel, gerente general de Mowi Chile indic\u00f3 que \u201cfortalecer a los proveedores no es solo para el beneficio de la industria, sino que tambi\u00e9n lo es para el crecimiento de nuestra regi\u00f3n, ya que son empresas que dan empleo a cientos de personas de Ays\u00e9n, lo cual es tremendamente importante para Mowi, ya que el 50% de nuestra producci\u00f3n en Chile est\u00e1 aqu\u00ed; somos la \u00fanica empresa acu\u00edcola que tiene la cadena productiva completamente integrada en Ays\u00e9n, y por lo tanto, nuestro compromiso con la zona es a largo plazo\u201d.<\/p>\n<p style=\"text-align: justify;\">Tras el diagn\u00f3stico inicial, las empresas presentaron un 50% de cumplimiento promedio en pr\u00e1cticas sostenibles. El objetivo es que al t\u00e9rmino del programa alcancen al menos un 75%.<\/p>\n<p style=\"text-align: justify;\">En esta l\u00ednea, Mary Leal, proveedora de rob\u00f3tica submarina, afirm\u00f3 que \u201ccomo pyme, muchas veces no tenemos todos los recursos o conocimientos para enfrentar las exigencias normativas del rubro. Este programa de Corfo junto a Mowi ha sido una tremenda ayuda para fortalecer nuestras capacidades, especialmente en temas como la prevenci\u00f3n de riesgos, que es clave para proteger a nuestros trabajadores\u201d.<\/p>\n<p style=\"text-align: justify;\"><strong>METAS DEL PRIMER A\u00d1O<\/strong><\/p>\n<p style=\"text-align: justify;\">Durante el primer a\u00f1o, el programa se propuso tres metas principales: en gesti\u00f3n productiva y econ\u00f3mica, aumentar del 56% al 65% para febrero de 2026; en pr\u00e1cticas sociales, elevar del 63% al 70% para octubre de 2025; y en pr\u00e1cticas ambientales, subir del 31% al 50% para julio de 2025.<\/p>\n<p style=\"text-align: justify;\">Las acciones para lograr estos avances incluyen capacitaciones t\u00e9cnicas, elaboraci\u00f3n de manuales de gesti\u00f3n, fortalecimiento de sistemas de seguridad laboral y mejora de las competencias comerciales.<\/p>\n<p style=\"text-align: justify;\">\u201cNuestra misi\u00f3n es acompa\u00f1ar a los proveedores en su fortalecimiento, entreg\u00e1ndoles herramientas pr\u00e1cticas para consolidar su permanencia y expansi\u00f3n\u201d, explic\u00f3 Mar\u00eda Jos\u00e9 Riquelme, gerente regional de CODESSER.<\/p>\n<p style=\"text-align: justify;\"><strong>IMPACTO REGIONAL<\/strong><\/p>\n<p style=\"text-align: justify;\">Mowi concentra en Ays\u00e9n el 50% de su producci\u00f3n nacional, manteniendo una cadena de valor integrada que opera con 25 centros de trabajo y m\u00e1s de 400 colaboradores locales.<\/p>\n<p style=\"text-align: justify;\">Los proveedores participantes, pertenecientes a rubros como mantenci\u00f3n, obras civiles, transporte, buceo y rob\u00f3tica, son esenciales para la operaci\u00f3n de la empresa. Su fortalecimiento impactar\u00e1 en la calidad del servicio, el empleo regional y la sostenibilidad de la industria acu\u00edcola.<\/p>\n<p style=\"text-align: justify;\">\u201cContar con proveedores locales fortalecidos es clave para sostener un modelo de producci\u00f3n competitivo y comprometido con la comunidad\u201d, enfatiz\u00f3 un representante de Mowi Chile.<\/p>\n<\/div><\/section><\/div><div  style='height:50px' class='hr hr-invisible   avia-builder-el-6  el_after_av_one_full  el_before_av_social_share '><span class='hr-inner ' ><span class='hr-inner-style'><\/span><\/span><\/div><\/p>\n<div  class='av-social-sharing-box  avia-builder-el-7  el_after_av_hr  el_before_av_hr  '><div class='av-share-box'><h5 class='av-share-link-description av-no-toc '>Compartir esta noticia<\/h5><ul class='av-share-box-list noLightbox'><li class='av-share-link av-social-link-facebook' ><a target=\"_blank\" aria-label=\"Compartir en Facebook\" href='https:\/\/www.facebook.com\/sharer.php?u=https:\/\/radiorevelacionfm.cl\/?p=53467&#038;t=Mowi%20y%20Corfo%20Ays%C3%A9n%20fortalecen%20proveedores%20locales%20para%20una%20acuicultura%20m%C3%A1s%20sostenible%20y%20competitiva' aria-hidden='false' data-av_icon='\ue8f3' data-av_iconfont='entypo-fontello' title='' data-avia-related-tooltip='Compartir en Facebook' rel=\"noopener\"><span class='avia_hidden_link_text'>Compartir en Facebook<\/span><\/a><\/li><li class='av-share-link av-social-link-twitter' ><a target=\"_blank\" aria-label=\"Compartir en Twitter\" href='https:\/\/twitter.com\/share?text=Mowi%20y%20Corfo%20Ays%C3%A9n%20fortalecen%20proveedores%20locales%20para%20una%20acuicultura%20m%C3%A1s%20sostenible%20y%20competitiva&#038;url=https:\/\/radiorevelacionfm.cl\/?p=53467' aria-hidden='false' data-av_icon='\ue8f1' data-av_iconfont='entypo-fontello' title='' data-avia-related-tooltip='Compartir en Twitter' rel=\"noopener\"><span class='avia_hidden_link_text'>Compartir en Twitter<\/span><\/a><\/li><li class='av-share-link av-social-link-whatsapp' ><a target=\"_blank\" aria-label=\"Compartir en Whatsapp\" href='https:\/\/api.whatsapp.com\/send?text=https:\/\/radiorevelacionfm.cl\/?p=53467' aria-hidden='false' data-av_icon='\uf232' data-av_iconfont='entypo-fontello' title='' data-avia-related-tooltip='Compartir en Whatsapp' rel=\"noopener\"><span class='avia_hidden_link_text'>Compartir en Whatsapp<\/span><\/a><\/li><li class='av-share-link av-social-link-linkedin' ><a target=\"_blank\" aria-label=\"Compartir en LinkedIn\" href='https:\/\/linkedin.com\/shareArticle?mini=true&#038;title=Mowi%20y%20Corfo%20Ays%C3%A9n%20fortalecen%20proveedores%20locales%20para%20una%20acuicultura%20m%C3%A1s%20sostenible%20y%20competitiva&#038;url=https:\/\/radiorevelacionfm.cl\/?p=53467' aria-hidden='false' data-av_icon='\ue8fc' data-av_iconfont='entypo-fontello' title='' data-avia-related-tooltip='Compartir en LinkedIn' rel=\"noopener\"><span class='avia_hidden_link_text'>Compartir en LinkedIn<\/span><\/a><\/li><li class='av-share-link av-social-link-mail' ><a  aria-label=\"Compartir por correo\" href='mailto:?subject=Mowi%20y%20Corfo%20Ays%C3%A9n%20fortalecen%20proveedores%20locales%20para%20una%20acuicultura%20m%C3%A1s%20sostenible%20y%20competitiva&#038;body=https:\/\/radiorevelacionfm.cl\/?p=53467' aria-hidden='false' data-av_icon='\ue805' data-av_iconfont='entypo-fontello' title='' data-avia-related-tooltip='Compartir por correo'><span class='avia_hidden_link_text'>Compartir por correo<\/span><\/a><\/li><\/ul><\/div><\/div>\n<div  style='height:50px' class='hr hr-invisible   avia-builder-el-8  el_after_av_social_share  el_before_av_comments_list '><span class='hr-inner ' ><span class='hr-inner-style'><\/span><\/span><\/div>\n<div  class='av-buildercomment  av-blog-meta-html-info-disabled av-blog-meta-tag-disabled  '><\/div>\n","protected":false},"excerpt":{"rendered":"","protected":false},"author":1,"featured_media":53468,"comment_status":"closed","ping_status":"closed","sticky":false,"template":"","format":"standard","meta":{"footnotes":""},"categories":[38],"tags":[],"class_list":["post-53467","post","type-post","status-publish","format-standard","has-post-thumbnail","hentry","category-regional"],"jetpack_featured_media_url":"https:\/\/radiorevelacionfm.cl\/wp-content\/uploads\/2025\/05\/felipecaballero_optimized.cl-32.jpg","_links":{"self":[{"href":"https:\/\/radiorevelacionfm.cl\/index.php?rest_route=\/wp\/v2\/posts\/53467","targetHints":{"allow":["GET"]}}],"collection":[{"href":"https:\/\/radiorevelacionfm.cl\/index.php?rest_route=\/wp\/v2\/posts"}],"about":[{"href":"https:\/\/radiorevelacionfm.cl\/index.php?rest_route=\/wp\/v2\/types\/post"}],"author":[{"embeddable":true,"href":"https:\/\/radiorevelacionfm.cl\/index.php?rest_route=\/wp\/v2\/users\/1"}],"replies":[{"embeddable":true,"href":"https:\/\/radiorevelacionfm.cl\/index.php?rest_route=%2Fwp%2Fv2%2Fcomments&post=53467"}],"version-history":[{"count":2,"href":"https:\/\/radiorevelacionfm.cl\/index.php?rest_route=\/wp\/v2\/posts\/53467\/revisions"}],"predecessor-version":[{"id":53470,"href":"https:\/\/radiorevelacionfm.cl\/index.php?rest_route=\/wp\/v2\/posts\/53467\/revisions\/53470"}],"wp:featuredmedia":[{"embeddable":true,"href":"https:\/\/radiorevelacionfm.cl\/index.php?rest_route=\/wp\/v2\/media\/53468"}],"wp:attachment":[{"href":"https:\/\/radiorevelacionfm.cl\/index.php?rest_route=%2Fwp%2Fv2%2Fmedia&parent=53467"}],"wp:term":[{"taxonomy":"category","embeddable":true,"href":"https:\/\/radiorevelacionfm.cl\/index.php?rest_route=%2Fwp%2Fv2%2Fcategories&post=53467"},{"taxonomy":"post_tag","embeddable":true,"href":"https:\/\/radiorevelacionfm.cl\/index.php?rest_route=%2Fwp%2Fv2%2Ftags&post=53467"}],"curies":[{"name":"wp","href":"https:\/\/api.w.org\/{rel}","templated":true}]}}