{"id":53462,"date":"2025-05-05T10:46:00","date_gmt":"2025-05-05T13:46:00","guid":{"rendered":"https:\/\/radiorevelacionfm.cl\/?p=53462"},"modified":"2025-05-05T10:46:00","modified_gmt":"2025-05-05T13:46:00","slug":"tras-participar-en-aquaforum-2025-sandoval-considera-que-resguardo-ambiental-desarrollo-economico-y-bienestar-social-deben-ser-denominadores-comunes-para-potenciar-desarrollo-de-la-region","status":"publish","type":"post","link":"https:\/\/radiorevelacionfm.cl\/?p=53462","title":{"rendered":"Tras participar en AquaForum 2025: Sandoval considera que resguardo ambiental, desarrollo econ\u00f3mico y bienestar social deben ser denominadores comunes para potenciar desarrollo de la regi\u00f3n"},"content":{"rendered":"<div class=\"flex_column av_one_full  flex_column_div av-zero-column-padding first  avia-builder-el-0  el_before_av_one_full  avia-builder-el-first  \" style='border-radius:0px; '><div  class='avia-image-container  av-styling-    avia-builder-el-1  avia-builder-el-no-sibling  avia-align-center '  itemprop=\"image\" itemscope=\"itemscope\" itemtype=\"https:\/\/schema.org\/ImageObject\"  ><div class='avia-image-container-inner'><div class='avia-image-overlay-wrap'><img decoding=\"async\" class='wp-image-53463 avia-img-lazy-loading-not-53463 avia_image' src=\"https:\/\/radiorevelacionfm.cl\/wp-content\/uploads\/2025\/05\/SENADOR-SANDOVAL-04.05.2025-1-1.jpg\" alt='' title='SENADOR SANDOVAL 04.05.2025 (1) (1)' height=\"600\" width=\"900\"  itemprop=\"thumbnailUrl\" srcset=\"https:\/\/radiorevelacionfm.cl\/wp-content\/uploads\/2025\/05\/SENADOR-SANDOVAL-04.05.2025-1-1.jpg 900w, https:\/\/radiorevelacionfm.cl\/wp-content\/uploads\/2025\/05\/SENADOR-SANDOVAL-04.05.2025-1-1-300x200.jpg 300w, https:\/\/radiorevelacionfm.cl\/wp-content\/uploads\/2025\/05\/SENADOR-SANDOVAL-04.05.2025-1-1-768x512.jpg 768w, https:\/\/radiorevelacionfm.cl\/wp-content\/uploads\/2025\/05\/SENADOR-SANDOVAL-04.05.2025-1-1-705x470.jpg 705w, https:\/\/radiorevelacionfm.cl\/wp-content\/uploads\/2025\/05\/SENADOR-SANDOVAL-04.05.2025-1-1-450x300.jpg 450w, https:\/\/radiorevelacionfm.cl\/wp-content\/uploads\/2025\/05\/SENADOR-SANDOVAL-04.05.2025-1-1-600x400.jpg 600w\" sizes=\"(max-width: 900px) 100vw, 900px\" \/><\/div><\/div><\/div><\/div><div class=\"flex_column av_one_full  flex_column_div av-zero-column-padding first  avia-builder-el-2  el_after_av_one_full  el_before_av_one_full  column-top-margin\" style='border-radius:0px; '><section class=\"av_textblock_section \"  itemscope=\"itemscope\" itemtype=\"https:\/\/schema.org\/BlogPosting\" itemprop=\"blogPost\" ><div class='avia_textblock  '   itemprop=\"text\" ><p style=\"text-align: center;\"><span style=\"font-size: 18pt;\"><strong>Tras participar en AquaForum 2025: <\/strong><strong>Sandoval considera que resguardo ambiental, desarrollo econ\u00f3mico y bienestar social deben ser denominadores comunes para potenciar desarrollo de la regi\u00f3n <\/strong><\/span><\/p>\n<div id=\"gtx-trans\" style=\"position: absolute; left: -50px; top: 4.31534px;\">\n<div class=\"gtx-trans-icon\"><\/div>\n<\/div>\n<\/div><\/section><\/div><div class=\"flex_column av_one_full  flex_column_div av-zero-column-padding first  avia-builder-el-4  el_after_av_one_full  el_before_av_hr  column-top-margin\" style='border-radius:0px; '><section class=\"av_textblock_section \"  itemscope=\"itemscope\" itemtype=\"https:\/\/schema.org\/BlogPosting\" itemprop=\"blogPost\" ><div class='avia_textblock  '   itemprop=\"text\" ><p style=\"text-align: justify;\">Resguardo ambiental, desarrollo econ\u00f3mico y bienestar social, son tres factores que a juicio del senador David Sandoval deben ser denominadores comunes para el desarrollo de la regi\u00f3n de Ays\u00e9n, a partir del potenciamiento de una de las actividades m\u00e1s relevantes para la zona, como es la industria acu\u00edcola.<\/p>\n<p style=\"text-align: justify;\">Y esto, el parlamentario lo plante\u00f3 en AquaForum 2025, actividad realizada en los \u00faltimos d\u00edas, en Puerto Chacabuco. \u201cVimos a los pescadores artesanales, a la industria salmonera, a la empresa Fr\u00edosur, Mowi, Salm\u00f3nChile, entre otras. Lo que concluy\u00f3 en ese tema es que ellos quieren ser parte de este esfuerzo, de este desarrollo, pero necesitan certezas y seguridades\u201d, explic\u00f3.<\/p>\n<p style=\"text-align: justify;\">Junto con destacar la importancia del encuentro realizado, el parlamentario tambi\u00e9n record\u00f3 lo que se desarroll\u00f3 a fines de 2024, donde se abord\u00f3 el escenario que enfrenta la regi\u00f3n en las pr\u00f3ximas d\u00e9cadas. \u201cEl a\u00f1o pasado, tambi\u00e9n en Puerto Chacabuco tuvimos una reuni\u00f3n donde particip\u00f3 el ministro (Mario) Marcel y los exministros, Ignacio Briones y Andr\u00e9s Velasco, conectado desde Inglaterra. As\u00ed era el inter\u00e9s de esta reuni\u00f3n y qu\u00e9 es lo que busc\u00e1bamos en ese momento, por d\u00f3nde vamos a llevar a la regi\u00f3n al 2050\u201d, precis\u00f3.<\/p>\n<p style=\"text-align: justify;\">En ese contexto, el legislador puntualiz\u00f3 que \u201clos salmoneros est\u00e1n definiendo una estructura en materia de desarrollo de la industria al 2050\u201d y por lo mismo, en este foro desarrollado el pasado 29 de abril, lo que se buscaba era analizar estos escenarios. \u201cEn esa definici\u00f3n yo creo que hay que ponerse de acuerdo, que hay una trilog\u00eda de elementos donde el resguardo ambiental, el desarrollo econ\u00f3mico y el bienestar social, deben ser denominadores comunes, porque aqu\u00ed no sacamos nada con imponer condiciones sobre que no hay que hacer absolutamente nada, porque la \u00fanica que pierde es exclusivamente la gente de la regi\u00f3n de Ays\u00e9n\u201d, recalc\u00f3.<\/p>\n<p style=\"text-align: justify;\">Con todo, el parlamentario hizo hincapi\u00e9 en que \u201clo m\u00e1s incre\u00edble es que siendo una actividad tan estrat\u00e9gica, la segunda actividad que genera m\u00e1s recursos en nuestro pa\u00eds despu\u00e9s del cobre, donde si se termina esta producci\u00f3n, se caen m\u00e1s de 6.000 millones de d\u00f3lares en materia de exportaci\u00f3n\u201d.<\/p>\n<\/div><\/section><\/div><div  style='height:50px' class='hr hr-invisible   avia-builder-el-6  el_after_av_one_full  el_before_av_social_share '><span class='hr-inner ' ><span class='hr-inner-style'><\/span><\/span><\/div><\/p>\n<div  class='av-social-sharing-box  avia-builder-el-7  el_after_av_hr  el_before_av_hr  '><div class='av-share-box'><h5 class='av-share-link-description av-no-toc '>Compartir esta noticia<\/h5><ul class='av-share-box-list noLightbox'><li class='av-share-link av-social-link-facebook' ><a target=\"_blank\" aria-label=\"Compartir en Facebook\" href='https:\/\/www.facebook.com\/sharer.php?u=https:\/\/radiorevelacionfm.cl\/?p=53462&#038;t=Tras%20participar%20en%20AquaForum%202025%3A%20Sandoval%20considera%20que%20resguardo%20ambiental%2C%20desarrollo%20econ%C3%B3mico%20y%20bienestar%20social%20deben%20ser%20denominadores%20comunes%20para%20potenciar%20desarrollo%20de%20la%20regi%C3%B3n' aria-hidden='false' data-av_icon='\ue8f3' data-av_iconfont='entypo-fontello' title='' data-avia-related-tooltip='Compartir en Facebook' rel=\"noopener\"><span class='avia_hidden_link_text'>Compartir en Facebook<\/span><\/a><\/li><li class='av-share-link av-social-link-twitter' ><a target=\"_blank\" aria-label=\"Compartir en Twitter\" href='https:\/\/twitter.com\/share?text=Tras%20participar%20en%20AquaForum%202025%3A%20Sandoval%20considera%20que%20resguardo%20ambiental%2C%20desarrollo%20econ%C3%B3mico%20y%20bienestar%20social%20deben%20ser%20denominadores%20comunes%20para%20potenciar%20desarrollo%20de%20la%20regi%C3%B3n&#038;url=https:\/\/radiorevelacionfm.cl\/?p=53462' aria-hidden='false' data-av_icon='\ue8f1' data-av_iconfont='entypo-fontello' title='' data-avia-related-tooltip='Compartir en Twitter' rel=\"noopener\"><span class='avia_hidden_link_text'>Compartir en Twitter<\/span><\/a><\/li><li class='av-share-link av-social-link-whatsapp' ><a target=\"_blank\" aria-label=\"Compartir en Whatsapp\" href='https:\/\/api.whatsapp.com\/send?text=https:\/\/radiorevelacionfm.cl\/?p=53462' aria-hidden='false' data-av_icon='\uf232' data-av_iconfont='entypo-fontello' title='' data-avia-related-tooltip='Compartir en Whatsapp' rel=\"noopener\"><span class='avia_hidden_link_text'>Compartir en Whatsapp<\/span><\/a><\/li><li class='av-share-link av-social-link-linkedin' ><a target=\"_blank\" aria-label=\"Compartir en LinkedIn\" href='https:\/\/linkedin.com\/shareArticle?mini=true&#038;title=Tras%20participar%20en%20AquaForum%202025%3A%20Sandoval%20considera%20que%20resguardo%20ambiental%2C%20desarrollo%20econ%C3%B3mico%20y%20bienestar%20social%20deben%20ser%20denominadores%20comunes%20para%20potenciar%20desarrollo%20de%20la%20regi%C3%B3n&#038;url=https:\/\/radiorevelacionfm.cl\/?p=53462' aria-hidden='false' data-av_icon='\ue8fc' data-av_iconfont='entypo-fontello' title='' data-avia-related-tooltip='Compartir en LinkedIn' rel=\"noopener\"><span class='avia_hidden_link_text'>Compartir en LinkedIn<\/span><\/a><\/li><li class='av-share-link av-social-link-mail' ><a  aria-label=\"Compartir por correo\" href='mailto:?subject=Tras%20participar%20en%20AquaForum%202025%3A%20Sandoval%20considera%20que%20resguardo%20ambiental%2C%20desarrollo%20econ%C3%B3mico%20y%20bienestar%20social%20deben%20ser%20denominadores%20comunes%20para%20potenciar%20desarrollo%20de%20la%20regi%C3%B3n&#038;body=https:\/\/radiorevelacionfm.cl\/?p=53462' aria-hidden='false' data-av_icon='\ue805' data-av_iconfont='entypo-fontello' title='' data-avia-related-tooltip='Compartir por correo'><span class='avia_hidden_link_text'>Compartir por correo<\/span><\/a><\/li><\/ul><\/div><\/div>\n<div  style='height:50px' class='hr hr-invisible   avia-builder-el-8  el_after_av_social_share  el_before_av_comments_list '><span class='hr-inner ' ><span class='hr-inner-style'><\/span><\/span><\/div>\n<div  class='av-buildercomment  av-blog-meta-html-info-disabled av-blog-meta-tag-disabled  '><\/div>\n","protected":false},"excerpt":{"rendered":"","protected":false},"author":1,"featured_media":53463,"comment_status":"closed","ping_status":"closed","sticky":false,"template":"","format":"standard","meta":{"footnotes":""},"categories":[35],"tags":[],"class_list":["post-53462","post","type-post","status-publish","format-standard","has-post-thumbnail","hentry","category-politica"],"jetpack_featured_media_url":"https:\/\/radiorevelacionfm.cl\/wp-content\/uploads\/2025\/05\/SENADOR-SANDOVAL-04.05.2025-1-1.jpg","_links":{"self":[{"href":"https:\/\/radiorevelacionfm.cl\/index.php?rest_route=\/wp\/v2\/posts\/53462","targetHints":{"allow":["GET"]}}],"collection":[{"href":"https:\/\/radiorevelacionfm.cl\/index.php?rest_route=\/wp\/v2\/posts"}],"about":[{"href":"https:\/\/radiorevelacionfm.cl\/index.php?rest_route=\/wp\/v2\/types\/post"}],"author":[{"embeddable":true,"href":"https:\/\/radiorevelacionfm.cl\/index.php?rest_route=\/wp\/v2\/users\/1"}],"replies":[{"embeddable":true,"href":"https:\/\/radiorevelacionfm.cl\/index.php?rest_route=%2Fwp%2Fv2%2Fcomments&post=53462"}],"version-history":[{"count":2,"href":"https:\/\/radiorevelacionfm.cl\/index.php?rest_route=\/wp\/v2\/posts\/53462\/revisions"}],"predecessor-version":[{"id":53466,"href":"https:\/\/radiorevelacionfm.cl\/index.php?rest_route=\/wp\/v2\/posts\/53462\/revisions\/53466"}],"wp:featuredmedia":[{"embeddable":true,"href":"https:\/\/radiorevelacionfm.cl\/index.php?rest_route=\/wp\/v2\/media\/53463"}],"wp:attachment":[{"href":"https:\/\/radiorevelacionfm.cl\/index.php?rest_route=%2Fwp%2Fv2%2Fmedia&parent=53462"}],"wp:term":[{"taxonomy":"category","embeddable":true,"href":"https:\/\/radiorevelacionfm.cl\/index.php?rest_route=%2Fwp%2Fv2%2Fcategories&post=53462"},{"taxonomy":"post_tag","embeddable":true,"href":"https:\/\/radiorevelacionfm.cl\/index.php?rest_route=%2Fwp%2Fv2%2Ftags&post=53462"}],"curies":[{"name":"wp","href":"https:\/\/api.w.org\/{rel}","templated":true}]}}