{"id":53458,"date":"2025-05-04T17:06:01","date_gmt":"2025-05-04T20:06:01","guid":{"rendered":"https:\/\/radiorevelacionfm.cl\/?p=53458"},"modified":"2025-05-04T17:06:01","modified_gmt":"2025-05-04T20:06:01","slug":"coyhaique-celebra-el-dia-del-teatro-con-la-visita-de-rosa-ramirez-leyenda-viva-de-las-tablas-chilenas","status":"publish","type":"post","link":"https:\/\/radiorevelacionfm.cl\/?p=53458","title":{"rendered":"Coyhaique celebra el D\u00eda del Teatro con la visita de Rosa Ram\u00edrez, leyenda viva de las tablas chilenas"},"content":{"rendered":"<div class=\"flex_column av_one_full  flex_column_div av-zero-column-padding first  avia-builder-el-0  el_before_av_one_full  avia-builder-el-first  \" style='border-radius:0px; '><div  class='avia-image-container  av-styling-    avia-builder-el-1  avia-builder-el-no-sibling  avia-align-center '  itemprop=\"image\" itemscope=\"itemscope\" itemtype=\"https:\/\/schema.org\/ImageObject\"  ><div class='avia-image-container-inner'><div class='avia-image-overlay-wrap'><img decoding=\"async\" class='wp-image-53459 avia-img-lazy-loading-not-53459 avia_image' src=\"https:\/\/radiorevelacionfm.cl\/wp-content\/uploads\/2025\/05\/NEGRA-1-1.jpeg\" alt='' title='NEGRA (1) (1)' height=\"600\" width=\"1067\"  itemprop=\"thumbnailUrl\" srcset=\"https:\/\/radiorevelacionfm.cl\/wp-content\/uploads\/2025\/05\/NEGRA-1-1.jpeg 1067w, https:\/\/radiorevelacionfm.cl\/wp-content\/uploads\/2025\/05\/NEGRA-1-1-300x169.jpeg 300w, https:\/\/radiorevelacionfm.cl\/wp-content\/uploads\/2025\/05\/NEGRA-1-1-1030x579.jpeg 1030w, https:\/\/radiorevelacionfm.cl\/wp-content\/uploads\/2025\/05\/NEGRA-1-1-768x432.jpeg 768w, https:\/\/radiorevelacionfm.cl\/wp-content\/uploads\/2025\/05\/NEGRA-1-1-705x396.jpeg 705w, https:\/\/radiorevelacionfm.cl\/wp-content\/uploads\/2025\/05\/NEGRA-1-1-450x253.jpeg 450w, https:\/\/radiorevelacionfm.cl\/wp-content\/uploads\/2025\/05\/NEGRA-1-1-600x337.jpeg 600w\" sizes=\"(max-width: 1067px) 100vw, 1067px\" \/><\/div><\/div><\/div><\/div><div class=\"flex_column av_one_full  flex_column_div av-zero-column-padding first  avia-builder-el-2  el_after_av_one_full  el_before_av_one_full  column-top-margin\" style='border-radius:0px; '><section class=\"av_textblock_section \"  itemscope=\"itemscope\" itemtype=\"https:\/\/schema.org\/BlogPosting\" itemprop=\"blogPost\" ><div class='avia_textblock  '   itemprop=\"text\" ><p style=\"text-align: center;\"><strong><span style=\"font-size: 18pt;\">Coyhaique celebra el D\u00eda del Teatro con la visita de Rosa Ram\u00edrez, leyenda viva de las tablas chilenas<\/span><\/strong><\/p>\n<div id=\"gtx-trans\" style=\"position: absolute; left: -50px; top: 4.31534px;\">\n<div class=\"gtx-trans-icon\"><\/div>\n<\/div>\n<\/div><\/section><\/div><div class=\"flex_column av_one_full  flex_column_div av-zero-column-padding first  avia-builder-el-4  el_after_av_one_full  el_before_av_hr  column-top-margin\" style='border-radius:0px; '><section class=\"av_textblock_section \"  itemscope=\"itemscope\" itemtype=\"https:\/\/schema.org\/BlogPosting\" itemprop=\"blogPost\" ><div class='avia_textblock  '   itemprop=\"text\" ><p style=\"text-align: justify;\">Esta semana, gracias a la gesti\u00f3n de Teatro Austral y con el valioso patrocinio de la Ilustre Municipalidad de Coyhaique, la destacada actriz nacional Rosa Ram\u00edrez, cofundadora del ic\u00f3nico Gran Circo Teatro y figura imprescindible del teatro popular chileno, llega al coraz\u00f3n de la Patagonia con una programaci\u00f3n art\u00edstica que convoca a la emoci\u00f3n, la memoria y el encuentro comunitario.<\/p>\n<p style=\"text-align: justify;\">Rosa Ram\u00edrez no s\u00f3lo es la voz y cuerpo detr\u00e1s del personaje central de <strong><em>La Negra Ester<\/em><\/strong>, obra \u00edcono del teatro chileno dirigida por Andr\u00e9s P\u00e9rez Araya, sino que ha consagrado su vida al arte esc\u00e9nico con una propuesta profundamente humana y popular. Su visita a Coyhaique es una oportunidad hist\u00f3rica para la comunidad, que podr\u00e1 disfrutar de su talento, sensibilidad y compromiso social en distintos espacios culturales y territoriales.<\/p>\n<p style=\"text-align: justify;\">Dentro de sus actividades en Coyhaique se destacan: Jueves 8 de mayo a las 11:15 horas: <em>Taller y conversatorio<\/em> grupos de j\u00f3venes y adultos que participan en distintos talleres de teatro, mientras que a las 19:30 horas, ofrecer\u00e1 una funci\u00f3n especial donde presentar\u00e1 el \u00a0mon\u00f3logo \u00abMamama\u00bb, funci\u00f3n que cuenta con s\u00f3lo 40 cupos disponibles, entradas que estar\u00e1n disponibles con una modalidad \u201cpaga lo que puedas\u201d. Reservas al WhatsApp +56 9 9022 7955.<\/p>\n<p style=\"text-align: justify;\">En tanto el d\u00eda viernes a las 19:00 horas el Centro Cultural se vestir\u00e1 de fiesta para celebrar a las mujeres en el mes de la madre y las trabajadoras. Instancia donde la actriz presentar\u00e1 su obra \u201cEl Despertar de una mujer \u201c, una iniciativa de la Oficina de la Mujer, patrocinada por la Ilustre Municipalidad de Coyhaique y producida por Teatro Austral.<\/p>\n<p style=\"text-align: justify;\">Cabe destacar que la presencia de la artista en la regi\u00f3n se alinea con el esp\u00edritu de vinculaci\u00f3n comunitaria que impulsa Teatro Austral: un arte que se arraiga en la vida cotidiana, y celebra a su gente. En este contexto, la ma\u00f1ana del s\u00e1bado 10 de mayo, la conmemoraci\u00f3n del <em>D\u00eda Nacional del Teatro<\/em> comenzar\u00e1 con una intervenci\u00f3n en la Feria Las Quintas, espacio simb\u00f3lico de encuentro popular, donde el arte se entrelaza con los oficios, la historia y la identidad local. Esta jornada busca no s\u00f3lo rendir homenaje al legado teatral, sino tambi\u00e9n fortalecer los lazos entre la escena art\u00edstica y la ciudadan\u00eda, reconociendo el valor de la cultura como motor de transformaci\u00f3n social.<\/p>\n<p style=\"text-align: justify;\">Posteriormente, Rosa Ram\u00edrez sostendr\u00e1 un encuentro \u00edntimo con artistas y agrupaciones locales, con quienes compartir\u00e1 su experiencia, su visi\u00f3n del teatro como herramienta de memoria y comunidad, y su profundo compromiso con los territorios.<\/p>\n<p style=\"text-align: justify;\">Finalmente, la visita de la actriz concluir\u00e1 con un significativo encuentro con mujeres rurales de sectores como: Villa Ortega, \u00d1irehuao, El Gato, El Blanco, Valle Simpson, Balmaceda y Coyhaique, que se desarrollar\u00e1 en la Sede Comunitaria de Villa Ortega. Una jornada que busca generar un espacio de inspiraci\u00f3n, conversaci\u00f3n y reconocimiento al rol que hist\u00f3ricamente han tenido las mujeres en el desarrollo social, cultural y laboral del territorio.<\/p>\n<p style=\"text-align: justify;\"><strong>Gestiones para traer la ic\u00f3nica obra <em>La Negra Ester<\/em> a Coyhaique<\/strong><\/p>\n<p style=\"text-align: justify;\">Durante su estad\u00eda en la regi\u00f3n, Rosa Ram\u00edrez tambi\u00e9n sostendr\u00e1 reuniones estrat\u00e9gicas con actores p\u00fablicos y privados del ecosistema cultural e institucional, con el prop\u00f3sito de intencionar la llegada de la emblem\u00e1tica obra <em>La Negra Ester<\/em> a Coyhaique en el a\u00f1o 2026. Esta gesti\u00f3n forma parte de un anhelo profundo de Teatro Austral, que busca acercar este hito del teatro popular chileno al coraz\u00f3n de la Patagonia, democratizando el acceso a las grandes producciones esc\u00e9nicas del pa\u00eds.<\/p>\n<p style=\"text-align: justify;\">\u201cTraer <em>La Negra Ester<\/em> a Coyhaique ser\u00eda un acto de justicia po\u00e9tica. Ser\u00eda acercar a la Patagonia una obra que marc\u00f3 la historia del teatro chileno, que honra nuestras ra\u00edces populares y hace cantar al alma. Este sue\u00f1o lo estamos tejiendo entre todas y todos\u201d, se\u00f1ala Mar\u00eda Jos\u00e9 Vivero, Cofundadora de Teatro Austral.<\/p>\n<\/div><\/section><\/div><div  style='height:50px' class='hr hr-invisible   avia-builder-el-6  el_after_av_one_full  el_before_av_social_share '><span class='hr-inner ' ><span class='hr-inner-style'><\/span><\/span><\/div><\/p>\n<div  class='av-social-sharing-box  avia-builder-el-7  el_after_av_hr  el_before_av_hr  '><div class='av-share-box'><h5 class='av-share-link-description av-no-toc '>Compartir esta noticia<\/h5><ul class='av-share-box-list noLightbox'><li class='av-share-link av-social-link-facebook' ><a target=\"_blank\" aria-label=\"Compartir en Facebook\" href='https:\/\/www.facebook.com\/sharer.php?u=https:\/\/radiorevelacionfm.cl\/?p=53458&#038;t=Coyhaique%20celebra%20el%20D%C3%ADa%20del%20Teatro%20con%20la%20visita%20de%20Rosa%20Ram%C3%ADrez%2C%20leyenda%20viva%20de%20las%20tablas%20chilenas' aria-hidden='false' data-av_icon='\ue8f3' data-av_iconfont='entypo-fontello' title='' data-avia-related-tooltip='Compartir en Facebook' rel=\"noopener\"><span class='avia_hidden_link_text'>Compartir en Facebook<\/span><\/a><\/li><li class='av-share-link av-social-link-twitter' ><a target=\"_blank\" aria-label=\"Compartir en Twitter\" href='https:\/\/twitter.com\/share?text=Coyhaique%20celebra%20el%20D%C3%ADa%20del%20Teatro%20con%20la%20visita%20de%20Rosa%20Ram%C3%ADrez%2C%20leyenda%20viva%20de%20las%20tablas%20chilenas&#038;url=https:\/\/radiorevelacionfm.cl\/?p=53458' aria-hidden='false' data-av_icon='\ue8f1' data-av_iconfont='entypo-fontello' title='' data-avia-related-tooltip='Compartir en Twitter' rel=\"noopener\"><span class='avia_hidden_link_text'>Compartir en Twitter<\/span><\/a><\/li><li class='av-share-link av-social-link-whatsapp' ><a target=\"_blank\" aria-label=\"Compartir en Whatsapp\" href='https:\/\/api.whatsapp.com\/send?text=https:\/\/radiorevelacionfm.cl\/?p=53458' aria-hidden='false' data-av_icon='\uf232' data-av_iconfont='entypo-fontello' title='' data-avia-related-tooltip='Compartir en Whatsapp' rel=\"noopener\"><span class='avia_hidden_link_text'>Compartir en Whatsapp<\/span><\/a><\/li><li class='av-share-link av-social-link-linkedin' ><a target=\"_blank\" aria-label=\"Compartir en LinkedIn\" href='https:\/\/linkedin.com\/shareArticle?mini=true&#038;title=Coyhaique%20celebra%20el%20D%C3%ADa%20del%20Teatro%20con%20la%20visita%20de%20Rosa%20Ram%C3%ADrez%2C%20leyenda%20viva%20de%20las%20tablas%20chilenas&#038;url=https:\/\/radiorevelacionfm.cl\/?p=53458' aria-hidden='false' data-av_icon='\ue8fc' data-av_iconfont='entypo-fontello' title='' data-avia-related-tooltip='Compartir en LinkedIn' rel=\"noopener\"><span class='avia_hidden_link_text'>Compartir en LinkedIn<\/span><\/a><\/li><li class='av-share-link av-social-link-mail' ><a  aria-label=\"Compartir por correo\" href='mailto:?subject=Coyhaique%20celebra%20el%20D%C3%ADa%20del%20Teatro%20con%20la%20visita%20de%20Rosa%20Ram%C3%ADrez%2C%20leyenda%20viva%20de%20las%20tablas%20chilenas&#038;body=https:\/\/radiorevelacionfm.cl\/?p=53458' aria-hidden='false' data-av_icon='\ue805' data-av_iconfont='entypo-fontello' title='' data-avia-related-tooltip='Compartir por correo'><span class='avia_hidden_link_text'>Compartir por correo<\/span><\/a><\/li><\/ul><\/div><\/div>\n<div  style='height:50px' class='hr hr-invisible   avia-builder-el-8  el_after_av_social_share  el_before_av_comments_list '><span class='hr-inner ' ><span class='hr-inner-style'><\/span><\/span><\/div>\n<div  class='av-buildercomment  av-blog-meta-html-info-disabled av-blog-meta-tag-disabled  '><\/div>\n","protected":false},"excerpt":{"rendered":"","protected":false},"author":1,"featured_media":53459,"comment_status":"closed","ping_status":"closed","sticky":false,"template":"","format":"standard","meta":{"footnotes":""},"categories":[52],"tags":[],"class_list":["post-53458","post","type-post","status-publish","format-standard","has-post-thumbnail","hentry","category-cultura"],"jetpack_featured_media_url":"https:\/\/radiorevelacionfm.cl\/wp-content\/uploads\/2025\/05\/NEGRA-1-1.jpeg","_links":{"self":[{"href":"https:\/\/radiorevelacionfm.cl\/index.php?rest_route=\/wp\/v2\/posts\/53458","targetHints":{"allow":["GET"]}}],"collection":[{"href":"https:\/\/radiorevelacionfm.cl\/index.php?rest_route=\/wp\/v2\/posts"}],"about":[{"href":"https:\/\/radiorevelacionfm.cl\/index.php?rest_route=\/wp\/v2\/types\/post"}],"author":[{"embeddable":true,"href":"https:\/\/radiorevelacionfm.cl\/index.php?rest_route=\/wp\/v2\/users\/1"}],"replies":[{"embeddable":true,"href":"https:\/\/radiorevelacionfm.cl\/index.php?rest_route=%2Fwp%2Fv2%2Fcomments&post=53458"}],"version-history":[{"count":2,"href":"https:\/\/radiorevelacionfm.cl\/index.php?rest_route=\/wp\/v2\/posts\/53458\/revisions"}],"predecessor-version":[{"id":53461,"href":"https:\/\/radiorevelacionfm.cl\/index.php?rest_route=\/wp\/v2\/posts\/53458\/revisions\/53461"}],"wp:featuredmedia":[{"embeddable":true,"href":"https:\/\/radiorevelacionfm.cl\/index.php?rest_route=\/wp\/v2\/media\/53459"}],"wp:attachment":[{"href":"https:\/\/radiorevelacionfm.cl\/index.php?rest_route=%2Fwp%2Fv2%2Fmedia&parent=53458"}],"wp:term":[{"taxonomy":"category","embeddable":true,"href":"https:\/\/radiorevelacionfm.cl\/index.php?rest_route=%2Fwp%2Fv2%2Fcategories&post=53458"},{"taxonomy":"post_tag","embeddable":true,"href":"https:\/\/radiorevelacionfm.cl\/index.php?rest_route=%2Fwp%2Fv2%2Ftags&post=53458"}],"curies":[{"name":"wp","href":"https:\/\/api.w.org\/{rel}","templated":true}]}}