{"id":53444,"date":"2025-05-03T16:27:04","date_gmt":"2025-05-03T19:27:04","guid":{"rendered":"https:\/\/radiorevelacionfm.cl\/?p=53444"},"modified":"2025-05-03T16:34:34","modified_gmt":"2025-05-03T19:34:34","slug":"coyhaique-en-menos-de-una-semana-detienen-a-3-sujetos-por-presunta-participacion-en-robo-con-violencia","status":"publish","type":"post","link":"https:\/\/radiorevelacionfm.cl\/?p=53444","title":{"rendered":"Coyhaique: En menos de una semana detienen a 3 sujetos por presunta participaci\u00f3n en robo con violencia calificado"},"content":{"rendered":"<div class=\"flex_column av_one_full  flex_column_div av-zero-column-padding first  avia-builder-el-0  el_before_av_one_full  avia-builder-el-first  \" style='border-radius:0px; '><div  class='avia-image-container  av-styling-    avia-builder-el-1  avia-builder-el-no-sibling  avia-align-center '  itemprop=\"image\" itemscope=\"itemscope\" itemtype=\"https:\/\/schema.org\/ImageObject\"  ><div class='avia-image-container-inner'><div class='avia-image-overlay-wrap'><img decoding=\"async\" class='wp-image-53445 avia-img-lazy-loading-not-53445 avia_image' src=\"https:\/\/radiorevelacionfm.cl\/wp-content\/uploads\/2025\/05\/Sin-titulo-3-1.jpg\" alt='' title='Sin t\u00edtulo (3) (1)' height=\"600\" width=\"1002\"  itemprop=\"thumbnailUrl\" srcset=\"https:\/\/radiorevelacionfm.cl\/wp-content\/uploads\/2025\/05\/Sin-titulo-3-1.jpg 1002w, https:\/\/radiorevelacionfm.cl\/wp-content\/uploads\/2025\/05\/Sin-titulo-3-1-300x180.jpg 300w, https:\/\/radiorevelacionfm.cl\/wp-content\/uploads\/2025\/05\/Sin-titulo-3-1-768x460.jpg 768w, https:\/\/radiorevelacionfm.cl\/wp-content\/uploads\/2025\/05\/Sin-titulo-3-1-705x422.jpg 705w, https:\/\/radiorevelacionfm.cl\/wp-content\/uploads\/2025\/05\/Sin-titulo-3-1-450x269.jpg 450w, https:\/\/radiorevelacionfm.cl\/wp-content\/uploads\/2025\/05\/Sin-titulo-3-1-600x359.jpg 600w\" sizes=\"(max-width: 1002px) 100vw, 1002px\" \/><\/div><\/div><\/div><\/div>\n<div class=\"flex_column av_one_full  flex_column_div av-zero-column-padding first  avia-builder-el-2  el_after_av_one_full  el_before_av_one_full  column-top-margin\" style='border-radius:0px; '><section class=\"av_textblock_section \"  itemscope=\"itemscope\" itemtype=\"https:\/\/schema.org\/BlogPosting\" itemprop=\"blogPost\" ><div class='avia_textblock  '   itemprop=\"text\" ><p style=\"text-align: center;\"><strong><span style=\"font-size: 18pt;\">Coyhaique: En menos de una semana detienen a 3 sujetos por presunta participaci\u00f3n en robo con violencia calificado<\/span><\/strong><\/p>\n<div id=\"gtx-trans\" style=\"position: absolute; left: -50px; top: 4.31534px;\">\n<div class=\"gtx-trans-icon\"><\/div>\n<\/div>\n<\/div><\/section><\/div><div class=\"flex_column av_one_full  flex_column_div av-zero-column-padding first  avia-builder-el-4  el_after_av_one_full  el_before_av_hr  column-top-margin\" style='border-radius:0px; '><section class=\"av_textblock_section \"  itemscope=\"itemscope\" itemtype=\"https:\/\/schema.org\/BlogPosting\" itemprop=\"blogPost\" ><div class='avia_textblock  '   itemprop=\"text\" ><p style=\"text-align: justify;\">La tarde del s\u00e1bado 26 de abril tres sujetos, dos de ellos mayores de edad, con antecedentes por diferentes delitos, habr\u00edan ingresado a un local de comida en el centro de la capital regional para intimidar a una persona, mayor de edad, que se encontraba compartiendo en el lugar. Los individuos lo mantuvieron retenido contra su voluntad, amenaz\u00e1ndolo, d\u00e1ndole golpes y oblig\u00e1ndolo a sacarse la ropa para luego sustraer parte de sus pertenencias.<\/p>\n<p style=\"text-align: justify;\">Gracias al trabajo coordinado entre las distintas brigadas especializadas de la Polic\u00eda de Investigaciones, el an\u00e1lisis criminal, la investigaci\u00f3n profesional y cient\u00edfica y la direcci\u00f3n del Ministerio P\u00fablico, el d\u00eda viernes 02 de mayo se logr\u00f3 detener al total de quienes ser\u00edan los autores del delito de Robo con Violencia Calificado. \u201cEn el constante monitoreo de redes sociales que esta PDI realiza, se pudo establecer, el d\u00eda martes reci\u00e9n pasado, la existencia de un video que estaba circulando en las redes sociales, en el cual se apreciaba claramente a un grupo de sujetos, vejando, golpeando, amenazando, incluso sustrayendo algunas especies a otro individuo. Adem\u00e1s, el lugar donde ocurri\u00f3 este hecho, por sus caracter\u00edsticas f\u00edsicas, pudiese corresponder a un local comercial o a un restaurante.(\u2026) En definitiva, se realiza una denuncia de propia iniciativa (PDI) al Ministerio P\u00fablico, bajo cuya direcci\u00f3n se inicia una r\u00e1pida investigaci\u00f3n, que a trav\u00e9s de an\u00e1lisis de informaci\u00f3n y cruce de la misma, se pudo obtener la identidad de todos los participantes en el hecho\u201d, coment\u00f3 el prefecto inspector Javier Valenzuela Riquelme, jefe de la Regi\u00f3n Policial de Ays\u00e9n.<\/p>\n<p style=\"text-align: justify;\">Gracias a este trabajo investigativo, la PDI obtuvo tres \u00f3rdenes de detenci\u00f3n, las que fueron realizadas este viernes, logrando la detenci\u00f3n de tres personas, todos chilenos, dos mayores de edad con antecedentes por diversos delitos, adem\u00e1s de un tercer sujeto menor de edad, de 16 a\u00f1os. \u201cEs importante se\u00f1alar que este r\u00e1pido actuar de la PDI se enmarca dentro de lo denominado Estrategia Regional Contra el Crimen Emergente, que busca inhibir o neutralizar r\u00e1pidamente cualquier manifestaci\u00f3n criminal organizada o com\u00fan, que busque imitar algunas conductas o patrones o modus operandi de delincuentes for\u00e1neos o capitalinos o tambi\u00e9n extranjeros, por parte de delincuentes de ac\u00e1 de la regi\u00f3n, como una forma de brindar tranquilidad a la ciudadan\u00eda de la regi\u00f3n de Ays\u00e9n\u201d, puntualiz\u00f3 el prefecto inspector.<\/p>\n<p style=\"text-align: justify;\">En esta investigaci\u00f3n fueron varias las unidades que participaron, Brigada de Homicidios Coyhaique, Brigada Antinarc\u00f3ticos y Contra el Crimen Organizado Coyhaique y Brigada Investigadora de Robos Coyhaique, entre otras. Seg\u00fan el jefe policial, esto obedece a una estrategia que tiene la PDI para combatir de forma integral los delitos, esto se debe a que, en la actualidad, el mundo delictual criollo ha tenido cambios, muchas veces permeado por delincuencia extranjeras, lo que genera una versatilidad criminal, una variaci\u00f3n criminal, es decir, un mismo delincuente o grupo de delincuentes, operan en varios \u00e1mbitos criminales, tr\u00e1fico de drogas, robos, homicidios y lavado de activos, entre otros.<\/p>\n<p style=\"text-align: justify;\">La causa fue formalizada este s\u00e1bado a mediod\u00eda ante el Juzgado de Garant\u00eda de Coyhaique por el fiscal adjunto subrogante, Sebasti\u00e1n Vild\u00f3sola de la Fiscal\u00eda Local de Coyhaique, quien estuvo acompa\u00f1ado por la abogada Tamara Acevedo.<\/p>\n<p style=\"text-align: justify;\">El Fiscal Jos\u00e9 Moris, explic\u00f3 que \u201cla Fiscal\u00eda junto con la Polic\u00eda de Investigaciones, investigamos un delito de robo con violencia calificado, en este caso por retenci\u00f3n de la v\u00edctima. Corresponde a hechos sucedidos el 26 de abril, en que una v\u00edctima, por situaciones previas, es golpeada, agredida de varias formas, vejada, desnudada y luego le son sustra\u00eddas especies por parte de un grupo de tres sujetos, los que luego se dan a la fuga\u201d.<\/p>\n<p style=\"text-align: justify;\">La autoridad agreg\u00f3 que \u201cestos hechos suceden en un local comercial de Coyhaique y queda registrado en las c\u00e1maras de seguridad del mismo local. Con esa informaci\u00f3n, los imputados fueron formalizados el d\u00eda de hoy por la Fiscal\u00eda por el delito de robo con violencia calificado y se solicit\u00f3 la medida cautelar de prisi\u00f3n preventiva respecto de los dos adultos, internaci\u00f3n provisoria respecto del adolescente\u201d.<\/p>\n<p style=\"text-align: justify;\">El fiscal Moris detall\u00f3 que \u201cel Tribunal no tuvo por acreditado el robo, tuvo por acreditado un delito de secuestro, accedi\u00f3 a la prisi\u00f3n preventiva de los dos adultos, pero no dio lugar a la internaci\u00f3n provisoria del adolescente, raz\u00f3n por la cual la Fiscal\u00eda, en la misma audiencia apel\u00f3 y la Ilustr\u00edsima Corte de Apelaciones de Coyhaique debiese estar viendo el recurso el d\u00eda lunes\u201d.<\/p>\n<p style=\"text-align: justify;\">En relaci\u00f3n a la pena asignada a este delito, el persecutor penal coment\u00f3 que \u201cel delito por el que formaliz\u00f3 la Fiscal\u00eda tiene una pena que va de diez a\u00f1os y un d\u00eda a 20 a\u00f1os de c\u00e1rcel. Respecto del adolescente, como tiene un grado menos, va de cinco a\u00f1os de un d\u00eda a diez\u201d.<\/p>\n<p style=\"text-align: justify;\">Desde el Gobierno, la seremi de Seguridad P\u00fablica Ruth Vallejos Cuiti\u00f1o agradeci\u00f3 el trabajo de la PDI y agreg\u00f3 que, \u201cNo es posible que la vejaci\u00f3n sea aceptada en ninguna de sus formas y en este caso nosotros tenemos, y estamos alertas a ello, un caso paradigm\u00e1tico de cuando nosotros traspasamos un nivel al injusto. En ese sentido, llamamos a todos a estar alertas, a condenar este tipo de situaciones, a denunciar este tipo de situaciones. Ya tenemos a la PDI trabajando en ello, lo vemos: martes, captada la imagen, todo un trabajo interdisciplinario para llegar hoy d\u00eda s\u00e1bado a una formalizaci\u00f3n.<\/p>\n<p style=\"text-align: justify;\">Cabe hacer presente que en lo que va de la semana han sido dos los hechos de connotaci\u00f3n policial en donde gracias al actuar policial se han logrado resultados favorables. A ra\u00edz de esto la seremi de seguridad agreg\u00f3 que, \u201cest\u00e1 funcionando el sistema. El anterior caso fue en Puerto Ays\u00e9n, en el caso de los colegios que ingresaban a robar, y la CONAF. Y fue solucionado en diez d\u00edas, solucionando, en un solo accionar, siete casos policiales y ya tenemos una persona formalizada. En este caso, fueron cuatro d\u00edas. El Gobierno est\u00e1, en este caso, respaldando a sus polic\u00edas y estamos alerta a cualquier caso delictual y a mantener la seguridad dentro de nuestra regi\u00f3n de Ays\u00e9n\u201d.<\/p>\n<\/div><\/section><\/div><div  style='height:50px' class='hr hr-invisible   avia-builder-el-6  el_after_av_one_full  el_before_av_social_share '><span class='hr-inner ' ><span class='hr-inner-style'><\/span><\/span><\/div><\/p>\n<div  class='av-social-sharing-box  avia-builder-el-7  el_after_av_hr  el_before_av_hr  '><div class='av-share-box'><h5 class='av-share-link-description av-no-toc '>Compartir esta noticia<\/h5><ul class='av-share-box-list noLightbox'><li class='av-share-link av-social-link-facebook' ><a target=\"_blank\" aria-label=\"Compartir en Facebook\" href='https:\/\/www.facebook.com\/sharer.php?u=https:\/\/radiorevelacionfm.cl\/?p=53444&#038;t=Coyhaique%3A%20En%20menos%20de%20una%20semana%20detienen%20a%203%20sujetos%20por%20presunta%20participaci%C3%B3n%20en%20robo%20con%20violencia%20calificado' aria-hidden='false' data-av_icon='\ue8f3' data-av_iconfont='entypo-fontello' title='' data-avia-related-tooltip='Compartir en Facebook' rel=\"noopener\"><span class='avia_hidden_link_text'>Compartir en Facebook<\/span><\/a><\/li><li class='av-share-link av-social-link-twitter' ><a target=\"_blank\" aria-label=\"Compartir en Twitter\" href='https:\/\/twitter.com\/share?text=Coyhaique%3A%20En%20menos%20de%20una%20semana%20detienen%20a%203%20sujetos%20por%20presunta%20participaci%C3%B3n%20en%20robo%20con%20violencia%20calificado&#038;url=https:\/\/radiorevelacionfm.cl\/?p=53444' aria-hidden='false' data-av_icon='\ue8f1' data-av_iconfont='entypo-fontello' title='' data-avia-related-tooltip='Compartir en Twitter' rel=\"noopener\"><span class='avia_hidden_link_text'>Compartir en Twitter<\/span><\/a><\/li><li class='av-share-link av-social-link-whatsapp' ><a target=\"_blank\" aria-label=\"Compartir en Whatsapp\" href='https:\/\/api.whatsapp.com\/send?text=https:\/\/radiorevelacionfm.cl\/?p=53444' aria-hidden='false' data-av_icon='\uf232' data-av_iconfont='entypo-fontello' title='' data-avia-related-tooltip='Compartir en Whatsapp' rel=\"noopener\"><span class='avia_hidden_link_text'>Compartir en Whatsapp<\/span><\/a><\/li><li class='av-share-link av-social-link-linkedin' ><a target=\"_blank\" aria-label=\"Compartir en LinkedIn\" href='https:\/\/linkedin.com\/shareArticle?mini=true&#038;title=Coyhaique%3A%20En%20menos%20de%20una%20semana%20detienen%20a%203%20sujetos%20por%20presunta%20participaci%C3%B3n%20en%20robo%20con%20violencia%20calificado&#038;url=https:\/\/radiorevelacionfm.cl\/?p=53444' aria-hidden='false' data-av_icon='\ue8fc' data-av_iconfont='entypo-fontello' title='' data-avia-related-tooltip='Compartir en LinkedIn' rel=\"noopener\"><span class='avia_hidden_link_text'>Compartir en LinkedIn<\/span><\/a><\/li><li class='av-share-link av-social-link-mail' ><a  aria-label=\"Compartir por correo\" href='mailto:?subject=Coyhaique%3A%20En%20menos%20de%20una%20semana%20detienen%20a%203%20sujetos%20por%20presunta%20participaci%C3%B3n%20en%20robo%20con%20violencia%20calificado&#038;body=https:\/\/radiorevelacionfm.cl\/?p=53444' aria-hidden='false' data-av_icon='\ue805' data-av_iconfont='entypo-fontello' title='' data-avia-related-tooltip='Compartir por correo'><span class='avia_hidden_link_text'>Compartir por correo<\/span><\/a><\/li><\/ul><\/div><\/div>\n<div  style='height:50px' class='hr hr-invisible   avia-builder-el-8  el_after_av_social_share  el_before_av_comments_list '><span class='hr-inner ' ><span class='hr-inner-style'><\/span><\/span><\/div>\n<div  class='av-buildercomment  av-blog-meta-html-info-disabled av-blog-meta-tag-disabled  '><\/div>\n","protected":false},"excerpt":{"rendered":"","protected":false},"author":1,"featured_media":53445,"comment_status":"closed","ping_status":"closed","sticky":false,"template":"","format":"standard","meta":{"footnotes":""},"categories":[36],"tags":[],"class_list":["post-53444","post","type-post","status-publish","format-standard","has-post-thumbnail","hentry","category-policial"],"jetpack_featured_media_url":"https:\/\/radiorevelacionfm.cl\/wp-content\/uploads\/2025\/05\/Sin-titulo-3-1.jpg","_links":{"self":[{"href":"https:\/\/radiorevelacionfm.cl\/index.php?rest_route=\/wp\/v2\/posts\/53444","targetHints":{"allow":["GET"]}}],"collection":[{"href":"https:\/\/radiorevelacionfm.cl\/index.php?rest_route=\/wp\/v2\/posts"}],"about":[{"href":"https:\/\/radiorevelacionfm.cl\/index.php?rest_route=\/wp\/v2\/types\/post"}],"author":[{"embeddable":true,"href":"https:\/\/radiorevelacionfm.cl\/index.php?rest_route=\/wp\/v2\/users\/1"}],"replies":[{"embeddable":true,"href":"https:\/\/radiorevelacionfm.cl\/index.php?rest_route=%2Fwp%2Fv2%2Fcomments&post=53444"}],"version-history":[{"count":3,"href":"https:\/\/radiorevelacionfm.cl\/index.php?rest_route=\/wp\/v2\/posts\/53444\/revisions"}],"predecessor-version":[{"id":53449,"href":"https:\/\/radiorevelacionfm.cl\/index.php?rest_route=\/wp\/v2\/posts\/53444\/revisions\/53449"}],"wp:featuredmedia":[{"embeddable":true,"href":"https:\/\/radiorevelacionfm.cl\/index.php?rest_route=\/wp\/v2\/media\/53445"}],"wp:attachment":[{"href":"https:\/\/radiorevelacionfm.cl\/index.php?rest_route=%2Fwp%2Fv2%2Fmedia&parent=53444"}],"wp:term":[{"taxonomy":"category","embeddable":true,"href":"https:\/\/radiorevelacionfm.cl\/index.php?rest_route=%2Fwp%2Fv2%2Fcategories&post=53444"},{"taxonomy":"post_tag","embeddable":true,"href":"https:\/\/radiorevelacionfm.cl\/index.php?rest_route=%2Fwp%2Fv2%2Ftags&post=53444"}],"curies":[{"name":"wp","href":"https:\/\/api.w.org\/{rel}","templated":true}]}}