{"id":53437,"date":"2025-05-02T20:49:52","date_gmt":"2025-05-02T23:49:52","guid":{"rendered":"https:\/\/radiorevelacionfm.cl\/?p=53437"},"modified":"2025-05-02T20:49:52","modified_gmt":"2025-05-02T23:49:52","slug":"21-localidades-de-aysen-se-suman-a-la-conectividad-digital-gracias-a-convenio-impulsado-por-el-gobierno-regional","status":"publish","type":"post","link":"https:\/\/radiorevelacionfm.cl\/?p=53437","title":{"rendered":"21 localidades de Ays\u00e9n se suman a la conectividad digital gracias a convenio impulsado por el Gobierno Regional"},"content":{"rendered":"<div class=\"flex_column av_one_full  flex_column_div av-zero-column-padding first  avia-builder-el-0  el_before_av_one_full  avia-builder-el-first  \" style='border-radius:0px; '><div  class='avia-image-container  av-styling-    avia-builder-el-1  avia-builder-el-no-sibling  avia-align-center '  itemprop=\"image\" itemscope=\"itemscope\" itemtype=\"https:\/\/schema.org\/ImageObject\"  ><div class='avia-image-container-inner'><div class='avia-image-overlay-wrap'><img decoding=\"async\" class='wp-image-53438 avia-img-lazy-loading-not-53438 avia_image' src=\"https:\/\/radiorevelacionfm.cl\/wp-content\/uploads\/2025\/05\/firma-de-convenio-autoridades-1_optimized-1.jpeg\" alt='' title='firma-de-convenio-autoridades-(1)_optimized (1)' height=\"600\" width=\"898\"  itemprop=\"thumbnailUrl\" srcset=\"https:\/\/radiorevelacionfm.cl\/wp-content\/uploads\/2025\/05\/firma-de-convenio-autoridades-1_optimized-1.jpeg 898w, https:\/\/radiorevelacionfm.cl\/wp-content\/uploads\/2025\/05\/firma-de-convenio-autoridades-1_optimized-1-300x200.jpeg 300w, https:\/\/radiorevelacionfm.cl\/wp-content\/uploads\/2025\/05\/firma-de-convenio-autoridades-1_optimized-1-768x513.jpeg 768w, https:\/\/radiorevelacionfm.cl\/wp-content\/uploads\/2025\/05\/firma-de-convenio-autoridades-1_optimized-1-705x471.jpeg 705w, https:\/\/radiorevelacionfm.cl\/wp-content\/uploads\/2025\/05\/firma-de-convenio-autoridades-1_optimized-1-450x301.jpeg 450w, https:\/\/radiorevelacionfm.cl\/wp-content\/uploads\/2025\/05\/firma-de-convenio-autoridades-1_optimized-1-600x401.jpeg 600w\" sizes=\"(max-width: 898px) 100vw, 898px\" \/><\/div><\/div><\/div><\/div><div class=\"flex_column av_one_full  flex_column_div av-zero-column-padding first  avia-builder-el-2  el_after_av_one_full  el_before_av_one_full  column-top-margin\" style='border-radius:0px; '><section class=\"av_textblock_section \"  itemscope=\"itemscope\" itemtype=\"https:\/\/schema.org\/BlogPosting\" itemprop=\"blogPost\" ><div class='avia_textblock  '   itemprop=\"text\" ><p style=\"text-align: center;\"><span style=\"font-size: 18pt;\"><strong>21 localidades de Ays\u00e9n se suman a la conectividad digital gracias a convenio impulsado por el Gobierno Regional<\/strong><\/span><\/p>\n<div id=\"gtx-trans\" style=\"position: absolute; left: -50px; top: 4.31534px;\">\n<div class=\"gtx-trans-icon\"><\/div>\n<\/div>\n<\/div><\/section><\/div><div class=\"flex_column av_one_full  flex_column_div av-zero-column-padding first  avia-builder-el-4  el_after_av_one_full  el_before_av_hr  column-top-margin\" style='border-radius:0px; '><section class=\"av_textblock_section \"  itemscope=\"itemscope\" itemtype=\"https:\/\/schema.org\/BlogPosting\" itemprop=\"blogPost\" ><div class='avia_textblock  '   itemprop=\"text\" ><p style=\"text-align: justify;\">21 nuevas localidades de la Regi\u00f3n de Ays\u00e9n contar\u00e1n con conexi\u00f3n a trav\u00e9s de fibra \u00f3ptica y acceder\u00e1n, de esta forma, a servicios de telefon\u00eda e internet, gracias a un convenio suscrito por el Gobernador Regional, Marcelo Santana, y el Ministerio de Transportes y Telecomunicaciones.<\/p>\n<p style=\"text-align: justify;\">Las localidades que acceder\u00e1n a este servicio son:\u00a0 La Junta, Ra\u00fal Mar\u00edn Balmaceda, Melinka, Repollal, Caleta Tortel, Aer\u00f3dromo de Tortel, Mall\u00edn Grande, Puerto Bertrand, Camino La Paloma, El Blanco, El Gato, Ensenada Simpson, Lago Elizalde, \u00d1irehuao, Santa Elena, Seis Lagunas, Valle Simpson, Villa Frei, Villa Ortega, La Tapera y Lago Verde.<\/p>\n<p style=\"text-align: justify;\">\u201cCon la firma de este convenio, de un poco m\u00e1s de 8 mil millones de pesos del Gobierno Regional, vamos a entregar fibra \u00f3ptica de internet y telefon\u00eda de \u00daltima Milla. Es decir, conexi\u00f3n hasta la casa para 21 localidades de nuestra regi\u00f3n. Entre ellas, la comuna de Guaitecas y, tambi\u00e9n, Lago Verde, que era la \u00fanica comuna continental que no ten\u00eda servicio de fibra \u00f3ptica. Con esto, el Gobierno Regional, junto a la Subsecretar\u00eda de Telecomunicaciones, vamos a permitir que casi 7 mil vecinos de Ays\u00e9n puedan acceder a fibra \u00f3ptica. Estamos muy contentos, porque este es un avance real y concreto en materia de conectividad digital para la Regi\u00f3n de Ays\u00e9n\u201d.<\/p>\n<p style=\"text-align: justify;\">La firma del convenio se realiz\u00f3 en una ceremonia simb\u00f3lica realizada en el Parque Nacional Queulat el mi\u00e9rcoles 30 de abril, entre el Gobernador Regional, Marcelo Santana Vargas; el Ministro de Transportes y Telecomunicaciones, Juan Carlos Mu\u00f1oz; y el Subsecretario de Telecomunicaciones, Claudio Araya. Tambi\u00e9n participaron las miembros del Consejo Regional, Andrea Ponce y Rosa Gonz\u00e1lez; el seremi de Transportes y Telecomunicaciones de Ays\u00e9n, Hans Zimmermann; el alcalde de la Municipalidad de Cisnes, Francisco Roncagliolo; la senadora Ximena \u00d3rdenes, el diputado Ren\u00e9 Alinco y entre otras autoridades regionales y nacionales.<\/p>\n<p style=\"text-align: justify;\">La iniciativa forma parte de los esfuerzos conjuntos entre el Fondo de Desarrollo de las Telecomunicaciones y el Gobierno Regional de Ays\u00e9n, en el marco de los llamados \u201cProyectos de \u00daltima Milla\u201d.<\/p>\n<p style=\"text-align: justify;\">La Consejera Regional, Andrea Ponce, quien preside la Comisi\u00f3n de Infraestructura, Transporte y Telecomunicaciones, destac\u00f3 la iniciativa: \u201cEste trabajo es importante para nosotros desde la regi\u00f3n, porque sabemos la necesidad que hay de tener conectividad. Conectividad digital para estudiar, para trabajar, para emprender, para conectarse incluso con video llamada a los hospitales en materia de salud. No es posible que en 2025 todav\u00eda tengamos localidades que no la tengan\u2026 Es un gran paso para la regi\u00f3n\u201d.<\/p>\n<p style=\"text-align: justify;\">En tanto que la vicepresidenta de la Comisi\u00f3n, Rosa Gonz\u00e1lez, tambi\u00e9n destac\u00f3 que este logro es producto de una mirada o visi\u00f3n de \u201csumar m\u00e1s cosas\u2026Crecer m\u00e1s y fortalecer nuestro espacio y, tambi\u00e9n, la seguridad de este\u201d.<\/p>\n<p style=\"text-align: justify;\"><strong>\u00a0<\/strong><\/p>\n<p style=\"text-align: justify;\"><strong>\u00a0<\/strong><\/p>\n<\/div><\/section><\/div><div  style='height:50px' class='hr hr-invisible   avia-builder-el-6  el_after_av_one_full  el_before_av_social_share '><span class='hr-inner ' ><span class='hr-inner-style'><\/span><\/span><\/div><\/p>\n<div  class='av-social-sharing-box  avia-builder-el-7  el_after_av_hr  el_before_av_hr  '><div class='av-share-box'><h5 class='av-share-link-description av-no-toc '>Compartir esta noticia<\/h5><ul class='av-share-box-list noLightbox'><li class='av-share-link av-social-link-facebook' ><a target=\"_blank\" aria-label=\"Compartir en Facebook\" href='https:\/\/www.facebook.com\/sharer.php?u=https:\/\/radiorevelacionfm.cl\/?p=53437&#038;t=21%20localidades%20de%20Ays%C3%A9n%20se%20suman%20a%20la%20conectividad%20digital%20gracias%20a%20convenio%20impulsado%20por%20el%20Gobierno%20Regional' aria-hidden='false' data-av_icon='\ue8f3' data-av_iconfont='entypo-fontello' title='' data-avia-related-tooltip='Compartir en Facebook' rel=\"noopener\"><span class='avia_hidden_link_text'>Compartir en Facebook<\/span><\/a><\/li><li class='av-share-link av-social-link-twitter' ><a target=\"_blank\" aria-label=\"Compartir en Twitter\" href='https:\/\/twitter.com\/share?text=21%20localidades%20de%20Ays%C3%A9n%20se%20suman%20a%20la%20conectividad%20digital%20gracias%20a%20convenio%20impulsado%20por%20el%20Gobierno%20Regional&#038;url=https:\/\/radiorevelacionfm.cl\/?p=53437' aria-hidden='false' data-av_icon='\ue8f1' data-av_iconfont='entypo-fontello' title='' data-avia-related-tooltip='Compartir en Twitter' rel=\"noopener\"><span class='avia_hidden_link_text'>Compartir en Twitter<\/span><\/a><\/li><li class='av-share-link av-social-link-whatsapp' ><a target=\"_blank\" aria-label=\"Compartir en Whatsapp\" href='https:\/\/api.whatsapp.com\/send?text=https:\/\/radiorevelacionfm.cl\/?p=53437' aria-hidden='false' data-av_icon='\uf232' data-av_iconfont='entypo-fontello' title='' data-avia-related-tooltip='Compartir en Whatsapp' rel=\"noopener\"><span class='avia_hidden_link_text'>Compartir en Whatsapp<\/span><\/a><\/li><li class='av-share-link av-social-link-linkedin' ><a target=\"_blank\" aria-label=\"Compartir en LinkedIn\" href='https:\/\/linkedin.com\/shareArticle?mini=true&#038;title=21%20localidades%20de%20Ays%C3%A9n%20se%20suman%20a%20la%20conectividad%20digital%20gracias%20a%20convenio%20impulsado%20por%20el%20Gobierno%20Regional&#038;url=https:\/\/radiorevelacionfm.cl\/?p=53437' aria-hidden='false' data-av_icon='\ue8fc' data-av_iconfont='entypo-fontello' title='' data-avia-related-tooltip='Compartir en LinkedIn' rel=\"noopener\"><span class='avia_hidden_link_text'>Compartir en LinkedIn<\/span><\/a><\/li><li class='av-share-link av-social-link-mail' ><a  aria-label=\"Compartir por correo\" href='mailto:?subject=21%20localidades%20de%20Ays%C3%A9n%20se%20suman%20a%20la%20conectividad%20digital%20gracias%20a%20convenio%20impulsado%20por%20el%20Gobierno%20Regional&#038;body=https:\/\/radiorevelacionfm.cl\/?p=53437' aria-hidden='false' data-av_icon='\ue805' data-av_iconfont='entypo-fontello' title='' data-avia-related-tooltip='Compartir por correo'><span class='avia_hidden_link_text'>Compartir por correo<\/span><\/a><\/li><\/ul><\/div><\/div>\n<div  style='height:50px' class='hr hr-invisible   avia-builder-el-8  el_after_av_social_share  el_before_av_comments_list '><span class='hr-inner ' ><span class='hr-inner-style'><\/span><\/span><\/div>\n<div  class='av-buildercomment  av-blog-meta-html-info-disabled av-blog-meta-tag-disabled  '><\/div>\n","protected":false},"excerpt":{"rendered":"","protected":false},"author":1,"featured_media":53438,"comment_status":"closed","ping_status":"closed","sticky":false,"template":"","format":"standard","meta":{"footnotes":""},"categories":[38],"tags":[],"class_list":["post-53437","post","type-post","status-publish","format-standard","has-post-thumbnail","hentry","category-regional"],"jetpack_featured_media_url":"https:\/\/radiorevelacionfm.cl\/wp-content\/uploads\/2025\/05\/firma-de-convenio-autoridades-1_optimized-1.jpeg","_links":{"self":[{"href":"https:\/\/radiorevelacionfm.cl\/index.php?rest_route=\/wp\/v2\/posts\/53437","targetHints":{"allow":["GET"]}}],"collection":[{"href":"https:\/\/radiorevelacionfm.cl\/index.php?rest_route=\/wp\/v2\/posts"}],"about":[{"href":"https:\/\/radiorevelacionfm.cl\/index.php?rest_route=\/wp\/v2\/types\/post"}],"author":[{"embeddable":true,"href":"https:\/\/radiorevelacionfm.cl\/index.php?rest_route=\/wp\/v2\/users\/1"}],"replies":[{"embeddable":true,"href":"https:\/\/radiorevelacionfm.cl\/index.php?rest_route=%2Fwp%2Fv2%2Fcomments&post=53437"}],"version-history":[{"count":2,"href":"https:\/\/radiorevelacionfm.cl\/index.php?rest_route=\/wp\/v2\/posts\/53437\/revisions"}],"predecessor-version":[{"id":53440,"href":"https:\/\/radiorevelacionfm.cl\/index.php?rest_route=\/wp\/v2\/posts\/53437\/revisions\/53440"}],"wp:featuredmedia":[{"embeddable":true,"href":"https:\/\/radiorevelacionfm.cl\/index.php?rest_route=\/wp\/v2\/media\/53438"}],"wp:attachment":[{"href":"https:\/\/radiorevelacionfm.cl\/index.php?rest_route=%2Fwp%2Fv2%2Fmedia&parent=53437"}],"wp:term":[{"taxonomy":"category","embeddable":true,"href":"https:\/\/radiorevelacionfm.cl\/index.php?rest_route=%2Fwp%2Fv2%2Fcategories&post=53437"},{"taxonomy":"post_tag","embeddable":true,"href":"https:\/\/radiorevelacionfm.cl\/index.php?rest_route=%2Fwp%2Fv2%2Ftags&post=53437"}],"curies":[{"name":"wp","href":"https:\/\/api.w.org\/{rel}","templated":true}]}}