{"id":53434,"date":"2025-05-03T12:24:04","date_gmt":"2025-05-03T15:24:04","guid":{"rendered":"https:\/\/radiorevelacionfm.cl\/?p=53434"},"modified":"2025-05-03T12:24:04","modified_gmt":"2025-05-03T15:24:04","slug":"ciep-encabeza-nueva-sesion-de-comite-asesor-de-pesca-y-acuicultura","status":"publish","type":"post","link":"https:\/\/radiorevelacionfm.cl\/?p=53434","title":{"rendered":"CIEP encabeza nueva sesi\u00f3n de Comit\u00e9 Asesor de Pesca y Acuicultura"},"content":{"rendered":"<div class=\"flex_column av_one_full  flex_column_div av-zero-column-padding first  avia-builder-el-0  el_before_av_one_full  avia-builder-el-first  \" style='border-radius:0px; '><div  class='avia-image-container  av-styling-    avia-builder-el-1  avia-builder-el-no-sibling  avia-align-center '  itemprop=\"image\" itemscope=\"itemscope\" itemtype=\"https:\/\/schema.org\/ImageObject\"  ><div class='avia-image-container-inner'><div class='avia-image-overlay-wrap'><img decoding=\"async\" class='wp-image-53435 avia-img-lazy-loading-not-53435 avia_image' src=\"https:\/\/radiorevelacionfm.cl\/wp-content\/uploads\/2025\/05\/consejo_asesor_todos-1_optimized-1.jpg\" alt='' title='consejo_asesor_todos-(1)_optimized (1)' height=\"603\" width=\"1257\"  itemprop=\"thumbnailUrl\" srcset=\"https:\/\/radiorevelacionfm.cl\/wp-content\/uploads\/2025\/05\/consejo_asesor_todos-1_optimized-1.jpg 1257w, https:\/\/radiorevelacionfm.cl\/wp-content\/uploads\/2025\/05\/consejo_asesor_todos-1_optimized-1-300x144.jpg 300w, https:\/\/radiorevelacionfm.cl\/wp-content\/uploads\/2025\/05\/consejo_asesor_todos-1_optimized-1-1030x494.jpg 1030w, https:\/\/radiorevelacionfm.cl\/wp-content\/uploads\/2025\/05\/consejo_asesor_todos-1_optimized-1-768x368.jpg 768w, https:\/\/radiorevelacionfm.cl\/wp-content\/uploads\/2025\/05\/consejo_asesor_todos-1_optimized-1-705x338.jpg 705w, https:\/\/radiorevelacionfm.cl\/wp-content\/uploads\/2025\/05\/consejo_asesor_todos-1_optimized-1-450x216.jpg 450w, https:\/\/radiorevelacionfm.cl\/wp-content\/uploads\/2025\/05\/consejo_asesor_todos-1_optimized-1-600x288.jpg 600w\" sizes=\"(max-width: 1257px) 100vw, 1257px\" \/><\/div><\/div><\/div><\/div><div class=\"flex_column av_one_full  flex_column_div av-zero-column-padding first  avia-builder-el-2  el_after_av_one_full  el_before_av_one_full  column-top-margin\" style='border-radius:0px; '><section class=\"av_textblock_section \"  itemscope=\"itemscope\" itemtype=\"https:\/\/schema.org\/BlogPosting\" itemprop=\"blogPost\" ><div class='avia_textblock  '   itemprop=\"text\" ><p style=\"text-align: center;\"><span style=\"font-size: 18pt;\"><strong>CIEP encabeza nueva sesi\u00f3n de Comit\u00e9 Asesor de Pesca y Acuicultura<\/strong><\/span><\/p>\n<div id=\"gtx-trans\" style=\"position: absolute; left: -50px; top: 4.31534px;\">\n<div class=\"gtx-trans-icon\"><\/div>\n<\/div>\n<\/div><\/section><\/div><div class=\"flex_column av_one_full  flex_column_div av-zero-column-padding first  avia-builder-el-4  el_after_av_one_full  el_before_av_hr  column-top-margin\" style='border-radius:0px; '><section class=\"av_textblock_section \"  itemscope=\"itemscope\" itemtype=\"https:\/\/schema.org\/BlogPosting\" itemprop=\"blogPost\" ><div class='avia_textblock  '   itemprop=\"text\" ><p style=\"text-align: justify;\"><em>La informaci\u00f3n compartida en el encuentro es clave en la generaci\u00f3n de insumos para los comit\u00e9s de manejo regionales del litoral aysenino.<\/em><\/p>\n<p style=\"text-align: justify;\">Una nueva sesi\u00f3n del Comit\u00e9 Asesor de los Estudios de Pesca, desarrollados por el Centro de Investigaci\u00f3n en Ecosistemas de la Patagonia (CIEP), y financiados por el Gobierno Regional de Ays\u00e9n, se realiz\u00f3 en dependencias del Museo Regional de Ays\u00e9n. Este se ha convertido en un espacio clave para el an\u00e1lisis y discusi\u00f3n de resultados junto a representantes de instituciones p\u00fablicas que abordan la administraci\u00f3n y vigilancia de la extracci\u00f3n pesquera artesanal de la regi\u00f3n.<\/p>\n<p style=\"text-align: justify;\">Durante la sesi\u00f3n, Ramiro Contreras, profesional de la Subsecretar\u00eda de Pesca y Acuicultura, destac\u00f3 la relevancia de los insumos generados en los proyectos de investigaci\u00f3n de jaiba y centolla. Estos han sido fundamentales para el manejo de estas pesquer\u00edas, vitales para el desarrollo regional.<\/p>\n<p style=\"text-align: justify;\">Por su parte, P\u00eda Santelices, de la Divisi\u00f3n de Planificaci\u00f3n y Desarrollo del Gobierno Regional de Ays\u00e9n, resalt\u00f3 la importancia de contar con informaci\u00f3n actualizada sobre recursos marinos como el loco y el erizo. \u00abLa informaci\u00f3n recopilada sobre el loco es especialmente relevante, pues no se dispon\u00eda de datos recientes. En tanto, el monitoreo del erizo complementa los estudios realizados por el IFOP y la Universidad Austral\u00bb, explic\u00f3.<\/p>\n<p style=\"text-align: justify;\">As\u00ed, la informaci\u00f3n entregada por el CIEP, es clave en la generaci\u00f3n de insumos para los comit\u00e9s de manejo regionales. \u201cEstos datos permiten implementar medidas como la estimaci\u00f3n de tallas m\u00ednimas legales y la evaluaci\u00f3n de abundancias, aspectos esenciales para el desarrollo de planes de manejo\u201d, sentenci\u00f3 Santelices del Gobierno Regional de Ays\u00e9n.<\/p>\n<p style=\"text-align: justify;\">Madaleine Hamam\u00e9, investigadora de pesca artesanal del CIEP, subray\u00f3 el rol crucial del Comit\u00e9 Asesor como un espacio de intercambio entre profesionales. \u00abCompartimos resultados que, a la larga, servir\u00e1n para el desarrollo sostenible de nuestra regi\u00f3n\u00bb, concluy\u00f3.<\/p>\n<p style=\"text-align: justify;\">Cabe recordar que este comit\u00e9, creado hace m\u00e1s de un a\u00f1o, re\u00fane a la Subsecretar\u00eda de Pesca y Acuicultura, Servicio Nacional de Pesca y Acuicultura, Corporaci\u00f3n Nacional Forestal, Ministerio del Medio Ambiente, Divisi\u00f3n de Planificaci\u00f3n y Desarrollo Regional, y la Divisi\u00f3n de Fomento e Industria; y busca promover el manejo sostenible de las pesquer\u00edas locales de la Regi\u00f3n de Ays\u00e9n.<\/p>\n<p style=\"text-align: justify;\">La pr\u00f3xima cita destacada ser\u00e1 el Seminario de Pesca, programado para los d\u00edas 10, 11 y 12 de junio. Este evento ofrecer\u00e1 una plataforma para compartir resultados de proyectos, discutirlos con especialistas nacionales e interactuar con servicios p\u00fablicos, investigadores y pescadores artesanales, los principales usuarios de los recursos marinos. Adem\u00e1s, se realizar\u00e1 una jornada en Puerto Ays\u00e9n dirigida a la comunidad.<\/p>\n<\/div><\/section><\/div><div  style='height:50px' class='hr hr-invisible   avia-builder-el-6  el_after_av_one_full  el_before_av_social_share '><span class='hr-inner ' ><span class='hr-inner-style'><\/span><\/span><\/div><\/p>\n<div  class='av-social-sharing-box  avia-builder-el-7  el_after_av_hr  el_before_av_hr  '><div class='av-share-box'><h5 class='av-share-link-description av-no-toc '>Compartir esta noticia<\/h5><ul class='av-share-box-list noLightbox'><li class='av-share-link av-social-link-facebook' ><a target=\"_blank\" aria-label=\"Compartir en Facebook\" href='https:\/\/www.facebook.com\/sharer.php?u=https:\/\/radiorevelacionfm.cl\/?p=53434&#038;t=CIEP%20encabeza%20nueva%20sesi%C3%B3n%20de%20Comit%C3%A9%20Asesor%20de%20Pesca%20y%20Acuicultura' aria-hidden='false' data-av_icon='\ue8f3' data-av_iconfont='entypo-fontello' title='' data-avia-related-tooltip='Compartir en Facebook' rel=\"noopener\"><span class='avia_hidden_link_text'>Compartir en Facebook<\/span><\/a><\/li><li class='av-share-link av-social-link-twitter' ><a target=\"_blank\" aria-label=\"Compartir en Twitter\" href='https:\/\/twitter.com\/share?text=CIEP%20encabeza%20nueva%20sesi%C3%B3n%20de%20Comit%C3%A9%20Asesor%20de%20Pesca%20y%20Acuicultura&#038;url=https:\/\/radiorevelacionfm.cl\/?p=53434' aria-hidden='false' data-av_icon='\ue8f1' data-av_iconfont='entypo-fontello' title='' data-avia-related-tooltip='Compartir en Twitter' rel=\"noopener\"><span class='avia_hidden_link_text'>Compartir en Twitter<\/span><\/a><\/li><li class='av-share-link av-social-link-whatsapp' ><a target=\"_blank\" aria-label=\"Compartir en Whatsapp\" href='https:\/\/api.whatsapp.com\/send?text=https:\/\/radiorevelacionfm.cl\/?p=53434' aria-hidden='false' data-av_icon='\uf232' data-av_iconfont='entypo-fontello' title='' data-avia-related-tooltip='Compartir en Whatsapp' rel=\"noopener\"><span class='avia_hidden_link_text'>Compartir en Whatsapp<\/span><\/a><\/li><li class='av-share-link av-social-link-linkedin' ><a target=\"_blank\" aria-label=\"Compartir en LinkedIn\" href='https:\/\/linkedin.com\/shareArticle?mini=true&#038;title=CIEP%20encabeza%20nueva%20sesi%C3%B3n%20de%20Comit%C3%A9%20Asesor%20de%20Pesca%20y%20Acuicultura&#038;url=https:\/\/radiorevelacionfm.cl\/?p=53434' aria-hidden='false' data-av_icon='\ue8fc' data-av_iconfont='entypo-fontello' title='' data-avia-related-tooltip='Compartir en LinkedIn' rel=\"noopener\"><span class='avia_hidden_link_text'>Compartir en LinkedIn<\/span><\/a><\/li><li class='av-share-link av-social-link-mail' ><a  aria-label=\"Compartir por correo\" href='mailto:?subject=CIEP%20encabeza%20nueva%20sesi%C3%B3n%20de%20Comit%C3%A9%20Asesor%20de%20Pesca%20y%20Acuicultura&#038;body=https:\/\/radiorevelacionfm.cl\/?p=53434' aria-hidden='false' data-av_icon='\ue805' data-av_iconfont='entypo-fontello' title='' data-avia-related-tooltip='Compartir por correo'><span class='avia_hidden_link_text'>Compartir por correo<\/span><\/a><\/li><\/ul><\/div><\/div>\n<div  style='height:50px' class='hr hr-invisible   avia-builder-el-8  el_after_av_social_share  el_before_av_comments_list '><span class='hr-inner ' ><span class='hr-inner-style'><\/span><\/span><\/div>\n<div  class='av-buildercomment  av-blog-meta-html-info-disabled av-blog-meta-tag-disabled  '><\/div>\n","protected":false},"excerpt":{"rendered":"","protected":false},"author":1,"featured_media":53435,"comment_status":"closed","ping_status":"closed","sticky":false,"template":"","format":"standard","meta":{"footnotes":""},"categories":[38],"tags":[],"class_list":["post-53434","post","type-post","status-publish","format-standard","has-post-thumbnail","hentry","category-regional"],"jetpack_featured_media_url":"https:\/\/radiorevelacionfm.cl\/wp-content\/uploads\/2025\/05\/consejo_asesor_todos-1_optimized-1.jpg","_links":{"self":[{"href":"https:\/\/radiorevelacionfm.cl\/index.php?rest_route=\/wp\/v2\/posts\/53434","targetHints":{"allow":["GET"]}}],"collection":[{"href":"https:\/\/radiorevelacionfm.cl\/index.php?rest_route=\/wp\/v2\/posts"}],"about":[{"href":"https:\/\/radiorevelacionfm.cl\/index.php?rest_route=\/wp\/v2\/types\/post"}],"author":[{"embeddable":true,"href":"https:\/\/radiorevelacionfm.cl\/index.php?rest_route=\/wp\/v2\/users\/1"}],"replies":[{"embeddable":true,"href":"https:\/\/radiorevelacionfm.cl\/index.php?rest_route=%2Fwp%2Fv2%2Fcomments&post=53434"}],"version-history":[{"count":2,"href":"https:\/\/radiorevelacionfm.cl\/index.php?rest_route=\/wp\/v2\/posts\/53434\/revisions"}],"predecessor-version":[{"id":53441,"href":"https:\/\/radiorevelacionfm.cl\/index.php?rest_route=\/wp\/v2\/posts\/53434\/revisions\/53441"}],"wp:featuredmedia":[{"embeddable":true,"href":"https:\/\/radiorevelacionfm.cl\/index.php?rest_route=\/wp\/v2\/media\/53435"}],"wp:attachment":[{"href":"https:\/\/radiorevelacionfm.cl\/index.php?rest_route=%2Fwp%2Fv2%2Fmedia&parent=53434"}],"wp:term":[{"taxonomy":"category","embeddable":true,"href":"https:\/\/radiorevelacionfm.cl\/index.php?rest_route=%2Fwp%2Fv2%2Fcategories&post=53434"},{"taxonomy":"post_tag","embeddable":true,"href":"https:\/\/radiorevelacionfm.cl\/index.php?rest_route=%2Fwp%2Fv2%2Ftags&post=53434"}],"curies":[{"name":"wp","href":"https:\/\/api.w.org\/{rel}","templated":true}]}}