{"id":5343,"date":"2021-06-16T19:01:54","date_gmt":"2021-06-16T22:01:54","guid":{"rendered":"https:\/\/radiorevelacionfm.cl\/?p=5343"},"modified":"2021-06-16T19:01:54","modified_gmt":"2021-06-16T22:01:54","slug":"ponen-en-marcha-blanca-funcionamiento-de-pileta-en-plaza-de-coyhaique-trabajos-de-mejoramiento-urbano-entran-en-su-etapa-final","status":"publish","type":"post","link":"https:\/\/radiorevelacionfm.cl\/?p=5343","title":{"rendered":"Ponen en marcha blanca funcionamiento de Pileta en Plaza de Coyhaique, trabajos de mejoramiento urbano entran en su etapa final"},"content":{"rendered":"<div class=\"flex_column av_one_full  flex_column_div av-zero-column-padding first  avia-builder-el-0  el_before_av_one_full  avia-builder-el-first  \" style='border-radius:0px; '><div  class='avia-image-container  av-styling-    avia-builder-el-1  avia-builder-el-no-sibling  avia-align-center '  itemprop=\"image\" itemscope=\"itemscope\" itemtype=\"https:\/\/schema.org\/ImageObject\"  ><div class='avia-image-container-inner'><div class='avia-image-overlay-wrap'><img decoding=\"async\" class='wp-image-0 avia-img-lazy-loading-not-0 avia_image' src=\"https:\/\/radiorevelacionfm.cl\/wp-content\/uploads\/2021\/06\/foto-seremi-vivienda-visita-obras-para-mejorar-espacios-publicos-de-Coyhaique-1-1.jpeg\" alt='' title=''   itemprop=\"thumbnailUrl\"  \/><\/div><\/div><\/div><\/div><div class=\"flex_column av_one_full  flex_column_div av-zero-column-padding first  avia-builder-el-2  el_after_av_one_full  el_before_av_one_full  column-top-margin\" style='border-radius:0px; '><section class=\"av_textblock_section \"  itemscope=\"itemscope\" itemtype=\"https:\/\/schema.org\/BlogPosting\" itemprop=\"blogPost\" ><div class='avia_textblock  '   itemprop=\"text\" ><p style=\"text-align: center;\"><strong><span style=\"font-size: 18pt;\">Ponen en marcha blanca funcionamiento de Pileta en Plaza de Coyhaique, trabajos de mejoramiento urbano entran en su etapa final <\/span><\/strong><\/p>\n<div id=\"gtx-trans\" style=\"position: absolute; left: -50px; top: 4.31534px;\">\n<div class=\"gtx-trans-icon\"><\/div>\n<\/div>\n<\/div><\/section><\/div><div class=\"flex_column av_one_full  flex_column_div av-zero-column-padding first  avia-builder-el-4  el_after_av_one_full  el_before_av_hr  column-top-margin\" style='border-radius:0px; '><section class=\"av_textblock_section \"  itemscope=\"itemscope\" itemtype=\"https:\/\/schema.org\/BlogPosting\" itemprop=\"blogPost\" ><div class='avia_textblock  '   itemprop=\"text\" ><p style=\"text-align: justify;\">M\u00e1s de un 95 por ciento de avance presentan los trabajos de mejoramiento y renovaci\u00f3n que impulsa el Ministerio de Vivienda y Urbanismo en los tres principales espacios p\u00fablicos de Coyhaique, como son el Paseo Horn, la Plaza de Armas y la Plaza Bicentenario.<\/p>\n<p style=\"text-align: justify;\">As\u00ed lo pudo comprobar este mi\u00e9rcoles el Seremi de Vivienda, Diego Silva, quien junto a su equipo t\u00e9cnico recorri\u00f3 la obras que contemplan diversas intervenciones, como limpieza, conservaci\u00f3n de mobiliario urbano, reparaci\u00f3n de senderos peatonales, mantenci\u00f3n de la pileta e instalaci\u00f3n de \u00e1rboles nativos, entre otros, adelantos que dar\u00e1n una nueva imagen y un renovado aire a los principales paseos p\u00fablicos de la ciudad.<\/p>\n<p style=\"text-align: justify;\">Tal como record\u00f3 el Seremi Diego Silva, el Minvu dio la partida a las obras en noviembre del a\u00f1o pasado con una inversi\u00f3n sectorial que supera los 436 millones de pesos, generando adem\u00e1s progreso, empleo y avances en la gran tarea del Gobierno por la lograr la recuperaci\u00f3n econ\u00f3mica y social del pa\u00eds en el contexto de la actual Pandemia por Covid 19. \u201cTal como ha dicho nuestro Ministro Felipe Ward, en el Minvu estamos en el coraz\u00f3n de la recuperaci\u00f3n y es as\u00ed como hoy estamos muy contentos de comprobar en terreno que esta gran obra de intervenci\u00f3n urbana \u00a0ya est\u00e1 en su etapa final, con cambios muy positivos para toda nuestra comunidad. Se trata de un proyecto que era muy necesario y que permitir\u00e1 renovar y mejorar la infraestructura de estos tres espacios, aportando seguridad y modernidad para recibir de la mejor manera a nuestras familias de la regi\u00f3n y tambi\u00e9n a nuestros visitantes\u201d, indic\u00f3.<\/p>\n<p style=\"text-align: justify;\">Las obras, que deber\u00edan terminar en las pr\u00f3ximas semanas, est\u00e1n siendo ejecutadas por la empresa de Manuel Suazo, quien entreg\u00f3 detalles del proyecto y destac\u00f3 tambi\u00e9n la colaboraci\u00f3n de la comunidad, para superar sin problemas algunas molestias propias que conlleva la ejecuci\u00f3n de este tipo de proyectos. \u201cLa obra contemplaba hacer un mejoramiento de estos espacios que fueron deteriorados por el paso de los a\u00f1os y por el estallido social, por lo que en su parte principal se hizo reposici\u00f3n de esca\u00f1os, luminarias, mejoramiento de la pileta, cambio de superficie de baldosas para poder revitalizar estos espacios p\u00fablicos que tanto le hacen falta a la gente de Coyhaique\u201d, se\u00f1al\u00f3.<\/p>\n<p style=\"text-align: justify;\">\u00a0En t\u00e9rminos generales el proyecto de mejoramiento de espacios p\u00fablicos considera la renovaci\u00f3n del sistema de evacuaci\u00f3n de aguas lluvias, pavimentos, se\u00f1alizaci\u00f3n y demarcaci\u00f3n, obras de jardiner\u00eda, mobiliario urbano y de las instalaciones de electricidad e iluminaci\u00f3n. En el caso espec\u00edfico de la plaza de armas se incluye tambi\u00e9n la conservaci\u00f3n del sistema de impulsi\u00f3n de la pileta de agua, que entr\u00f3 en marcha blanca, y la instalaci\u00f3n de 50 \u00e1rboles nativos que sin duda renovar\u00e1n la imagen natural y potenciar\u00e1n la identidad regional que el Minvu quiere dar a los espacios de encuentro y de esparcimiento.<\/p>\n<\/div><\/section><\/div><div  style='height:50px' class='hr hr-invisible   avia-builder-el-6  el_after_av_one_full  el_before_av_social_share '><span class='hr-inner ' ><span class='hr-inner-style'><\/span><\/span><\/div><\/p>\n<div  class='av-social-sharing-box  avia-builder-el-7  el_after_av_hr  el_before_av_hr  '><div class='av-share-box'><h5 class='av-share-link-description av-no-toc '>Compartir esta noticia<\/h5><ul class='av-share-box-list noLightbox'><li class='av-share-link av-social-link-facebook' ><a target=\"_blank\" aria-label=\"Compartir en Facebook\" href='https:\/\/www.facebook.com\/sharer.php?u=https:\/\/radiorevelacionfm.cl\/?p=5343&#038;t=Ponen%20en%20marcha%20blanca%20funcionamiento%20de%20Pileta%20en%20Plaza%20de%20Coyhaique%2C%20trabajos%20de%20mejoramiento%20urbano%20entran%20en%20su%20etapa%20final' aria-hidden='false' data-av_icon='\ue8f3' data-av_iconfont='entypo-fontello' title='' data-avia-related-tooltip='Compartir en Facebook' rel=\"noopener\"><span class='avia_hidden_link_text'>Compartir en Facebook<\/span><\/a><\/li><li class='av-share-link av-social-link-twitter' ><a target=\"_blank\" aria-label=\"Compartir en Twitter\" href='https:\/\/twitter.com\/share?text=Ponen%20en%20marcha%20blanca%20funcionamiento%20de%20Pileta%20en%20Plaza%20de%20Coyhaique%2C%20trabajos%20de%20mejoramiento%20urbano%20entran%20en%20su%20etapa%20final&#038;url=https:\/\/radiorevelacionfm.cl\/?p=5343' aria-hidden='false' data-av_icon='\ue8f1' data-av_iconfont='entypo-fontello' title='' data-avia-related-tooltip='Compartir en Twitter' rel=\"noopener\"><span class='avia_hidden_link_text'>Compartir en Twitter<\/span><\/a><\/li><li class='av-share-link av-social-link-whatsapp' ><a target=\"_blank\" aria-label=\"Compartir en Whatsapp\" href='https:\/\/api.whatsapp.com\/send?text=https:\/\/radiorevelacionfm.cl\/?p=5343' aria-hidden='false' data-av_icon='\uf232' data-av_iconfont='entypo-fontello' title='' data-avia-related-tooltip='Compartir en Whatsapp' rel=\"noopener\"><span class='avia_hidden_link_text'>Compartir en Whatsapp<\/span><\/a><\/li><li class='av-share-link av-social-link-linkedin' ><a target=\"_blank\" aria-label=\"Compartir en LinkedIn\" href='https:\/\/linkedin.com\/shareArticle?mini=true&#038;title=Ponen%20en%20marcha%20blanca%20funcionamiento%20de%20Pileta%20en%20Plaza%20de%20Coyhaique%2C%20trabajos%20de%20mejoramiento%20urbano%20entran%20en%20su%20etapa%20final&#038;url=https:\/\/radiorevelacionfm.cl\/?p=5343' aria-hidden='false' data-av_icon='\ue8fc' data-av_iconfont='entypo-fontello' title='' data-avia-related-tooltip='Compartir en LinkedIn' rel=\"noopener\"><span class='avia_hidden_link_text'>Compartir en LinkedIn<\/span><\/a><\/li><li class='av-share-link av-social-link-mail' ><a  aria-label=\"Compartir por correo\" href='mailto:?subject=Ponen%20en%20marcha%20blanca%20funcionamiento%20de%20Pileta%20en%20Plaza%20de%20Coyhaique%2C%20trabajos%20de%20mejoramiento%20urbano%20entran%20en%20su%20etapa%20final&#038;body=https:\/\/radiorevelacionfm.cl\/?p=5343' aria-hidden='false' data-av_icon='\ue805' data-av_iconfont='entypo-fontello' title='' data-avia-related-tooltip='Compartir por correo'><span class='avia_hidden_link_text'>Compartir por correo<\/span><\/a><\/li><\/ul><\/div><\/div>\n<div  style='height:50px' class='hr hr-invisible   avia-builder-el-8  el_after_av_social_share  el_before_av_comments_list '><span class='hr-inner ' ><span class='hr-inner-style'><\/span><\/span><\/div>\n<div  class='av-buildercomment  av-blog-meta-html-info-disabled av-blog-meta-tag-disabled  '><\/div>\n","protected":false},"excerpt":{"rendered":"","protected":false},"author":1,"featured_media":0,"comment_status":"open","ping_status":"open","sticky":false,"template":"","format":"standard","meta":{"footnotes":""},"categories":[38],"tags":[],"class_list":["post-5343","post","type-post","status-publish","format-standard","hentry","category-regional"],"jetpack_featured_media_url":"","_links":{"self":[{"href":"https:\/\/radiorevelacionfm.cl\/index.php?rest_route=\/wp\/v2\/posts\/5343","targetHints":{"allow":["GET"]}}],"collection":[{"href":"https:\/\/radiorevelacionfm.cl\/index.php?rest_route=\/wp\/v2\/posts"}],"about":[{"href":"https:\/\/radiorevelacionfm.cl\/index.php?rest_route=\/wp\/v2\/types\/post"}],"author":[{"embeddable":true,"href":"https:\/\/radiorevelacionfm.cl\/index.php?rest_route=\/wp\/v2\/users\/1"}],"replies":[{"embeddable":true,"href":"https:\/\/radiorevelacionfm.cl\/index.php?rest_route=%2Fwp%2Fv2%2Fcomments&post=5343"}],"version-history":[{"count":1,"href":"https:\/\/radiorevelacionfm.cl\/index.php?rest_route=\/wp\/v2\/posts\/5343\/revisions"}],"predecessor-version":[{"id":5346,"href":"https:\/\/radiorevelacionfm.cl\/index.php?rest_route=\/wp\/v2\/posts\/5343\/revisions\/5346"}],"wp:attachment":[{"href":"https:\/\/radiorevelacionfm.cl\/index.php?rest_route=%2Fwp%2Fv2%2Fmedia&parent=5343"}],"wp:term":[{"taxonomy":"category","embeddable":true,"href":"https:\/\/radiorevelacionfm.cl\/index.php?rest_route=%2Fwp%2Fv2%2Fcategories&post=5343"},{"taxonomy":"post_tag","embeddable":true,"href":"https:\/\/radiorevelacionfm.cl\/index.php?rest_route=%2Fwp%2Fv2%2Ftags&post=5343"}],"curies":[{"name":"wp","href":"https:\/\/api.w.org\/{rel}","templated":true}]}}