{"id":53415,"date":"2025-05-02T14:58:46","date_gmt":"2025-05-02T17:58:46","guid":{"rendered":"https:\/\/radiorevelacionfm.cl\/?p=53415"},"modified":"2025-05-02T14:58:46","modified_gmt":"2025-05-02T17:58:46","slug":"cien-familias-recibieron-subsidio-y-podran-iniciar-construccion-de-sus-casas-en-sector-villa-frei","status":"publish","type":"post","link":"https:\/\/radiorevelacionfm.cl\/?p=53415","title":{"rendered":"Cien familias recibieron Subsidio y podr\u00e1n iniciar construcci\u00f3n de sus casas en sector Villa Frei"},"content":{"rendered":"<div class=\"flex_column av_one_full  flex_column_div av-zero-column-padding first  avia-builder-el-0  el_before_av_one_full  avia-builder-el-first  \" style='border-radius:0px; '><div  class='avia-image-container  av-styling-    avia-builder-el-1  avia-builder-el-no-sibling  avia-align-center '  itemprop=\"image\" itemscope=\"itemscope\" itemtype=\"https:\/\/schema.org\/ImageObject\"  ><div class='avia-image-container-inner'><div class='avia-image-overlay-wrap'><img decoding=\"async\" class='wp-image-53416 avia-img-lazy-loading-not-53416 avia_image' src=\"https:\/\/radiorevelacionfm.cl\/wp-content\/uploads\/2025\/05\/Foto-Seremi-entrega-subsidios-a-familias-que-tendran-su-vivienda-propia-en-Villa-Frei-1-1.jpg\" alt='' title='Foto Seremi entrega subsidios a familias que tendr\u00e1n su vivienda propia en Villa Frei (1) (1)' height=\"600\" width=\"900\"  itemprop=\"thumbnailUrl\" srcset=\"https:\/\/radiorevelacionfm.cl\/wp-content\/uploads\/2025\/05\/Foto-Seremi-entrega-subsidios-a-familias-que-tendran-su-vivienda-propia-en-Villa-Frei-1-1.jpg 900w, https:\/\/radiorevelacionfm.cl\/wp-content\/uploads\/2025\/05\/Foto-Seremi-entrega-subsidios-a-familias-que-tendran-su-vivienda-propia-en-Villa-Frei-1-1-300x200.jpg 300w, https:\/\/radiorevelacionfm.cl\/wp-content\/uploads\/2025\/05\/Foto-Seremi-entrega-subsidios-a-familias-que-tendran-su-vivienda-propia-en-Villa-Frei-1-1-768x512.jpg 768w, https:\/\/radiorevelacionfm.cl\/wp-content\/uploads\/2025\/05\/Foto-Seremi-entrega-subsidios-a-familias-que-tendran-su-vivienda-propia-en-Villa-Frei-1-1-705x470.jpg 705w, https:\/\/radiorevelacionfm.cl\/wp-content\/uploads\/2025\/05\/Foto-Seremi-entrega-subsidios-a-familias-que-tendran-su-vivienda-propia-en-Villa-Frei-1-1-450x300.jpg 450w, https:\/\/radiorevelacionfm.cl\/wp-content\/uploads\/2025\/05\/Foto-Seremi-entrega-subsidios-a-familias-que-tendran-su-vivienda-propia-en-Villa-Frei-1-1-600x400.jpg 600w\" sizes=\"(max-width: 900px) 100vw, 900px\" \/><\/div><\/div><\/div><\/div><div class=\"flex_column av_one_full  flex_column_div av-zero-column-padding first  avia-builder-el-2  el_after_av_one_full  el_before_av_one_full  column-top-margin\" style='border-radius:0px; '><section class=\"av_textblock_section \"  itemscope=\"itemscope\" itemtype=\"https:\/\/schema.org\/BlogPosting\" itemprop=\"blogPost\" ><div class='avia_textblock  '   itemprop=\"text\" ><p style=\"text-align: center;\"><strong><span style=\"font-size: 18pt;\">Cien familias recibieron Subsidio y podr\u00e1n iniciar construcci\u00f3n de sus casas en sector Villa Frei<\/span><\/strong><\/p>\n<div id=\"gtx-trans\" style=\"position: absolute; left: -50px; top: 4.31534px;\">\n<div class=\"gtx-trans-icon\"><\/div>\n<\/div>\n<\/div><\/section><\/div><div class=\"flex_column av_one_full  flex_column_div av-zero-column-padding first  avia-builder-el-4  el_after_av_one_full  el_before_av_hr  column-top-margin\" style='border-radius:0px; '><section class=\"av_textblock_section \"  itemscope=\"itemscope\" itemtype=\"https:\/\/schema.org\/BlogPosting\" itemprop=\"blogPost\" ><div class='avia_textblock  '   itemprop=\"text\" ><p style=\"text-align: justify;\">Un importante paso en el camino que los conduce hasta su vivienda propia dieron este mi\u00e9rcoles un centenar de familias de la comuna de Coyhaique, quienes recibieron su certificado de subsidio en una ceremonia que se realiz\u00f3 en el sector de Villa Frei y que cont\u00f3 con la participaci\u00f3n de autoridades regionales y locales, adem\u00e1s de familiares y p\u00fablico en general.<\/p>\n<p style=\"text-align: justify;\">Los felices beneficiarios fueron esta vez los integrantes de los comit\u00e9s \u201cIlusi\u00f3n de Villa Frei\u201d, \u201cTehuelche\u201d y \u201cCamino a un Sue\u00f1o\u201d, familias que est\u00e1n trabajando con asesor\u00eda de la entidad patrocinante Xinta Limitada y que en su mayor\u00eda se encuentran arrendando o como allegados. Es as\u00ed como gracias a estos subsidios del Ministerio de Vivienda (Minvu) podr\u00e1n iniciar en los pr\u00f3ximos meses la anhelada construcci\u00f3n de sus casas en terrenos que fueron aportados por el Serviu y que se ubican en el sector de Villa Frei, en una zona cercana a los caminos hacia Lago Elizalde y Lago la Paloma.<\/p>\n<p style=\"text-align: justify;\">Se debe destacar tambi\u00e9n los aportes financieros del Gobierno regional de Ays\u00e9n, que aprob\u00f3 a trav\u00e9s de su Consejo Regional m\u00e1s de dos mil 200 millones de pesos provenientes del Fondo Nacional de Desarrollo Regional (FNDR) y que estar\u00e1n asociadas a obras de construcci\u00f3n de una planta de tratamiento de aguas servidas y de partidas de alcantarillado, las que no solo beneficiar\u00e1n a las 100 familias de estos tres comit\u00e9s, sino que tambi\u00e9n a las 70 viviendas ya existentes en Villa Frei y otras que a futuro necesiten conectarse al sistema.<\/p>\n<p style=\"text-align: justify;\">La Seremi de Vivienda, Paulina Ruz Delf\u00edn, se\u00f1al\u00f3 que con estos avances el Minvu reafirma su compromiso con las familias de la regi\u00f3n, tanto de sectores urbanos como rurales. \u201cPronto vamos a iniciar obras ac\u00e1 en Villa Frei, pero tambi\u00e9n en Balmaceda, en Ma\u00f1ihuales, en Puyuhuapi y con ello dejamos en evidencia la gesti\u00f3n que hemos hecho con mucho compromiso y responsabilidad, donde al d\u00eda de hoy ya llevamos m\u00e1s de un 94% de avance del Plan de Emergencia Habitacional, pero sobre todo nuestra misi\u00f3n de mejorar la calidad de vida de las familias a trav\u00e9s del acceso a la vivienda. Tambi\u00e9n nuestro reconocimiento a los dirigentes, a Don Dar\u00edo, a Rosi, a Viviana, a Luz, porque tambi\u00e9n todo esto es muestra de un trabajo que ellos han hecho con sus socios y sus socias\u201d, afirm\u00f3.<\/p>\n<p style=\"text-align: justify;\">Para el presidente del Comit\u00e9 Tehuelche, Dar\u00edo M\u00e1rquez, recibir los subsidios es motivo de gran alegr\u00eda, ya que detr\u00e1s de cada familia hay trabajo, esfuerzo y la esperanza de que ponto puedan tener sus viviendas. \u201cDefinitivamente este es un paso muy grande para nosotros como grupo y para esta directiva tambi\u00e9n es muy gratificante llegar a este punto, donde cada vez estamos m\u00e1s cerca de la meta, entonces uno nota en las familias c\u00f3mo est\u00e1n de felices y contentos de que pronto vamos a tener nuestra casita propia por ac\u00e1, por Villa Frei\u201d, indic\u00f3.<\/p>\n<p style=\"text-align: justify;\">De igual forma la presidenta del comit\u00e9 \u201cCamino a un Sue\u00f1o\u201d, Rosita Mansilla, se mostr\u00f3 feliz por los avances logrados en los \u00faltimos a\u00f1os. \u201cS\u00ed, una felicidad, un orgullo tremendo en la etapa que hoy d\u00eda nos encontramos. No ha sido f\u00e1cil, son diez a\u00f1os de espera, pero desde que asumi\u00f3 la nueva administraci\u00f3n de la se\u00f1ora Paulina Ruz avanzamos lo que no hab\u00edamos avanzado en muchos a\u00f1os y eso se agradece, porque han puesto todo su empe\u00f1o, todo su trabajo, todas sus gestiones para que esto resulte, para que esto salga, as\u00ed que como para ellos es un orgullo, imag\u00ednense para nosotros. En lo personal ha sido un orgullo tremendo llegar a esta etapa, donde la gente est\u00e1 toda feliz, contenta, muy agradecido con todas y todos los involucrados en este tema, porque aqu\u00ed no es solamente un par de personas, son mucha gente\u201d, manifest\u00f3.<\/p>\n<p style=\"text-align: justify;\">Finalmente, el Jefe de la Divisi\u00f3n de Administraci\u00f3n y Finanzas del Gobierno Regional, Mauricio Quezada, felicit\u00f3 a las familias y reitero el compromiso de trabajo conjunto para seguir apoyando a quienes lo necesitan en toda la regi\u00f3n. \u201cEstamos muy contentos que hoy d\u00eda se entregue su subsidio a estas 100 familias. El Gobierno Regional est\u00e1 comprometido en empujar el carro junto con la Seremi de Vivienda y este aporte nuestro de m\u00e1s de 2 mil 600 millones de pesos permitir\u00e1 implementar el alcantarillado y la planta de tratamiento de aguas servidas de la localidad. Entonces esto no solo beneficiar\u00e1 a las 100 viviendas nuevas, sino a toda la localidad de Villa Frei. Eso es muy importante, ya que elimina una serie de trabas que, despu\u00e9s de largos 10 a\u00f1os, permiten que finalmente este proceso llegue a buen t\u00e9rmino\u201d, se\u00f1al\u00f3.<\/p>\n<p style=\"text-align: justify;\">Cabe consignar que la entrega de subsidios forma parte del Plan de Emergencia Habitacional del Gobierno de Chile, que al mes de marzo de este a\u00f1o alcanza en la regi\u00f3n un 94,5 % de avance en el cumplimiento de su meta, la cual consiste en la entrega de mil 293 viviendas durante la actual administraci\u00f3n. Adem\u00e1s, hay 714 viviendas en ejecuci\u00f3n y m\u00e1s de 700 viviendas que est\u00e1n por iniciar en los pr\u00f3ximos meses y en diferentes localidades de la regi\u00f3n, como Balmaceda, Puerto Ays\u00e9n o Villa Ma\u00f1ihuales, entre otros.<\/p>\n<\/div><\/section><\/div><div  style='height:50px' class='hr hr-invisible   avia-builder-el-6  el_after_av_one_full  el_before_av_social_share '><span class='hr-inner ' ><span class='hr-inner-style'><\/span><\/span><\/div><\/p>\n<div  class='av-social-sharing-box  avia-builder-el-7  el_after_av_hr  el_before_av_hr  '><div class='av-share-box'><h5 class='av-share-link-description av-no-toc '>Compartir esta noticia<\/h5><ul class='av-share-box-list noLightbox'><li class='av-share-link av-social-link-facebook' ><a target=\"_blank\" aria-label=\"Compartir en Facebook\" href='https:\/\/www.facebook.com\/sharer.php?u=https:\/\/radiorevelacionfm.cl\/?p=53415&#038;t=Cien%20familias%20recibieron%20Subsidio%20y%20podr%C3%A1n%20iniciar%20construcci%C3%B3n%20de%20sus%20casas%20en%20sector%20Villa%20Frei' aria-hidden='false' data-av_icon='\ue8f3' data-av_iconfont='entypo-fontello' title='' data-avia-related-tooltip='Compartir en Facebook' rel=\"noopener\"><span class='avia_hidden_link_text'>Compartir en Facebook<\/span><\/a><\/li><li class='av-share-link av-social-link-twitter' ><a target=\"_blank\" aria-label=\"Compartir en Twitter\" href='https:\/\/twitter.com\/share?text=Cien%20familias%20recibieron%20Subsidio%20y%20podr%C3%A1n%20iniciar%20construcci%C3%B3n%20de%20sus%20casas%20en%20sector%20Villa%20Frei&#038;url=https:\/\/radiorevelacionfm.cl\/?p=53415' aria-hidden='false' data-av_icon='\ue8f1' data-av_iconfont='entypo-fontello' title='' data-avia-related-tooltip='Compartir en Twitter' rel=\"noopener\"><span class='avia_hidden_link_text'>Compartir en Twitter<\/span><\/a><\/li><li class='av-share-link av-social-link-whatsapp' ><a target=\"_blank\" aria-label=\"Compartir en Whatsapp\" href='https:\/\/api.whatsapp.com\/send?text=https:\/\/radiorevelacionfm.cl\/?p=53415' aria-hidden='false' data-av_icon='\uf232' data-av_iconfont='entypo-fontello' title='' data-avia-related-tooltip='Compartir en Whatsapp' rel=\"noopener\"><span class='avia_hidden_link_text'>Compartir en Whatsapp<\/span><\/a><\/li><li class='av-share-link av-social-link-linkedin' ><a target=\"_blank\" aria-label=\"Compartir en LinkedIn\" href='https:\/\/linkedin.com\/shareArticle?mini=true&#038;title=Cien%20familias%20recibieron%20Subsidio%20y%20podr%C3%A1n%20iniciar%20construcci%C3%B3n%20de%20sus%20casas%20en%20sector%20Villa%20Frei&#038;url=https:\/\/radiorevelacionfm.cl\/?p=53415' aria-hidden='false' data-av_icon='\ue8fc' data-av_iconfont='entypo-fontello' title='' data-avia-related-tooltip='Compartir en LinkedIn' rel=\"noopener\"><span class='avia_hidden_link_text'>Compartir en LinkedIn<\/span><\/a><\/li><li class='av-share-link av-social-link-mail' ><a  aria-label=\"Compartir por correo\" href='mailto:?subject=Cien%20familias%20recibieron%20Subsidio%20y%20podr%C3%A1n%20iniciar%20construcci%C3%B3n%20de%20sus%20casas%20en%20sector%20Villa%20Frei&#038;body=https:\/\/radiorevelacionfm.cl\/?p=53415' aria-hidden='false' data-av_icon='\ue805' data-av_iconfont='entypo-fontello' title='' data-avia-related-tooltip='Compartir por correo'><span class='avia_hidden_link_text'>Compartir por correo<\/span><\/a><\/li><\/ul><\/div><\/div>\n<div  style='height:50px' class='hr hr-invisible   avia-builder-el-8  el_after_av_social_share  el_before_av_comments_list '><span class='hr-inner ' ><span class='hr-inner-style'><\/span><\/span><\/div>\n<div  class='av-buildercomment  av-blog-meta-html-info-disabled av-blog-meta-tag-disabled  '><\/div>\n","protected":false},"excerpt":{"rendered":"","protected":false},"author":1,"featured_media":53416,"comment_status":"closed","ping_status":"closed","sticky":false,"template":"","format":"standard","meta":{"footnotes":""},"categories":[57],"tags":[],"class_list":["post-53415","post","type-post","status-publish","format-standard","has-post-thumbnail","hentry","category-vivienda"],"jetpack_featured_media_url":"https:\/\/radiorevelacionfm.cl\/wp-content\/uploads\/2025\/05\/Foto-Seremi-entrega-subsidios-a-familias-que-tendran-su-vivienda-propia-en-Villa-Frei-1-1.jpg","_links":{"self":[{"href":"https:\/\/radiorevelacionfm.cl\/index.php?rest_route=\/wp\/v2\/posts\/53415","targetHints":{"allow":["GET"]}}],"collection":[{"href":"https:\/\/radiorevelacionfm.cl\/index.php?rest_route=\/wp\/v2\/posts"}],"about":[{"href":"https:\/\/radiorevelacionfm.cl\/index.php?rest_route=\/wp\/v2\/types\/post"}],"author":[{"embeddable":true,"href":"https:\/\/radiorevelacionfm.cl\/index.php?rest_route=\/wp\/v2\/users\/1"}],"replies":[{"embeddable":true,"href":"https:\/\/radiorevelacionfm.cl\/index.php?rest_route=%2Fwp%2Fv2%2Fcomments&post=53415"}],"version-history":[{"count":2,"href":"https:\/\/radiorevelacionfm.cl\/index.php?rest_route=\/wp\/v2\/posts\/53415\/revisions"}],"predecessor-version":[{"id":53425,"href":"https:\/\/radiorevelacionfm.cl\/index.php?rest_route=\/wp\/v2\/posts\/53415\/revisions\/53425"}],"wp:featuredmedia":[{"embeddable":true,"href":"https:\/\/radiorevelacionfm.cl\/index.php?rest_route=\/wp\/v2\/media\/53416"}],"wp:attachment":[{"href":"https:\/\/radiorevelacionfm.cl\/index.php?rest_route=%2Fwp%2Fv2%2Fmedia&parent=53415"}],"wp:term":[{"taxonomy":"category","embeddable":true,"href":"https:\/\/radiorevelacionfm.cl\/index.php?rest_route=%2Fwp%2Fv2%2Fcategories&post=53415"},{"taxonomy":"post_tag","embeddable":true,"href":"https:\/\/radiorevelacionfm.cl\/index.php?rest_route=%2Fwp%2Fv2%2Ftags&post=53415"}],"curies":[{"name":"wp","href":"https:\/\/api.w.org\/{rel}","templated":true}]}}