{"id":53408,"date":"2025-05-02T11:18:28","date_gmt":"2025-05-02T14:18:28","guid":{"rendered":"https:\/\/radiorevelacionfm.cl\/?p=53408"},"modified":"2025-05-02T11:18:28","modified_gmt":"2025-05-02T14:18:28","slug":"entregan-tres-nuevos-vehiculos-a-bomberos-de-la-comuna-de-aysen","status":"publish","type":"post","link":"https:\/\/radiorevelacionfm.cl\/?p=53408","title":{"rendered":"Entregan tres nuevos veh\u00edculos a Bomberos de la comuna de Ays\u00e9n"},"content":{"rendered":"<div class=\"flex_column av_one_full  flex_column_div av-zero-column-padding first  avia-builder-el-0  el_before_av_one_full  avia-builder-el-first  \" style='border-radius:0px; '><div  class='avia-image-container  av-styling-    avia-builder-el-1  avia-builder-el-no-sibling  avia-align-center '  itemprop=\"image\" itemscope=\"itemscope\" itemtype=\"https:\/\/schema.org\/ImageObject\"  ><div class='avia-image-container-inner'><div class='avia-image-overlay-wrap'><img decoding=\"async\" class='wp-image-53409 avia-img-lazy-loading-not-53409 avia_image' src=\"https:\/\/radiorevelacionfm.cl\/wp-content\/uploads\/2025\/05\/Imagen-de-WhatsApp-2025-04-30-a-las-09.38.43_863bb14f-1-1.jpg\" alt='' title='Imagen de WhatsApp 2025-04-30 a las 09.38.43_863bb14f (1) (1)' height=\"600\" width=\"900\"  itemprop=\"thumbnailUrl\" srcset=\"https:\/\/radiorevelacionfm.cl\/wp-content\/uploads\/2025\/05\/Imagen-de-WhatsApp-2025-04-30-a-las-09.38.43_863bb14f-1-1.jpg 900w, https:\/\/radiorevelacionfm.cl\/wp-content\/uploads\/2025\/05\/Imagen-de-WhatsApp-2025-04-30-a-las-09.38.43_863bb14f-1-1-300x200.jpg 300w, https:\/\/radiorevelacionfm.cl\/wp-content\/uploads\/2025\/05\/Imagen-de-WhatsApp-2025-04-30-a-las-09.38.43_863bb14f-1-1-768x512.jpg 768w, https:\/\/radiorevelacionfm.cl\/wp-content\/uploads\/2025\/05\/Imagen-de-WhatsApp-2025-04-30-a-las-09.38.43_863bb14f-1-1-705x470.jpg 705w, https:\/\/radiorevelacionfm.cl\/wp-content\/uploads\/2025\/05\/Imagen-de-WhatsApp-2025-04-30-a-las-09.38.43_863bb14f-1-1-450x300.jpg 450w, https:\/\/radiorevelacionfm.cl\/wp-content\/uploads\/2025\/05\/Imagen-de-WhatsApp-2025-04-30-a-las-09.38.43_863bb14f-1-1-600x400.jpg 600w\" sizes=\"(max-width: 900px) 100vw, 900px\" \/><\/div><\/div><\/div><\/div><div class=\"flex_column av_one_full  flex_column_div av-zero-column-padding first  avia-builder-el-2  el_after_av_one_full  el_before_av_one_full  column-top-margin\" style='border-radius:0px; '><section class=\"av_textblock_section \"  itemscope=\"itemscope\" itemtype=\"https:\/\/schema.org\/BlogPosting\" itemprop=\"blogPost\" ><div class='avia_textblock  '   itemprop=\"text\" ><p style=\"text-align: center;\"><span style=\"font-size: 18pt;\"><strong>Entregan tres nuevos veh\u00edculos a Bomberos de la comuna de Ays\u00e9n<\/strong><\/span><\/p>\n<div id=\"gtx-trans\" style=\"position: absolute; left: -50px; top: 4.31534px;\">\n<div class=\"gtx-trans-icon\"><\/div>\n<\/div>\n<\/div><\/section><\/div><div class=\"flex_column av_one_full  flex_column_div av-zero-column-padding first  avia-builder-el-4  el_after_av_one_full  el_before_av_hr  column-top-margin\" style='border-radius:0px; '><section class=\"av_textblock_section \"  itemscope=\"itemscope\" itemtype=\"https:\/\/schema.org\/BlogPosting\" itemprop=\"blogPost\" ><div class='avia_textblock  '   itemprop=\"text\" ><p style=\"text-align: justify;\"><em>Adem\u00e1s, en los pr\u00f3ximos d\u00edas se pretende realizar la entrega formal de un cuarto veh\u00edculo que ya se encuentra en tierras ayseninas, y que ser\u00e1 destinado a la Quinta Brigada Bomberil de Islas Huichas. <\/em><\/p>\n<p style=\"text-align: justify;\">Con la presencia de bomberos insignes, bomberos honorarios, voluntarios, aspirantes, brigadieres y cadetes de la instituci\u00f3n bomberil, este mi\u00e9rcoles se realiz\u00f3 la entrega oficial por parte del Gobierno Regional con el apoyo del municipio aysenino de tres maquinarias que se sumar\u00e1n al parque vehicular de la Primera y la Tercera Compa\u00f1\u00eda de Puerto Ays\u00e9n.<\/p>\n<p style=\"text-align: justify;\">Se trata de m\u00e1quinas de \u00faltima generaci\u00f3n, completamente equipadas, cuyo dise\u00f1o responde a las especificaciones t\u00e9cnicas que cada cuerpo de Bomberos solicit\u00f3 a las compa\u00f1\u00edas a cargo de su armado.<\/p>\n<p style=\"text-align: justify;\">Esto, en el marco del proyecto denominado \u201cAdquisici\u00f3n y reposici\u00f3n de equipamiento mayor y menor para Bomberos de Ays\u00e9n\u201d, gestionado por el Consejo Regional de la instituci\u00f3n y financiado por el Gobierno Regional y la Junta Nacional de Bomberos, el que no s\u00f3lo beneficiar\u00e1 a la instituci\u00f3n, sino que a toda la comunidad<\/p>\n<p style=\"text-align: justify;\">Al respecto, feliz se mostr\u00f3 el superintendente del Cuerpo de Bomberos de Ays\u00e9n, Arturo Loaiza, quien relev\u00f3 esta entrega indicando que \u201cpara nosotros \u00e9ste es un momento de felicidad. Hoy d\u00eda se complementa la entrega de cuatro m\u00e1quinas m\u00e1s, que hacen un total de siete que ya est\u00e1n en servicio en Puerto Ays\u00e9n, de un total de catorce que van a llegar a la comuna\u201d.<\/p>\n<p style=\"text-align: justify;\">Por su parte, el alcalde de la comuna, Luis Mart\u00ednez, se\u00f1al\u00f3 que \u201cesta fue una ceremonia como la que acostumbra a realizar bomberos, con toda la solemnidad que amerita. Como alcalde, estoy muy contento; y como bombero, muy extasiado con lo que est\u00e1 sucediendo. As\u00ed que un gran abrazo a los bomberos, y a la comunidad que apoye a nuestra instituci\u00f3n, y que reciba estos veh\u00edculos que ser\u00e1n fundamentales en la labor que realizan los cofrades\u201d.<\/p>\n<p style=\"text-align: justify;\">Durante la instancia, se hizo entrega de las llaves de cada carro a los oficiales de las compa\u00f1\u00edas beneficiadas, y se procedi\u00f3 a la firma del acta de entrega por el Carro Bomba cisterna marca Scania Iturri, asignado a la Primera compa\u00f1\u00eda de Bomberos como unidad BT-1; adem\u00e1s de la camioneta marca Mercedes Benz, modelo Sprinter 516, asignado a la Tercera Compa\u00f1\u00eda, en su especialidad Grupo de Reconocimiento e Intervenci\u00f3n en Medios Peligrosos, GRIMP, como unidad R-; y el Cami\u00f3n multiprop\u00f3sito pesado marca Mercedes Benz, modelo ATEGO 1630, asignado tambi\u00e9n a la Tercera Compa\u00f1\u00eda, como unidad B-3.<\/p>\n<p style=\"text-align: justify;\">\u201cComo gobierno regional estamos avanzando en estas etapas que son parte de un proceso que inicio hace dos a\u00f1os, y que busca implementar poco m\u00e1s de 50 carros bombas y material mayor para las distintas comunas de la regi\u00f3n, y que tiene como objetivo resaltar la gran labor que realiza bomberos a lo largo y ancho del pa\u00eds\u201d, explic\u00f3 el gobernador regional, Marcelo Santana.<\/p>\n<p style=\"text-align: justify;\">La primera autoridad regional adelant\u00f3 que se han comprometido en el avance de la infraestructura para Bomberos. \u201cEstamos avanzando en poder resolver prontamente los recursos que permitan la construcci\u00f3n de un nuevo cuartel, que corresponder\u00eda a la tercera de la compa\u00f1\u00eda de Puerto Ays\u00e9n\u201d, finaliz\u00f3.<\/p>\n<\/div><\/section><\/div><div  style='height:50px' class='hr hr-invisible   avia-builder-el-6  el_after_av_one_full  el_before_av_social_share '><span class='hr-inner ' ><span class='hr-inner-style'><\/span><\/span><\/div><\/p>\n<div  class='av-social-sharing-box  avia-builder-el-7  el_after_av_hr  el_before_av_hr  '><div class='av-share-box'><h5 class='av-share-link-description av-no-toc '>Compartir esta noticia<\/h5><ul class='av-share-box-list noLightbox'><li class='av-share-link av-social-link-facebook' ><a target=\"_blank\" aria-label=\"Compartir en Facebook\" href='https:\/\/www.facebook.com\/sharer.php?u=https:\/\/radiorevelacionfm.cl\/?p=53408&#038;t=Entregan%20tres%20nuevos%20veh%C3%ADculos%20a%20Bomberos%20de%20la%20comuna%20de%20Ays%C3%A9n' aria-hidden='false' data-av_icon='\ue8f3' data-av_iconfont='entypo-fontello' title='' data-avia-related-tooltip='Compartir en Facebook' rel=\"noopener\"><span class='avia_hidden_link_text'>Compartir en Facebook<\/span><\/a><\/li><li class='av-share-link av-social-link-twitter' ><a target=\"_blank\" aria-label=\"Compartir en Twitter\" href='https:\/\/twitter.com\/share?text=Entregan%20tres%20nuevos%20veh%C3%ADculos%20a%20Bomberos%20de%20la%20comuna%20de%20Ays%C3%A9n&#038;url=https:\/\/radiorevelacionfm.cl\/?p=53408' aria-hidden='false' data-av_icon='\ue8f1' data-av_iconfont='entypo-fontello' title='' data-avia-related-tooltip='Compartir en Twitter' rel=\"noopener\"><span class='avia_hidden_link_text'>Compartir en Twitter<\/span><\/a><\/li><li class='av-share-link av-social-link-whatsapp' ><a target=\"_blank\" aria-label=\"Compartir en Whatsapp\" href='https:\/\/api.whatsapp.com\/send?text=https:\/\/radiorevelacionfm.cl\/?p=53408' aria-hidden='false' data-av_icon='\uf232' data-av_iconfont='entypo-fontello' title='' data-avia-related-tooltip='Compartir en Whatsapp' rel=\"noopener\"><span class='avia_hidden_link_text'>Compartir en Whatsapp<\/span><\/a><\/li><li class='av-share-link av-social-link-linkedin' ><a target=\"_blank\" aria-label=\"Compartir en LinkedIn\" href='https:\/\/linkedin.com\/shareArticle?mini=true&#038;title=Entregan%20tres%20nuevos%20veh%C3%ADculos%20a%20Bomberos%20de%20la%20comuna%20de%20Ays%C3%A9n&#038;url=https:\/\/radiorevelacionfm.cl\/?p=53408' aria-hidden='false' data-av_icon='\ue8fc' data-av_iconfont='entypo-fontello' title='' data-avia-related-tooltip='Compartir en LinkedIn' rel=\"noopener\"><span class='avia_hidden_link_text'>Compartir en LinkedIn<\/span><\/a><\/li><li class='av-share-link av-social-link-mail' ><a  aria-label=\"Compartir por correo\" href='mailto:?subject=Entregan%20tres%20nuevos%20veh%C3%ADculos%20a%20Bomberos%20de%20la%20comuna%20de%20Ays%C3%A9n&#038;body=https:\/\/radiorevelacionfm.cl\/?p=53408' aria-hidden='false' data-av_icon='\ue805' data-av_iconfont='entypo-fontello' title='' data-avia-related-tooltip='Compartir por correo'><span class='avia_hidden_link_text'>Compartir por correo<\/span><\/a><\/li><\/ul><\/div><\/div>\n<div  style='height:50px' class='hr hr-invisible   avia-builder-el-8  el_after_av_social_share  el_before_av_comments_list '><span class='hr-inner ' ><span class='hr-inner-style'><\/span><\/span><\/div>\n<div  class='av-buildercomment  av-blog-meta-html-info-disabled av-blog-meta-tag-disabled  '><\/div>\n","protected":false},"excerpt":{"rendered":"","protected":false},"author":1,"featured_media":53409,"comment_status":"closed","ping_status":"closed","sticky":false,"template":"","format":"standard","meta":{"footnotes":""},"categories":[38],"tags":[],"class_list":["post-53408","post","type-post","status-publish","format-standard","has-post-thumbnail","hentry","category-regional"],"jetpack_featured_media_url":"https:\/\/radiorevelacionfm.cl\/wp-content\/uploads\/2025\/05\/Imagen-de-WhatsApp-2025-04-30-a-las-09.38.43_863bb14f-1-1.jpg","_links":{"self":[{"href":"https:\/\/radiorevelacionfm.cl\/index.php?rest_route=\/wp\/v2\/posts\/53408","targetHints":{"allow":["GET"]}}],"collection":[{"href":"https:\/\/radiorevelacionfm.cl\/index.php?rest_route=\/wp\/v2\/posts"}],"about":[{"href":"https:\/\/radiorevelacionfm.cl\/index.php?rest_route=\/wp\/v2\/types\/post"}],"author":[{"embeddable":true,"href":"https:\/\/radiorevelacionfm.cl\/index.php?rest_route=\/wp\/v2\/users\/1"}],"replies":[{"embeddable":true,"href":"https:\/\/radiorevelacionfm.cl\/index.php?rest_route=%2Fwp%2Fv2%2Fcomments&post=53408"}],"version-history":[{"count":2,"href":"https:\/\/radiorevelacionfm.cl\/index.php?rest_route=\/wp\/v2\/posts\/53408\/revisions"}],"predecessor-version":[{"id":53411,"href":"https:\/\/radiorevelacionfm.cl\/index.php?rest_route=\/wp\/v2\/posts\/53408\/revisions\/53411"}],"wp:featuredmedia":[{"embeddable":true,"href":"https:\/\/radiorevelacionfm.cl\/index.php?rest_route=\/wp\/v2\/media\/53409"}],"wp:attachment":[{"href":"https:\/\/radiorevelacionfm.cl\/index.php?rest_route=%2Fwp%2Fv2%2Fmedia&parent=53408"}],"wp:term":[{"taxonomy":"category","embeddable":true,"href":"https:\/\/radiorevelacionfm.cl\/index.php?rest_route=%2Fwp%2Fv2%2Fcategories&post=53408"},{"taxonomy":"post_tag","embeddable":true,"href":"https:\/\/radiorevelacionfm.cl\/index.php?rest_route=%2Fwp%2Fv2%2Ftags&post=53408"}],"curies":[{"name":"wp","href":"https:\/\/api.w.org\/{rel}","templated":true}]}}