{"id":53385,"date":"2025-05-03T12:52:16","date_gmt":"2025-05-03T15:52:16","guid":{"rendered":"https:\/\/radiorevelacionfm.cl\/?p=53385"},"modified":"2025-05-03T12:52:16","modified_gmt":"2025-05-03T15:52:16","slug":"diputada-raphael-lamenta-falta-de-acciones-concretas-tras-reunion-con-el-ministro-de-agricultura-y-representantes-del-agro-en-aysen","status":"publish","type":"post","link":"https:\/\/radiorevelacionfm.cl\/?p=53385","title":{"rendered":"Diputada Raphael lamenta falta de acciones concretas tras reuni\u00f3n con el ministro de Agricultura y representantes del agro en Ays\u00e9n"},"content":{"rendered":"<div class=\"flex_column av_one_full  flex_column_div av-zero-column-padding first  avia-builder-el-0  el_before_av_one_full  avia-builder-el-first  \" style='border-radius:0px; '><div  class='avia-image-container  av-styling-    avia-builder-el-1  avia-builder-el-no-sibling  avia-align-center '  itemprop=\"image\" itemscope=\"itemscope\" itemtype=\"https:\/\/schema.org\/ImageObject\"  ><div class='avia-image-container-inner'><div class='avia-image-overlay-wrap'><img decoding=\"async\" class='wp-image-53386 avia-img-lazy-loading-not-53386 avia_image' src=\"https:\/\/radiorevelacionfm.cl\/wp-content\/uploads\/2025\/04\/diputada-m-raphael-1_optimized.jpeg\" alt='' title='diputada-m-raphael-(1)_optimized' height=\"600\" width=\"901\"  itemprop=\"thumbnailUrl\" srcset=\"https:\/\/radiorevelacionfm.cl\/wp-content\/uploads\/2025\/04\/diputada-m-raphael-1_optimized.jpeg 901w, https:\/\/radiorevelacionfm.cl\/wp-content\/uploads\/2025\/04\/diputada-m-raphael-1_optimized-300x200.jpeg 300w, https:\/\/radiorevelacionfm.cl\/wp-content\/uploads\/2025\/04\/diputada-m-raphael-1_optimized-768x511.jpeg 768w, https:\/\/radiorevelacionfm.cl\/wp-content\/uploads\/2025\/04\/diputada-m-raphael-1_optimized-705x469.jpeg 705w, https:\/\/radiorevelacionfm.cl\/wp-content\/uploads\/2025\/04\/diputada-m-raphael-1_optimized-450x300.jpeg 450w, https:\/\/radiorevelacionfm.cl\/wp-content\/uploads\/2025\/04\/diputada-m-raphael-1_optimized-600x400.jpeg 600w\" sizes=\"(max-width: 901px) 100vw, 901px\" \/><\/div><\/div><\/div><\/div><div class=\"flex_column av_one_full  flex_column_div av-zero-column-padding first  avia-builder-el-2  el_after_av_one_full  el_before_av_one_full  column-top-margin\" style='border-radius:0px; '><section class=\"av_textblock_section \"  itemscope=\"itemscope\" itemtype=\"https:\/\/schema.org\/BlogPosting\" itemprop=\"blogPost\" ><div class='avia_textblock  '   itemprop=\"text\" ><p style=\"text-align: center;\"><strong><span style=\"font-size: 18pt;\">Diputada Raphael lamenta falta de acciones concretas tras reuni\u00f3n con el ministro de Agricultura y representantes del agro en Ays\u00e9n<\/span><\/strong><\/p>\n<div id=\"gtx-trans\" style=\"position: absolute; left: -50px; top: 4.31534px;\">\n<div class=\"gtx-trans-icon\"><\/div>\n<\/div>\n<\/div><\/section><\/div><div class=\"flex_column av_one_full  flex_column_div av-zero-column-padding first  avia-builder-el-4  el_after_av_one_full  el_before_av_hr  column-top-margin\" style='border-radius:0px; '><section class=\"av_textblock_section \"  itemscope=\"itemscope\" itemtype=\"https:\/\/schema.org\/BlogPosting\" itemprop=\"blogPost\" ><div class='avia_textblock  '   itemprop=\"text\" ><p style=\"text-align: justify;\">La parlamentaria Marcia Raphael, manifest\u00f3 su profunda preocupaci\u00f3n tras la reciente reuni\u00f3n sostenida entre el Ministro de Agricultura, Esteban Valenzuela, y los representantes de los gremios del agro de la regi\u00f3n de Ays\u00e9n. A pesar de que la cita permiti\u00f3 un intercambio de opiniones y preocupaciones, la legisladora se\u00f1al\u00f3 que no se alcanzaron acuerdos concretos ni se vislumbraron soluciones efectivas a las problem\u00e1ticas que enfrenta el sector agr\u00edcola y campesino local.<\/p>\n<p style=\"text-align: justify;\">La diputada Raphael se\u00f1al\u00f3: \u201cTuvimos una reuni\u00f3n con el ministro y con dirigentes campesinos de la regi\u00f3n de Ays\u00e9n que representaban distintos gremios.<\/p>\n<p style=\"text-align: justify;\">Lamentablemente, fue una reuni\u00f3n que tuvo de dulce y de agraz, porque siento que fue un di\u00e1logo de sordos. Todos los campesinos expresaron sus dolencias, sus sue\u00f1os y los problemas que enfrentan en su d\u00eda a d\u00eda. Sin embargo, la respuesta del ministro a cada una de las consultas e inquietudes planteadas se centr\u00f3 en destacar las pol\u00edticas p\u00fablicas implementadas por el gobierno, las cuales, en muchos casos, no han tenido un impacto real en nuestra regi\u00f3n\u201d.<\/p>\n<p style=\"text-align: justify;\">La situaci\u00f3n en Ays\u00e9n es singular y compleja. Raphael enfatiz\u00f3 que \u201cnosotros vivimos una realidad distinta, una realidad que sin duda es totalmente diferente de Puerto Montt hacia el norte\u201d. Esta afirmaci\u00f3n resalta la necesidad urgente de que las autoridades comprendan las particularidades del sector agr\u00edcola y ganadero de Ays\u00e9n y respondan a las necesidades espec\u00edficas de sus habitantes.<\/p>\n<p style=\"text-align: justify;\">Durante la reuni\u00f3n, los representantes del sector agr\u00edcola hicieron entrega de documentos que conten\u00edan sus solicitudes y requerimientos m\u00e1s apremiantes.<\/p>\n<p style=\"text-align: justify;\">\u00a0\u201cCada uno de ellos entreg\u00f3 sus demandas que previamente fueron expuestas: falta de mercado para la lana, la necesidad de que las ayudas sean expedidas para las emergencias de invierno, temas de riego, alto costo de los arriendos fiscales, abigeato, entre otros. Esperamos que las respuestas a esas inquietudes, a esos sue\u00f1os, a esas necesidades, sean respuestas concretas, con pol\u00edticas p\u00fablicas efectivas que vayan en beneficio de cada uno de los ganaderos y agricultores que hoy d\u00eda no lo est\u00e1n pasando bien por todas las dificultades que se han enfrentado\u201d, destac\u00f3 la parlamentaria.<\/p>\n<p style=\"text-align: justify;\">La congresista reiter\u00f3 que es fundamental que el gobierno no solo escuche sus demandas, sino que tambi\u00e9n act\u00fae en consecuencia. \u201cEs vital que se implementen medidas que realmente atiendan los problemas del sector agr\u00edcola en Ays\u00e9n, donde los desaf\u00edos son m\u00faltiples y requieren de una atenci\u00f3n inmediata\u201d, enfatiz\u00f3.<\/p>\n<\/div><\/section><\/div><div  style='height:50px' class='hr hr-invisible   avia-builder-el-6  el_after_av_one_full  el_before_av_social_share '><span class='hr-inner ' ><span class='hr-inner-style'><\/span><\/span><\/div><\/p>\n<div  class='av-social-sharing-box  avia-builder-el-7  el_after_av_hr  el_before_av_hr  '><div class='av-share-box'><h5 class='av-share-link-description av-no-toc '>Compartir esta noticia<\/h5><ul class='av-share-box-list noLightbox'><li class='av-share-link av-social-link-facebook' ><a target=\"_blank\" aria-label=\"Compartir en Facebook\" href='https:\/\/www.facebook.com\/sharer.php?u=https:\/\/radiorevelacionfm.cl\/?p=53385&#038;t=Diputada%20Raphael%20lamenta%20falta%20de%20acciones%20concretas%20tras%20reuni%C3%B3n%20con%20el%20ministro%20de%20Agricultura%20y%20representantes%20del%20agro%20en%20Ays%C3%A9n' aria-hidden='false' data-av_icon='\ue8f3' data-av_iconfont='entypo-fontello' title='' data-avia-related-tooltip='Compartir en Facebook' rel=\"noopener\"><span class='avia_hidden_link_text'>Compartir en Facebook<\/span><\/a><\/li><li class='av-share-link av-social-link-twitter' ><a target=\"_blank\" aria-label=\"Compartir en Twitter\" href='https:\/\/twitter.com\/share?text=Diputada%20Raphael%20lamenta%20falta%20de%20acciones%20concretas%20tras%20reuni%C3%B3n%20con%20el%20ministro%20de%20Agricultura%20y%20representantes%20del%20agro%20en%20Ays%C3%A9n&#038;url=https:\/\/radiorevelacionfm.cl\/?p=53385' aria-hidden='false' data-av_icon='\ue8f1' data-av_iconfont='entypo-fontello' title='' data-avia-related-tooltip='Compartir en Twitter' rel=\"noopener\"><span class='avia_hidden_link_text'>Compartir en Twitter<\/span><\/a><\/li><li class='av-share-link av-social-link-whatsapp' ><a target=\"_blank\" aria-label=\"Compartir en Whatsapp\" href='https:\/\/api.whatsapp.com\/send?text=https:\/\/radiorevelacionfm.cl\/?p=53385' aria-hidden='false' data-av_icon='\uf232' data-av_iconfont='entypo-fontello' title='' data-avia-related-tooltip='Compartir en Whatsapp' rel=\"noopener\"><span class='avia_hidden_link_text'>Compartir en Whatsapp<\/span><\/a><\/li><li class='av-share-link av-social-link-linkedin' ><a target=\"_blank\" aria-label=\"Compartir en LinkedIn\" href='https:\/\/linkedin.com\/shareArticle?mini=true&#038;title=Diputada%20Raphael%20lamenta%20falta%20de%20acciones%20concretas%20tras%20reuni%C3%B3n%20con%20el%20ministro%20de%20Agricultura%20y%20representantes%20del%20agro%20en%20Ays%C3%A9n&#038;url=https:\/\/radiorevelacionfm.cl\/?p=53385' aria-hidden='false' data-av_icon='\ue8fc' data-av_iconfont='entypo-fontello' title='' data-avia-related-tooltip='Compartir en LinkedIn' rel=\"noopener\"><span class='avia_hidden_link_text'>Compartir en LinkedIn<\/span><\/a><\/li><li class='av-share-link av-social-link-mail' ><a  aria-label=\"Compartir por correo\" href='mailto:?subject=Diputada%20Raphael%20lamenta%20falta%20de%20acciones%20concretas%20tras%20reuni%C3%B3n%20con%20el%20ministro%20de%20Agricultura%20y%20representantes%20del%20agro%20en%20Ays%C3%A9n&#038;body=https:\/\/radiorevelacionfm.cl\/?p=53385' aria-hidden='false' data-av_icon='\ue805' data-av_iconfont='entypo-fontello' title='' data-avia-related-tooltip='Compartir por correo'><span class='avia_hidden_link_text'>Compartir por correo<\/span><\/a><\/li><\/ul><\/div><\/div>\n<div  style='height:50px' class='hr hr-invisible   avia-builder-el-8  el_after_av_social_share  el_before_av_comments_list '><span class='hr-inner ' ><span class='hr-inner-style'><\/span><\/span><\/div>\n<div  class='av-buildercomment  av-blog-meta-html-info-disabled av-blog-meta-tag-disabled  '><\/div>\n","protected":false},"excerpt":{"rendered":"","protected":false},"author":1,"featured_media":53386,"comment_status":"closed","ping_status":"closed","sticky":false,"template":"","format":"standard","meta":{"footnotes":""},"categories":[35],"tags":[],"class_list":["post-53385","post","type-post","status-publish","format-standard","has-post-thumbnail","hentry","category-politica"],"jetpack_featured_media_url":"https:\/\/radiorevelacionfm.cl\/wp-content\/uploads\/2025\/04\/diputada-m-raphael-1_optimized.jpeg","_links":{"self":[{"href":"https:\/\/radiorevelacionfm.cl\/index.php?rest_route=\/wp\/v2\/posts\/53385","targetHints":{"allow":["GET"]}}],"collection":[{"href":"https:\/\/radiorevelacionfm.cl\/index.php?rest_route=\/wp\/v2\/posts"}],"about":[{"href":"https:\/\/radiorevelacionfm.cl\/index.php?rest_route=\/wp\/v2\/types\/post"}],"author":[{"embeddable":true,"href":"https:\/\/radiorevelacionfm.cl\/index.php?rest_route=\/wp\/v2\/users\/1"}],"replies":[{"embeddable":true,"href":"https:\/\/radiorevelacionfm.cl\/index.php?rest_route=%2Fwp%2Fv2%2Fcomments&post=53385"}],"version-history":[{"count":2,"href":"https:\/\/radiorevelacionfm.cl\/index.php?rest_route=\/wp\/v2\/posts\/53385\/revisions"}],"predecessor-version":[{"id":53443,"href":"https:\/\/radiorevelacionfm.cl\/index.php?rest_route=\/wp\/v2\/posts\/53385\/revisions\/53443"}],"wp:featuredmedia":[{"embeddable":true,"href":"https:\/\/radiorevelacionfm.cl\/index.php?rest_route=\/wp\/v2\/media\/53386"}],"wp:attachment":[{"href":"https:\/\/radiorevelacionfm.cl\/index.php?rest_route=%2Fwp%2Fv2%2Fmedia&parent=53385"}],"wp:term":[{"taxonomy":"category","embeddable":true,"href":"https:\/\/radiorevelacionfm.cl\/index.php?rest_route=%2Fwp%2Fv2%2Fcategories&post=53385"},{"taxonomy":"post_tag","embeddable":true,"href":"https:\/\/radiorevelacionfm.cl\/index.php?rest_route=%2Fwp%2Fv2%2Ftags&post=53385"}],"curies":[{"name":"wp","href":"https:\/\/api.w.org\/{rel}","templated":true}]}}