{"id":53381,"date":"2025-04-30T21:21:14","date_gmt":"2025-05-01T00:21:14","guid":{"rendered":"https:\/\/radiorevelacionfm.cl\/?p=53381"},"modified":"2025-04-30T21:21:14","modified_gmt":"2025-05-01T00:21:14","slug":"comercio-autoridades-laborales-recuerdan-que-este-1-de-mayo-es-feriado-obligatorio-e-irrenunciable","status":"publish","type":"post","link":"https:\/\/radiorevelacionfm.cl\/?p=53381","title":{"rendered":"Comercio: autoridades laborales recuerdan que este 1 de mayo es feriado obligatorio e irrenunciable"},"content":{"rendered":"<div class=\"flex_column av_one_full  flex_column_div av-zero-column-padding first  avia-builder-el-0  el_before_av_one_full  avia-builder-el-first  \" style='border-radius:0px; '><div  class='avia-image-container  av-styling-    avia-builder-el-1  avia-builder-el-no-sibling  avia-align-center '  itemprop=\"image\" itemscope=\"itemscope\" itemtype=\"https:\/\/schema.org\/ImageObject\"  ><div class='avia-image-container-inner'><div class='avia-image-overlay-wrap'><img decoding=\"async\" class='wp-image-53382 avia-img-lazy-loading-not-53382 avia_image' src=\"https:\/\/radiorevelacionfm.cl\/wp-content\/uploads\/2025\/04\/recorridocomercio-2-1-1_optimized.jpeg\" alt='' title='recorridocomercio-(2)-(1)-(1)_optimized' height=\"600\" width=\"800\"  itemprop=\"thumbnailUrl\" srcset=\"https:\/\/radiorevelacionfm.cl\/wp-content\/uploads\/2025\/04\/recorridocomercio-2-1-1_optimized.jpeg 800w, https:\/\/radiorevelacionfm.cl\/wp-content\/uploads\/2025\/04\/recorridocomercio-2-1-1_optimized-300x225.jpeg 300w, https:\/\/radiorevelacionfm.cl\/wp-content\/uploads\/2025\/04\/recorridocomercio-2-1-1_optimized-768x576.jpeg 768w, https:\/\/radiorevelacionfm.cl\/wp-content\/uploads\/2025\/04\/recorridocomercio-2-1-1_optimized-705x529.jpeg 705w, https:\/\/radiorevelacionfm.cl\/wp-content\/uploads\/2025\/04\/recorridocomercio-2-1-1_optimized-450x338.jpeg 450w, https:\/\/radiorevelacionfm.cl\/wp-content\/uploads\/2025\/04\/recorridocomercio-2-1-1_optimized-600x450.jpeg 600w\" sizes=\"(max-width: 800px) 100vw, 800px\" \/><\/div><\/div><\/div><\/div><div class=\"flex_column av_one_full  flex_column_div av-zero-column-padding first  avia-builder-el-2  el_after_av_one_full  el_before_av_one_full  column-top-margin\" style='border-radius:0px; '><section class=\"av_textblock_section \"  itemscope=\"itemscope\" itemtype=\"https:\/\/schema.org\/BlogPosting\" itemprop=\"blogPost\" ><div class='avia_textblock  '   itemprop=\"text\" ><p style=\"text-align: center;\"><span style=\"font-size: 18pt;\"><b>Comercio: autoridades laborales recuerdan que este 1 de mayo es feriado obligatorio e irrenunciable<\/b><\/span><\/p>\n<div id=\"gtx-trans\" style=\"position: absolute; left: -50px; top: 4.31534px;\">\n<div class=\"gtx-trans-icon\"><\/div>\n<\/div>\n<\/div><\/section><\/div><div class=\"flex_column av_one_full  flex_column_div av-zero-column-padding first  avia-builder-el-4  el_after_av_one_full  el_before_av_hr  column-top-margin\" style='border-radius:0px; '><section class=\"av_textblock_section \"  itemscope=\"itemscope\" itemtype=\"https:\/\/schema.org\/BlogPosting\" itemprop=\"blogPost\" ><div class='avia_textblock  '   itemprop=\"text\" ><p style=\"text-align: justify;\"><em>Multas pueden superar el mill\u00f3n y 300 mil pesos por cada trabajador en infracci\u00f3n.<\/em><\/p>\n<p style=\"text-align: justify;\"><em>Aquellos locales que sean atendidos por sus propios due\u00f1os y\/o familiares directos s\u00ed podr\u00e1n funcionar.<\/em><\/p>\n<p class=\"v1MsoNormal\" style=\"text-align: justify;\">La Seremi del Trabajo y Previsi\u00f3n Social junto al Director regional del Trabajo, Christian Aros, recordaron que este 1 de mayo, D\u00eda Internacional del Trabajador y Trabajadora es feriado obligatorio e irrenunciable para quienes laboran en el comercio.<\/p>\n<p class=\"v1MsoNormal\" style=\"text-align: justify;\">El 1 de mayo es uno de los cinco feriados obligatorios e irrenunciables en el comercio, tal como el del 1 de enero, 18 y 19 de septiembre y 25 de diciembre, establecidos como tales a fines de 2007.<\/p>\n<p class=\"v1MsoNormal\" style=\"text-align: justify;\">La Seremi del Trabajo y Previsi\u00f3n Social de Ays\u00e9n, Camila Covarrubias, entreg\u00f3 detalles sobre este feriado, \u00abEste jueves 1 de mayo se conmemora el D\u00eda Internacional del Trabajador, significativa fecha que busca destacar el avance y los desaf\u00edos en los derechos laborales en Chile y en el mundo. Este es un d\u00eda que es feriado obligatorio e irrenunciable para las y los trabajadores del comercio y, por lo tanto, le pedimos a los empleadores respetar este feriado, como hist\u00f3ricamente se ha hecho en nuestra regi\u00f3n de Ays\u00e9n\u00bb.<\/p>\n<p class=\"v1MsoNormal\" style=\"text-align: justify;\">Sobre orientaciones y denuncias, Covarrubias afirm\u00f3, \u00abLos trabajadores del comercio tendr\u00e1n que estar fuera de su lugar de trabajo a las 21 horas del mi\u00e9rcoles 30 de abril y hasta las 6 horas del viernes 2 de mayo. Como Gobierno nos interesa que se cumpla su debido descanso y, por ello, en el sitio web de la Direcci\u00f3n del Trabajo,\u00a0<a href=\"http:\/\/www.direcciondeltrabajo.cl\/\" target=\"_blank\" rel=\"noopener noreferrer\">www.direcciondeltrabajo.cl<\/a>, habr\u00e1 informaci\u00f3n sobre la normativa para este feriado. Adem\u00e1s, le solicitamos que los denuncias y orientaciones que ustedes quieran realizar, las hagan en el sitio web de la direcci\u00f3n del trabajo o tambi\u00e9n en el tel\u00e9fono de atenci\u00f3n 6004504000 entre las 9 y las 15 horas del d\u00eda primero de mayo. Aprovecho esta instancia para enviarles a las y los trabajadores un saludo fraterno en este especial d\u00eda\u00bb, mencion\u00f3.<\/p>\n<p class=\"v1MsoNormal\" style=\"text-align: justify;\">En tanto, el Director regional del Trabajo, Christian Aros, se refiri\u00f3 a la fiscalizaci\u00f3n de este feriado, \u00abComo Direcci\u00f3n del Trabajo vamos a estar fiscalizando a trav\u00e9s de turnos de trabajo, como lo hacemos todos los primeros de mayo, en los 5 feriados adem\u00e1s irrenunciables que tenemos en Chile para los trabajadores del comercio. Fiscalizaremos materias como no otorgar el feriado obligatorio e irrenunciable a los trabajadores del comercio, o sea, que aquellas empresas que no deban estar trabajando, no trabajen; no otorgar el descanso alternado cada 2 a\u00f1os a los dependientes aceptados en el feriado. Es decir, que a los trabajadores que pudiendo trabajar el a\u00f1o pasado, que pueden trabajar en este tipo de feriados este a\u00f1o, descansen si trabajaron el 1 de mayo del a\u00f1o pasado; e iniciar el descanso por d\u00edas festivos despu\u00e9s de las 21 horas. Esas 3 materias vamos a estar fiscalizando este primero de mayo\u00bb.<\/p>\n<p class=\"v1MsoNormal\" style=\"text-align: justify;\">Con respecto a las multas a las cuales se exponen los empleadores\/as, Aros afirm\u00f3, \u00abLas multas de las infracciones de estas normas fluct\u00faan entre los $340.000 pesos y m\u00e1s de $1.300.000 por cada trabajador y trabajadora sorprendido en infracci\u00f3n. Tambi\u00e9n tenemos otro tipo de multas que est\u00e1n consideradas para aquellos trabajadores en que inicie su descanso con posterioridad a las 21 horas, es decir, que los locales sigan funcionando despu\u00e9s de esa hora y las multas tambi\u00e9n pueden ir desde los $343.000 pesos a m\u00e1s de $4.000.000 por infracci\u00f3n. Por \u00faltimo, les recordamos a los locales comerciales que pueden abrir solo si son atendidos por sus propios due\u00f1os y no con trabajadores, porque este es feriado irrenunciable para los trabajadores del comercio\u00bb.<\/p>\n<p class=\"v1MsoNormal\" style=\"text-align: justify;\"><b>Fiscalizaciones<\/b><\/p>\n<p class=\"v1MsoNormal\" style=\"text-align: justify;\">Si durante las fiscalizaciones -que se realizar\u00e1n en respuesta a denuncia, y tambi\u00e9n fruto de recorridos en terreno o por conocimiento a trav\u00e9s de medios locales o regionales- se detecta trabajadores laborando, se deber\u00e1 suspender sus turnos y cursar la multa correspondiente a sus empleadores. S\u00f3lo no se podr\u00e1 suspender si el local infractor es una farmacia de turno o de urgencia y el trabajador afectado cumple la labor de qu\u00edmico farmac\u00e9utico, caso en el cual se aplicar\u00e1 la sanci\u00f3n correspondiente.<\/p>\n<p class=\"v1MsoNormal\" style=\"text-align: justify;\">A nivel nacional el 1 de mayo de 2024 se realizaron 242 fiscalizaciones que terminaron con 80 multas, equivalentes a $89.906.5078 millones. Adem\u00e1s, a 133 trabajadores a los que no les correspond\u00eda trabajar se les suspendi\u00f3 la jornada y fueron enviados a sus casas.<\/p>\n<p class=\"v1MsoNormal\" style=\"text-align: justify;\">En todos los casos, el feriado comienza a las 21.00 horas del d\u00eda anterior al festivo y termina a las 06:00 de la ma\u00f1ana del d\u00eda posterior, salvo los turnos rotativos, para los que rigen otros horarios.<\/p>\n<p class=\"v1MsoNormal\" style=\"text-align: justify;\"><span lang=\"ES-TRAD\">\u00a0<\/span><span lang=\"ES-TRAD\">Las denuncias ser\u00e1n recibidas durante el 1 de mayo:<\/span><\/p>\n<p style=\"text-align: justify;\"><span lang=\"ES-TRAD\">\u00b7\u00a0\u00a0\u00a0\u00a0\u00a0\u00a0\u00a0\u00a0\u00a0<\/span><span lang=\"ES-TRAD\">En el Canal de Atenci\u00f3n Telef\u00f3nico (600 450 4000), entre las 09:00 y las 15:00 horas.<\/span><\/p>\n<p style=\"text-align: justify;\"><span lang=\"ES-TRAD\">\u00b7\u00a0\u00a0\u00a0\u00a0\u00a0\u00a0\u00a0\u00a0\u00a0<\/span><span lang=\"ES-TRAD\">En el sitio web institucional (<a href=\"http:\/\/www.dt.gob.cl\/\" target=\"_blank\" rel=\"noopener noreferrer\">www.dt.gob.cl<\/a>), desde las 00:00 hasta las 15:00 horas.<\/span><\/p>\n<p class=\"v1MsoNormal\" style=\"text-align: justify;\"><b>Sanciones<\/b><\/p>\n<p class=\"v1MsoNormal\" style=\"text-align: justify;\">En caso de no cumplir con este feriado obligatorio e irrenunciable las infracciones ser\u00e1n sancionadas con multas que van desde las 5 UTM ($343.240 al mes de mayo de 2025) hasta 20 UTM ($1.372.960 al mes de mayo de 2025)\u00a0<u>por cada trabajador afectado por la infracci\u00f3n<\/u>, considerando el n\u00famero de trabajadores total de la empresa. (Inc. final, Art. 2. Ley 19.973).<\/p>\n<ul style=\"text-align: justify;\" type=\"disc\">\n<li class=\"v1MsoNormal\">De 1 a 9 trabajadores: 5 UTM por cada trabajador afectado.<\/li>\n<li class=\"v1MsoNormal\">De 10 a 49 trabajadores: 5 UTM por cada trabajador afectado.<\/li>\n<li class=\"v1MsoNormal\">50 a 199 trabajadores: 10 UTM por cada trabajador afectado.<\/li>\n<li class=\"v1MsoNormal\">De 200 y m\u00e1s trabajadores: 20 UTM por cada trabajador afectado.<\/li>\n<\/ul>\n<p class=\"v1MsoNormal\" style=\"text-align: justify;\">Los trabajadores en infracci\u00f3n deber\u00e1n cesar de inmediato sus turnos y abandonar su lugar de trabajo.<\/p>\n<p class=\"v1MsoNormal\" style=\"text-align: justify;\">En caso de no otorgar el descanso alternado a los trabajadores que laboraron en el mismo feriado del a\u00f1o anterior para el mismo empleador, las multas van desde las 5 UTM ($343.240 al mes de mayo de 2025) hasta 20 UTM ($1.372.960 al mes de mayo de 2025)\u00a0<u>por cada trabajador afectado por la infracci\u00f3n<\/u>, considerando el n\u00famero de trabajadores total de la empresa. (Inc. final, Art. 2. Ley 19.973).<\/p>\n<ul style=\"text-align: justify;\" type=\"disc\">\n<li class=\"v1MsoNormal\">De 1 a 9 trabajadores: 5 UTM por cada trabajador afectado.<\/li>\n<li class=\"v1MsoNormal\">De 10 a 49 trabajadores: 5 UTM por cada trabajador afectado.<\/li>\n<li class=\"v1MsoNormal\">De 50 a 199 trabajadores: 10 UTM por cada trabajador afectado.<\/li>\n<li class=\"v1MsoNormal\">De 200 y m\u00e1s trabajadores: 20 UTM por cada trabajador afectado.<\/li>\n<\/ul>\n<p class=\"v1MsoNormal\" style=\"text-align: justify;\">En caso de iniciar el descanso despu\u00e9s de las 21 horas del d\u00eda anterior 30 de abril, las multas van entre las 5 UTM ($343.240 al mes de mayo de 2025) y las 60 UTM ($4.118.880 al mes de mayo de 2025)\u00a0<u>por infracci\u00f3n<\/u>, considerando el n\u00famero de trabajadores total de la empresa (Inc. Final Art. 2 Ley 19.973).<\/p>\n<p class=\"v1MsoNormal\" style=\"text-align: justify;\">\u2022\u00a0\u00a0\u00a0\u00a0\u00a0\u00a0\u00a0\u00a0\u00a0\u00a0\u00a0\u00a0 De 1 a 9 trabajadores: 5 UTM por cada trabajador afectado.<\/p>\n<p class=\"v1MsoNormal\" style=\"text-align: justify;\">\u2022\u00a0\u00a0\u00a0\u00a0\u00a0\u00a0\u00a0\u00a0\u00a0\u00a0\u00a0\u00a0 De 10 a 49 trabajadores: 10 UTM por cada trabajador afectado ($686.480)<\/p>\n<p class=\"v1MsoNormal\" style=\"text-align: justify;\">\u2022\u00a0\u00a0\u00a0\u00a0\u00a0\u00a0\u00a0\u00a0\u00a0\u00a0\u00a0\u00a0 De 50 a 199 trabajadores: 40 UTM por cada trabajador afectado. ($2.745.920)<\/p>\n<p class=\"v1MsoNormal\" style=\"text-align: justify;\">\u2022\u00a0\u00a0\u00a0\u00a0\u00a0\u00a0\u00a0\u00a0\u00a0\u00a0\u00a0\u00a0 De 200 y m\u00e1s trabajadores: 60 UTM por cada trabajador afectado.<\/p>\n<p class=\"v1MsoNormal\" style=\"text-align: justify;\">NOTA: el valor de la UTM en mayo de 2025 es de $68.648.<\/p>\n<p class=\"v1MsoNormal\" style=\"text-align: justify;\"><b>Normas<\/b><\/p>\n<p class=\"v1MsoNormal\" style=\"text-align: justify;\">El feriado obligatorio e irrenunciable del 1 de mayo impone que el comercio debe estar cerrado desde las 21:00 horas del mi\u00e9rcoles 30 de abril y hasta las 06:00 horas del viernes 2 de mayo, salvo que los dependientes laboren en turnos rotativos, caso en el cual estos podr\u00edan prestar servicios entre las 21:00 y las 00:00 horas del d\u00eda 30 de abril o entre 00:00 y las 06:00 del d\u00eda 2 de mayo cuando el respectivo turno incida en dichos per\u00edodos.<\/p>\n<p class=\"v1MsoNormal\" style=\"text-align: justify;\">Son favorecidos los trabajadores del comercio cuyas labores se relacionen con el expendio o venta directa al p\u00fablico y tambi\u00e9n quienes cumplen labores \u00edntimamente ligadas con esa funci\u00f3n, como cajeros y empaquetadores. No gozan de este beneficio quienes cumplen otras funciones no directamente ligadas con la venta. Por ejemplo: tareas administrativas, de bodegaje, reposici\u00f3n y transporte de mercader\u00eda, vigilancia de seguridad.<\/p>\n<p class=\"v1MsoNormal\" style=\"text-align: justify;\">Se except\u00faan del feriado irrenunciable los trabajadores del comercio de clubes y restaurantes; establecimientos de entretenimiento (cines, espect\u00e1culos en vivo, discotecas, pub, cabaret), locales comerciales en los aer\u00f3dromos civiles p\u00fablicos y aeropuertos, casinos de juegos y otros lugares de juegos legalmente autorizados; y expendio de combustibles, farmacias de urgencia y farmacias que deban cumplir turnos fijados por la autoridad sanitaria. Tambi\u00e9n deben trabajar los dependientes de las llamadas \u00abtiendas de conveniencia\u00bb adosadas a los servicentros si venden alimentos preparados all\u00ed mismo.<\/p>\n<p class=\"v1MsoNormal\" style=\"text-align: justify;\">Todos estos trabajadores s\u00ed tendr\u00e1n derecho a tomar descanso a lo menos una vez cada dos a\u00f1os si contin\u00faan contratados por el mismo empleador, seg\u00fan la ley 20.918. En virtud de ella, los trabajadores pueden pactar con su empleador la rotaci\u00f3n del personal necesaria para este fin. Es decir, si un trabajador labor\u00f3 el 1 de mayo del 2024 y contin\u00faa trabajando para el mismo empleador, esta vez deber\u00e1 descansar.<\/p>\n<\/div><\/section><\/div><div  style='height:50px' class='hr hr-invisible   avia-builder-el-6  el_after_av_one_full  el_before_av_social_share '><span class='hr-inner ' ><span class='hr-inner-style'><\/span><\/span><\/div><\/p>\n<div  class='av-social-sharing-box  avia-builder-el-7  el_after_av_hr  el_before_av_hr  '><div class='av-share-box'><h5 class='av-share-link-description av-no-toc '>Compartir esta noticia<\/h5><ul class='av-share-box-list noLightbox'><li class='av-share-link av-social-link-facebook' ><a target=\"_blank\" aria-label=\"Compartir en Facebook\" href='https:\/\/www.facebook.com\/sharer.php?u=https:\/\/radiorevelacionfm.cl\/?p=53381&#038;t=Comercio%3A%20autoridades%20laborales%20recuerdan%20que%20este%201%20de%20mayo%20es%20feriado%20obligatorio%20e%20irrenunciable' aria-hidden='false' data-av_icon='\ue8f3' data-av_iconfont='entypo-fontello' title='' data-avia-related-tooltip='Compartir en Facebook' rel=\"noopener\"><span class='avia_hidden_link_text'>Compartir en Facebook<\/span><\/a><\/li><li class='av-share-link av-social-link-twitter' ><a target=\"_blank\" aria-label=\"Compartir en Twitter\" href='https:\/\/twitter.com\/share?text=Comercio%3A%20autoridades%20laborales%20recuerdan%20que%20este%201%20de%20mayo%20es%20feriado%20obligatorio%20e%20irrenunciable&#038;url=https:\/\/radiorevelacionfm.cl\/?p=53381' aria-hidden='false' data-av_icon='\ue8f1' data-av_iconfont='entypo-fontello' title='' data-avia-related-tooltip='Compartir en Twitter' rel=\"noopener\"><span class='avia_hidden_link_text'>Compartir en Twitter<\/span><\/a><\/li><li class='av-share-link av-social-link-whatsapp' ><a target=\"_blank\" aria-label=\"Compartir en Whatsapp\" href='https:\/\/api.whatsapp.com\/send?text=https:\/\/radiorevelacionfm.cl\/?p=53381' aria-hidden='false' data-av_icon='\uf232' data-av_iconfont='entypo-fontello' title='' data-avia-related-tooltip='Compartir en Whatsapp' rel=\"noopener\"><span class='avia_hidden_link_text'>Compartir en Whatsapp<\/span><\/a><\/li><li class='av-share-link av-social-link-linkedin' ><a target=\"_blank\" aria-label=\"Compartir en LinkedIn\" href='https:\/\/linkedin.com\/shareArticle?mini=true&#038;title=Comercio%3A%20autoridades%20laborales%20recuerdan%20que%20este%201%20de%20mayo%20es%20feriado%20obligatorio%20e%20irrenunciable&#038;url=https:\/\/radiorevelacionfm.cl\/?p=53381' aria-hidden='false' data-av_icon='\ue8fc' data-av_iconfont='entypo-fontello' title='' data-avia-related-tooltip='Compartir en LinkedIn' rel=\"noopener\"><span class='avia_hidden_link_text'>Compartir en LinkedIn<\/span><\/a><\/li><li class='av-share-link av-social-link-mail' ><a  aria-label=\"Compartir por correo\" href='mailto:?subject=Comercio%3A%20autoridades%20laborales%20recuerdan%20que%20este%201%20de%20mayo%20es%20feriado%20obligatorio%20e%20irrenunciable&#038;body=https:\/\/radiorevelacionfm.cl\/?p=53381' aria-hidden='false' data-av_icon='\ue805' data-av_iconfont='entypo-fontello' title='' data-avia-related-tooltip='Compartir por correo'><span class='avia_hidden_link_text'>Compartir por correo<\/span><\/a><\/li><\/ul><\/div><\/div>\n<div  style='height:50px' class='hr hr-invisible   avia-builder-el-8  el_after_av_social_share  el_before_av_comments_list '><span class='hr-inner ' ><span class='hr-inner-style'><\/span><\/span><\/div>\n<div  class='av-buildercomment  av-blog-meta-html-info-disabled av-blog-meta-tag-disabled  '><\/div>\n","protected":false},"excerpt":{"rendered":"","protected":false},"author":1,"featured_media":53382,"comment_status":"closed","ping_status":"closed","sticky":false,"template":"","format":"standard","meta":{"footnotes":""},"categories":[56],"tags":[],"class_list":["post-53381","post","type-post","status-publish","format-standard","has-post-thumbnail","hentry","category-trabajo"],"jetpack_featured_media_url":"https:\/\/radiorevelacionfm.cl\/wp-content\/uploads\/2025\/04\/recorridocomercio-2-1-1_optimized.jpeg","_links":{"self":[{"href":"https:\/\/radiorevelacionfm.cl\/index.php?rest_route=\/wp\/v2\/posts\/53381","targetHints":{"allow":["GET"]}}],"collection":[{"href":"https:\/\/radiorevelacionfm.cl\/index.php?rest_route=\/wp\/v2\/posts"}],"about":[{"href":"https:\/\/radiorevelacionfm.cl\/index.php?rest_route=\/wp\/v2\/types\/post"}],"author":[{"embeddable":true,"href":"https:\/\/radiorevelacionfm.cl\/index.php?rest_route=\/wp\/v2\/users\/1"}],"replies":[{"embeddable":true,"href":"https:\/\/radiorevelacionfm.cl\/index.php?rest_route=%2Fwp%2Fv2%2Fcomments&post=53381"}],"version-history":[{"count":2,"href":"https:\/\/radiorevelacionfm.cl\/index.php?rest_route=\/wp\/v2\/posts\/53381\/revisions"}],"predecessor-version":[{"id":53384,"href":"https:\/\/radiorevelacionfm.cl\/index.php?rest_route=\/wp\/v2\/posts\/53381\/revisions\/53384"}],"wp:featuredmedia":[{"embeddable":true,"href":"https:\/\/radiorevelacionfm.cl\/index.php?rest_route=\/wp\/v2\/media\/53382"}],"wp:attachment":[{"href":"https:\/\/radiorevelacionfm.cl\/index.php?rest_route=%2Fwp%2Fv2%2Fmedia&parent=53381"}],"wp:term":[{"taxonomy":"category","embeddable":true,"href":"https:\/\/radiorevelacionfm.cl\/index.php?rest_route=%2Fwp%2Fv2%2Fcategories&post=53381"},{"taxonomy":"post_tag","embeddable":true,"href":"https:\/\/radiorevelacionfm.cl\/index.php?rest_route=%2Fwp%2Fv2%2Ftags&post=53381"}],"curies":[{"name":"wp","href":"https:\/\/api.w.org\/{rel}","templated":true}]}}