{"id":5338,"date":"2021-06-16T17:44:14","date_gmt":"2021-06-16T20:44:14","guid":{"rendered":"https:\/\/radiorevelacionfm.cl\/?p=5338"},"modified":"2021-06-16T17:48:09","modified_gmt":"2021-06-16T20:48:09","slug":"despliegue-territorial-permite-a-vecinos-postular-al-ife-universal","status":"publish","type":"post","link":"https:\/\/radiorevelacionfm.cl\/?p=5338","title":{"rendered":"Despliegue Territorial permite a vecinos postular al IFE Universal"},"content":{"rendered":"<div class=\"flex_column av_one_full  flex_column_div av-zero-column-padding first  avia-builder-el-0  el_before_av_one_full  avia-builder-el-first  \" style='border-radius:0px; '><div  class='avia-image-container  av-styling-    avia-builder-el-1  avia-builder-el-no-sibling  avia-align-center '  itemprop=\"image\" itemscope=\"itemscope\" itemtype=\"https:\/\/schema.org\/ImageObject\"  ><div class='avia-image-container-inner'><div class='avia-image-overlay-wrap'><img decoding=\"async\" class='wp-image-5341 avia-img-lazy-loading-not-5341 avia_image' src=\"https:\/\/radiorevelacionfm.cl\/wp-content\/uploads\/2021\/06\/5-51-1_optimized.jpg\" alt='' title='5-(5)1-(1)_optimized' height=\"600\" width=\"1013\"  itemprop=\"thumbnailUrl\" srcset=\"https:\/\/radiorevelacionfm.cl\/wp-content\/uploads\/2021\/06\/5-51-1_optimized.jpg 1013w, https:\/\/radiorevelacionfm.cl\/wp-content\/uploads\/2021\/06\/5-51-1_optimized-300x178.jpg 300w, https:\/\/radiorevelacionfm.cl\/wp-content\/uploads\/2021\/06\/5-51-1_optimized-768x455.jpg 768w, https:\/\/radiorevelacionfm.cl\/wp-content\/uploads\/2021\/06\/5-51-1_optimized-705x418.jpg 705w, https:\/\/radiorevelacionfm.cl\/wp-content\/uploads\/2021\/06\/5-51-1_optimized-600x355.jpg 600w\" sizes=\"(max-width: 1013px) 100vw, 1013px\" \/><\/div><\/div><\/div><\/div><div class=\"flex_column av_one_full  flex_column_div av-zero-column-padding first  avia-builder-el-2  el_after_av_one_full  el_before_av_one_full  column-top-margin\" style='border-radius:0px; '><section class=\"av_textblock_section \"  itemscope=\"itemscope\" itemtype=\"https:\/\/schema.org\/BlogPosting\" itemprop=\"blogPost\" ><div class='avia_textblock  '   itemprop=\"text\" ><p style=\"text-align: center;\"><strong><span style=\"font-size: 18pt;\">Despliegue Territorial permite a vecinos postular al IFE Universal<\/span><\/strong><\/p>\n<div id=\"gtx-trans\" style=\"position: absolute; left: -50px; top: 4.31534px;\">\n<div class=\"gtx-trans-icon\"><\/div>\n<\/div>\n<\/div><\/section><\/div><\/p>\n<div class=\"flex_column av_one_full  flex_column_div av-zero-column-padding first  avia-builder-el-4  el_after_av_one_full  el_before_av_hr  column-top-margin\" style='border-radius:0px; '><section class=\"av_textblock_section \"  itemscope=\"itemscope\" itemtype=\"https:\/\/schema.org\/BlogPosting\" itemprop=\"blogPost\" ><div class='avia_textblock  '   itemprop=\"text\" ><p style=\"text-align: justify;\">El fr\u00edo no fue impedimento para que un grupo de funcionarios de la gobernaci\u00f3n provincial recorrieran algunas calles del sector sur de Puerto Ays\u00e9n para asistir en la postulaci\u00f3n al IFE Universal a varios vecinos que por motivo de la pandemia y otras complicaciones no hab\u00edan podido acceder a este beneficio.<\/p>\n<p style=\"text-align: justify;\">Manuel Ortiz Gobernador de la provincia acompa\u00f1\u00f3 a los funcionarios en donde pudo comprobar lo agradecido que se mostraron las familias en poder postular a esta ayuda en tiempos de pandemia \u201csalimos con funcionarios comprometidos con lo que significa llegar a cada uno de los hogares que no pudieron por alguna raz\u00f3n venir ac\u00e1 a la gobernaci\u00f3n a realizar el proceso que nosotros estamos haciendo desde que aparece por primera vez el IFE, esta vez como \u00faltima etapa lo estamos realizando llegando a los hogares de aquellas personas que a\u00fan no han podido realizar el tr\u00e1mite y as\u00ed lo pudimos percatar ayer donde logramos visitar m\u00e1s de 200 casas en donde un grupo importante de ellos pudo postular al IFE Universal\u201d.<\/p>\n<p style=\"text-align: justify;\">Ana Chac\u00f3n vecina de Puerto Ays\u00e9n y que recibi\u00f3 la visita del equipo territorial y del propio Gobernador agradeci\u00f3 esta instancia \u201ces una gran alegr\u00eda porque cuando uno sabe de estas cosas o no sabe hacerla porque no todos manejamos el internet, para nosotros es una gran ayuda y mucho m\u00e1s cuando la gente anda tan amable y dispuesta a ayudarnos, ojal\u00e1 otras entidades tambi\u00e9n puedan hacer esto, es muy bueno para uno que lo necesita\u201d.<\/p>\n<p style=\"text-align: justify;\">Mencionar que la Ministra de Desarrollo Social y Familia Karla Rubilar anuncio que se extender\u00e1 un nuevo periodo de postulaci\u00f3n cuyas fechas son entre el 21 y 30 de junio.<\/p>\n<\/div><\/section><\/div>\n<div  style='height:50px' class='hr hr-invisible   avia-builder-el-6  el_after_av_one_full  el_before_av_social_share '><span class='hr-inner ' ><span class='hr-inner-style'><\/span><\/span><\/div>\n<div  class='av-social-sharing-box  avia-builder-el-7  el_after_av_hr  el_before_av_hr  '><div class='av-share-box'><h5 class='av-share-link-description av-no-toc '>Compartir esta noticia<\/h5><ul class='av-share-box-list noLightbox'><li class='av-share-link av-social-link-facebook' ><a target=\"_blank\" aria-label=\"Compartir en Facebook\" href='https:\/\/www.facebook.com\/sharer.php?u=https:\/\/radiorevelacionfm.cl\/?p=5338&#038;t=Despliegue%20Territorial%20permite%20a%20vecinos%20postular%20al%20IFE%20Universal' aria-hidden='false' data-av_icon='\ue8f3' data-av_iconfont='entypo-fontello' title='' data-avia-related-tooltip='Compartir en Facebook' rel=\"noopener\"><span class='avia_hidden_link_text'>Compartir en Facebook<\/span><\/a><\/li><li class='av-share-link av-social-link-twitter' ><a target=\"_blank\" aria-label=\"Compartir en Twitter\" href='https:\/\/twitter.com\/share?text=Despliegue%20Territorial%20permite%20a%20vecinos%20postular%20al%20IFE%20Universal&#038;url=https:\/\/radiorevelacionfm.cl\/?p=5338' aria-hidden='false' data-av_icon='\ue8f1' data-av_iconfont='entypo-fontello' title='' data-avia-related-tooltip='Compartir en Twitter' rel=\"noopener\"><span class='avia_hidden_link_text'>Compartir en Twitter<\/span><\/a><\/li><li class='av-share-link av-social-link-whatsapp' ><a target=\"_blank\" aria-label=\"Compartir en Whatsapp\" href='https:\/\/api.whatsapp.com\/send?text=https:\/\/radiorevelacionfm.cl\/?p=5338' aria-hidden='false' data-av_icon='\uf232' data-av_iconfont='entypo-fontello' title='' data-avia-related-tooltip='Compartir en Whatsapp' rel=\"noopener\"><span class='avia_hidden_link_text'>Compartir en Whatsapp<\/span><\/a><\/li><li class='av-share-link av-social-link-linkedin' ><a target=\"_blank\" aria-label=\"Compartir en LinkedIn\" href='https:\/\/linkedin.com\/shareArticle?mini=true&#038;title=Despliegue%20Territorial%20permite%20a%20vecinos%20postular%20al%20IFE%20Universal&#038;url=https:\/\/radiorevelacionfm.cl\/?p=5338' aria-hidden='false' data-av_icon='\ue8fc' data-av_iconfont='entypo-fontello' title='' data-avia-related-tooltip='Compartir en LinkedIn' rel=\"noopener\"><span class='avia_hidden_link_text'>Compartir en LinkedIn<\/span><\/a><\/li><li class='av-share-link av-social-link-mail' ><a  aria-label=\"Compartir por correo\" href='mailto:?subject=Despliegue%20Territorial%20permite%20a%20vecinos%20postular%20al%20IFE%20Universal&#038;body=https:\/\/radiorevelacionfm.cl\/?p=5338' aria-hidden='false' data-av_icon='\ue805' data-av_iconfont='entypo-fontello' title='' data-avia-related-tooltip='Compartir por correo'><span class='avia_hidden_link_text'>Compartir por correo<\/span><\/a><\/li><\/ul><\/div><\/div>\n<div  style='height:50px' class='hr hr-invisible   avia-builder-el-8  el_after_av_social_share  el_before_av_comments_list '><span class='hr-inner ' ><span class='hr-inner-style'><\/span><\/span><\/div>\n<div  class='av-buildercomment  av-blog-meta-html-info-disabled av-blog-meta-tag-disabled  '><\/div>\n","protected":false},"excerpt":{"rendered":"","protected":false},"author":1,"featured_media":5341,"comment_status":"open","ping_status":"open","sticky":false,"template":"","format":"standard","meta":{"footnotes":""},"categories":[38],"tags":[],"class_list":["post-5338","post","type-post","status-publish","format-standard","has-post-thumbnail","hentry","category-regional"],"jetpack_featured_media_url":"https:\/\/radiorevelacionfm.cl\/wp-content\/uploads\/2021\/06\/5-51-1_optimized.jpg","_links":{"self":[{"href":"https:\/\/radiorevelacionfm.cl\/index.php?rest_route=\/wp\/v2\/posts\/5338","targetHints":{"allow":["GET"]}}],"collection":[{"href":"https:\/\/radiorevelacionfm.cl\/index.php?rest_route=\/wp\/v2\/posts"}],"about":[{"href":"https:\/\/radiorevelacionfm.cl\/index.php?rest_route=\/wp\/v2\/types\/post"}],"author":[{"embeddable":true,"href":"https:\/\/radiorevelacionfm.cl\/index.php?rest_route=\/wp\/v2\/users\/1"}],"replies":[{"embeddable":true,"href":"https:\/\/radiorevelacionfm.cl\/index.php?rest_route=%2Fwp%2Fv2%2Fcomments&post=5338"}],"version-history":[{"count":2,"href":"https:\/\/radiorevelacionfm.cl\/index.php?rest_route=\/wp\/v2\/posts\/5338\/revisions"}],"predecessor-version":[{"id":5342,"href":"https:\/\/radiorevelacionfm.cl\/index.php?rest_route=\/wp\/v2\/posts\/5338\/revisions\/5342"}],"wp:featuredmedia":[{"embeddable":true,"href":"https:\/\/radiorevelacionfm.cl\/index.php?rest_route=\/wp\/v2\/media\/5341"}],"wp:attachment":[{"href":"https:\/\/radiorevelacionfm.cl\/index.php?rest_route=%2Fwp%2Fv2%2Fmedia&parent=5338"}],"wp:term":[{"taxonomy":"category","embeddable":true,"href":"https:\/\/radiorevelacionfm.cl\/index.php?rest_route=%2Fwp%2Fv2%2Fcategories&post=5338"},{"taxonomy":"post_tag","embeddable":true,"href":"https:\/\/radiorevelacionfm.cl\/index.php?rest_route=%2Fwp%2Fv2%2Ftags&post=5338"}],"curies":[{"name":"wp","href":"https:\/\/api.w.org\/{rel}","templated":true}]}}