{"id":53371,"date":"2025-05-02T10:59:33","date_gmt":"2025-05-02T13:59:33","guid":{"rendered":"https:\/\/radiorevelacionfm.cl\/?p=53371"},"modified":"2025-05-02T10:59:33","modified_gmt":"2025-05-02T13:59:33","slug":"escuela-de-pedagogia-del-campus-patagonia-organiza-tercera-version-del-concurso-cuenta-tu-cuento-matematico-en-la-patagonia","status":"publish","type":"post","link":"https:\/\/radiorevelacionfm.cl\/?p=53371","title":{"rendered":"Escuela de Pedagog\u00eda del Campus Patagonia organiza tercera versi\u00f3n del concurso \u201cCuenta tu cuento matem\u00e1tico en la Patagonia\u201d"},"content":{"rendered":"<div class=\"flex_column av_one_full  flex_column_div av-zero-column-padding first  avia-builder-el-0  el_before_av_one_full  avia-builder-el-first  \" style='border-radius:0px; '><div  class='avia-image-container  av-styling-    avia-builder-el-1  avia-builder-el-no-sibling  avia-align-center '  itemprop=\"image\" itemscope=\"itemscope\" itemtype=\"https:\/\/schema.org\/ImageObject\"  ><div class='avia-image-container-inner'><div class='avia-image-overlay-wrap'><img decoding=\"async\" class='wp-image-53372 avia-img-lazy-loading-not-53372 avia_image' src=\"https:\/\/radiorevelacionfm.cl\/wp-content\/uploads\/2025\/04\/Cuento-matematico-2025-1-1.jpeg\" alt='' title='Cuento matematico 2025 (1) (1)' height=\"600\" width=\"800\"  itemprop=\"thumbnailUrl\" srcset=\"https:\/\/radiorevelacionfm.cl\/wp-content\/uploads\/2025\/04\/Cuento-matematico-2025-1-1.jpeg 800w, https:\/\/radiorevelacionfm.cl\/wp-content\/uploads\/2025\/04\/Cuento-matematico-2025-1-1-300x225.jpeg 300w, https:\/\/radiorevelacionfm.cl\/wp-content\/uploads\/2025\/04\/Cuento-matematico-2025-1-1-768x576.jpeg 768w, https:\/\/radiorevelacionfm.cl\/wp-content\/uploads\/2025\/04\/Cuento-matematico-2025-1-1-705x529.jpeg 705w, https:\/\/radiorevelacionfm.cl\/wp-content\/uploads\/2025\/04\/Cuento-matematico-2025-1-1-450x338.jpeg 450w, https:\/\/radiorevelacionfm.cl\/wp-content\/uploads\/2025\/04\/Cuento-matematico-2025-1-1-600x450.jpeg 600w\" sizes=\"(max-width: 800px) 100vw, 800px\" \/><\/div><\/div><\/div><\/div><div class=\"flex_column av_one_full  flex_column_div av-zero-column-padding first  avia-builder-el-2  el_after_av_one_full  el_before_av_one_full  column-top-margin\" style='border-radius:0px; '><section class=\"av_textblock_section \"  itemscope=\"itemscope\" itemtype=\"https:\/\/schema.org\/BlogPosting\" itemprop=\"blogPost\" ><div class='avia_textblock  '   itemprop=\"text\" ><p style=\"text-align: center;\"><strong><span style=\"font-size: 18pt;\">Escuela de Pedagog\u00eda del Campus Patagonia organiza tercera versi\u00f3n del concurso \u201cCuenta tu cuento matem\u00e1tico en la Patagonia\u201d<\/span><\/strong><\/p>\n<div id=\"gtx-trans\" style=\"position: absolute; left: -50px; top: 4.31534px;\">\n<div class=\"gtx-trans-icon\"><\/div>\n<\/div>\n<\/div><\/section><\/div><\/p>\n<div class=\"flex_column av_one_full  flex_column_div av-zero-column-padding first  avia-builder-el-4  el_after_av_one_full  el_before_av_hr  column-top-margin\" style='border-radius:0px; '><section class=\"av_textblock_section \"  itemscope=\"itemscope\" itemtype=\"https:\/\/schema.org\/BlogPosting\" itemprop=\"blogPost\" ><div class='avia_textblock  '   itemprop=\"text\" ><p style=\"text-align: justify;\"><em>Este a\u00f1o se incorpora la ilustraci\u00f3n como un elemento complementario a la narraci\u00f3n de la historia matem\u00e1tica.<\/em><\/p>\n<p style=\"text-align: justify;\">En una actividad organizada por la Escuela de Pedagog\u00eda en Educaci\u00f3n B\u00e1sica del Campus Patagonia de la Universidad Austral de Chile y el liceo Josefina Aguirre Montenegro de Coyhaique, se realiz\u00f3 el lanzamiento del concurso \u201cCuenta tu cuento Matem\u00e1tico en la Patagonia\u201d, en el marco del mes de libro y la semana de la matem\u00e1tica, cuyo lema establecido por la UNESCO es \u201cMatem\u00e1tica, Arte y Creatividad\u201d.<\/p>\n<p style=\"text-align: justify;\">Este certamen, en su tercera versi\u00f3n, busca promover la creatividad, el arte y el entusiasmo por el conocimiento interdisciplinario en ni\u00f1os, ni\u00f1as y adolescentes con acompa\u00f1amiento de sus docentes y familias. En este sentido, se considera fortalecer las habilidades comunicativas de los estudiantes, a partir de la escritura creativa y en esta oportunidad, incorporando la ilustraci\u00f3n, que inste a pensar\u00a0\u00a0 desde la interdisciplinariedad entre lenguaje &#8211; comunicaci\u00f3n y las matem\u00e1ticas, contextualiz\u00e1ndolas en la experiencia de habitar la Patagonia.<\/p>\n<p style=\"text-align: justify;\">El profesor Claudio Olave, docente de la Escuela de Pedagog\u00eda del Campus Patagonia y uno de los organizadores del concurso, inst\u00f3 a los estudiantes a participar, \u201cpor tercer a\u00f1o hacemos la invitaci\u00f3n a los distintos colegios de la regi\u00f3n a participar del concurso \u201cCuenta tu Cuento Matem\u00e1tico en la Patagonia\u201d, nuestra intenci\u00f3n es vincular con el medio nuestra carrera e invitar a todos los colegios, en los niveles de tercero a octavo b\u00e1sico, a participar en este certamen, lo que lleva a que las comunidades escolares promuevan un trabajo articulado entre matem\u00e1tica y lenguaje, de tal manera que a trav\u00e9s de la narrativa, de la cratividad y de las distintas posibilidades que nos dan las matem\u00e1ticas en generar problemas, desaf\u00edos o situaciones en las que los n\u00fameros est\u00e9n presentes o situaciones geom\u00e9tricas est\u00e9n presentes, se incorpora un relato en el cual van a haber elementos propios de nuestra regi\u00f3n. En esta tercera versi\u00f3n, este 2025, esperamos que tenga tantos o m\u00e1s participantes que en \u00f1ais anteriores, desde distintas localidades de nuestra regi\u00f3n.<\/p>\n<p style=\"text-align: justify;\">Esta iniciativa est\u00e1 abierta a estudiantes de 3ero. a 8avo. b\u00e1sico de la regi\u00f3n de Ays\u00e9n, quienes para concursar, deben desarrollar un \u201cproblema matem\u00e1tico\u201d contextualizado en la Patagonia, a trav\u00e9s del subg\u00e9nero narrativo: el cuento y su ilustraci\u00f3n.<\/p>\n<p style=\"text-align: justify;\">El cuento debe ser presentado en formato digital, con una extensi\u00f3n no superior a una plana (tama\u00f1o carta). En cuanto a la ilustraci\u00f3n, \u00e9sta debe ocupar tambi\u00e9n una hoja tama\u00f1o carta, con t\u00e9cnica libre y estar de acuerdo con el cuento.<\/p>\n<p style=\"text-align: justify;\">En la evaluaci\u00f3n se considerar\u00e1 que cumplan con el formato y extensi\u00f3n solicitados, el uso adecuado de la estructura de cuento, el planteamiento de un problema matem\u00e1tico como eje central de la narraci\u00f3n y que \u00e9sta se sit\u00fae en la Patagonia. El cuento debe ser original e in\u00e9dito.<\/p>\n<p style=\"text-align: justify;\">Los cuentos deben ser enviados al correo <a href=\"mailto:pedagogiacampuspatagonia@gmail.com\">pedagogiacampuspatagonia@gmail.com<\/a> como plazo m\u00e1ximo <strong>el 30 de mayo 2025, hasta las 23.59<\/strong> h.<\/p>\n<p style=\"text-align: justify;\"><strong>\u00a0<\/strong>Los resultados del concurso se dar\u00e1n a conocer en la <strong>primera semana del mes de julio de 2025<\/strong>.<\/p>\n<p style=\"text-align: justify;\"><strong>\u00a0<\/strong><\/p>\n<\/div><\/section><\/div>\n<div  style='height:50px' class='hr hr-invisible   avia-builder-el-6  el_after_av_one_full  el_before_av_social_share '><span class='hr-inner ' ><span class='hr-inner-style'><\/span><\/span><\/div>\n<div  class='av-social-sharing-box  avia-builder-el-7  el_after_av_hr  el_before_av_hr  '><div class='av-share-box'><h5 class='av-share-link-description av-no-toc '>Compartir esta noticia<\/h5><ul class='av-share-box-list noLightbox'><li class='av-share-link av-social-link-facebook' ><a target=\"_blank\" aria-label=\"Compartir en Facebook\" href='https:\/\/www.facebook.com\/sharer.php?u=https:\/\/radiorevelacionfm.cl\/?p=53371&#038;t=Escuela%20de%20Pedagog%C3%ADa%20del%20Campus%20Patagonia%20organiza%20tercera%20versi%C3%B3n%20del%20concurso%20%E2%80%9CCuenta%20tu%20cuento%20matem%C3%A1tico%20en%20la%20Patagonia%E2%80%9D' aria-hidden='false' data-av_icon='\ue8f3' data-av_iconfont='entypo-fontello' title='' data-avia-related-tooltip='Compartir en Facebook' rel=\"noopener\"><span class='avia_hidden_link_text'>Compartir en Facebook<\/span><\/a><\/li><li class='av-share-link av-social-link-twitter' ><a target=\"_blank\" aria-label=\"Compartir en Twitter\" href='https:\/\/twitter.com\/share?text=Escuela%20de%20Pedagog%C3%ADa%20del%20Campus%20Patagonia%20organiza%20tercera%20versi%C3%B3n%20del%20concurso%20%E2%80%9CCuenta%20tu%20cuento%20matem%C3%A1tico%20en%20la%20Patagonia%E2%80%9D&#038;url=https:\/\/radiorevelacionfm.cl\/?p=53371' aria-hidden='false' data-av_icon='\ue8f1' data-av_iconfont='entypo-fontello' title='' data-avia-related-tooltip='Compartir en Twitter' rel=\"noopener\"><span class='avia_hidden_link_text'>Compartir en Twitter<\/span><\/a><\/li><li class='av-share-link av-social-link-whatsapp' ><a target=\"_blank\" aria-label=\"Compartir en Whatsapp\" href='https:\/\/api.whatsapp.com\/send?text=https:\/\/radiorevelacionfm.cl\/?p=53371' aria-hidden='false' data-av_icon='\uf232' data-av_iconfont='entypo-fontello' title='' data-avia-related-tooltip='Compartir en Whatsapp' rel=\"noopener\"><span class='avia_hidden_link_text'>Compartir en Whatsapp<\/span><\/a><\/li><li class='av-share-link av-social-link-linkedin' ><a target=\"_blank\" aria-label=\"Compartir en LinkedIn\" href='https:\/\/linkedin.com\/shareArticle?mini=true&#038;title=Escuela%20de%20Pedagog%C3%ADa%20del%20Campus%20Patagonia%20organiza%20tercera%20versi%C3%B3n%20del%20concurso%20%E2%80%9CCuenta%20tu%20cuento%20matem%C3%A1tico%20en%20la%20Patagonia%E2%80%9D&#038;url=https:\/\/radiorevelacionfm.cl\/?p=53371' aria-hidden='false' data-av_icon='\ue8fc' data-av_iconfont='entypo-fontello' title='' data-avia-related-tooltip='Compartir en LinkedIn' rel=\"noopener\"><span class='avia_hidden_link_text'>Compartir en LinkedIn<\/span><\/a><\/li><li class='av-share-link av-social-link-mail' ><a  aria-label=\"Compartir por correo\" href='mailto:?subject=Escuela%20de%20Pedagog%C3%ADa%20del%20Campus%20Patagonia%20organiza%20tercera%20versi%C3%B3n%20del%20concurso%20%E2%80%9CCuenta%20tu%20cuento%20matem%C3%A1tico%20en%20la%20Patagonia%E2%80%9D&#038;body=https:\/\/radiorevelacionfm.cl\/?p=53371' aria-hidden='false' data-av_icon='\ue805' data-av_iconfont='entypo-fontello' title='' data-avia-related-tooltip='Compartir por correo'><span class='avia_hidden_link_text'>Compartir por correo<\/span><\/a><\/li><\/ul><\/div><\/div>\n<div  style='height:50px' class='hr hr-invisible   avia-builder-el-8  el_after_av_social_share  el_before_av_comments_list '><span class='hr-inner ' ><span class='hr-inner-style'><\/span><\/span><\/div>\n<div  class='av-buildercomment  av-blog-meta-html-info-disabled av-blog-meta-tag-disabled  '><\/div>\n","protected":false},"excerpt":{"rendered":"","protected":false},"author":1,"featured_media":53372,"comment_status":"closed","ping_status":"closed","sticky":false,"template":"","format":"standard","meta":{"footnotes":""},"categories":[49],"tags":[],"class_list":["post-53371","post","type-post","status-publish","format-standard","has-post-thumbnail","hentry","category-educacion"],"jetpack_featured_media_url":"https:\/\/radiorevelacionfm.cl\/wp-content\/uploads\/2025\/04\/Cuento-matematico-2025-1-1.jpeg","_links":{"self":[{"href":"https:\/\/radiorevelacionfm.cl\/index.php?rest_route=\/wp\/v2\/posts\/53371","targetHints":{"allow":["GET"]}}],"collection":[{"href":"https:\/\/radiorevelacionfm.cl\/index.php?rest_route=\/wp\/v2\/posts"}],"about":[{"href":"https:\/\/radiorevelacionfm.cl\/index.php?rest_route=\/wp\/v2\/types\/post"}],"author":[{"embeddable":true,"href":"https:\/\/radiorevelacionfm.cl\/index.php?rest_route=\/wp\/v2\/users\/1"}],"replies":[{"embeddable":true,"href":"https:\/\/radiorevelacionfm.cl\/index.php?rest_route=%2Fwp%2Fv2%2Fcomments&post=53371"}],"version-history":[{"count":2,"href":"https:\/\/radiorevelacionfm.cl\/index.php?rest_route=\/wp\/v2\/posts\/53371\/revisions"}],"predecessor-version":[{"id":53406,"href":"https:\/\/radiorevelacionfm.cl\/index.php?rest_route=\/wp\/v2\/posts\/53371\/revisions\/53406"}],"wp:featuredmedia":[{"embeddable":true,"href":"https:\/\/radiorevelacionfm.cl\/index.php?rest_route=\/wp\/v2\/media\/53372"}],"wp:attachment":[{"href":"https:\/\/radiorevelacionfm.cl\/index.php?rest_route=%2Fwp%2Fv2%2Fmedia&parent=53371"}],"wp:term":[{"taxonomy":"category","embeddable":true,"href":"https:\/\/radiorevelacionfm.cl\/index.php?rest_route=%2Fwp%2Fv2%2Fcategories&post=53371"},{"taxonomy":"post_tag","embeddable":true,"href":"https:\/\/radiorevelacionfm.cl\/index.php?rest_route=%2Fwp%2Fv2%2Ftags&post=53371"}],"curies":[{"name":"wp","href":"https:\/\/api.w.org\/{rel}","templated":true}]}}