{"id":53368,"date":"2025-05-02T15:22:07","date_gmt":"2025-05-02T18:22:07","guid":{"rendered":"https:\/\/radiorevelacionfm.cl\/?p=53368"},"modified":"2025-05-02T15:22:07","modified_gmt":"2025-05-02T18:22:07","slug":"tras-visitar-centros-penitenciarios-y-policiales-en-la-region-comite-para-la-prevencion-de-la-tortura-se-reunio-con-seremi-de-justicia-y-gendarmeria","status":"publish","type":"post","link":"https:\/\/radiorevelacionfm.cl\/?p=53368","title":{"rendered":"Tras visitar centros penitenciarios y policiales en la regi\u00f3n: Comit\u00e9 para la Prevenci\u00f3n de la Tortura se reuni\u00f3 con Seremi de Justicia y Gendarmer\u00eda"},"content":{"rendered":"<div class=\"flex_column av_one_full  flex_column_div av-zero-column-padding first  avia-builder-el-0  el_before_av_one_full  avia-builder-el-first  \" style='border-radius:0px; '><div  class='avia-image-container  av-styling-    avia-builder-el-1  avia-builder-el-no-sibling  avia-align-center '  itemprop=\"image\" itemscope=\"itemscope\" itemtype=\"https:\/\/schema.org\/ImageObject\"  ><div class='avia-image-container-inner'><div class='avia-image-overlay-wrap'><img decoding=\"async\" class='wp-image-53369 avia-img-lazy-loading-not-53369 avia_image' src=\"https:\/\/radiorevelacionfm.cl\/wp-content\/uploads\/2025\/04\/comite-2-1-1_optimized-1.jpg\" alt='' title='comite-2-(1)-(1)_optimized (1)' height=\"600\" width=\"800\"  itemprop=\"thumbnailUrl\" srcset=\"https:\/\/radiorevelacionfm.cl\/wp-content\/uploads\/2025\/04\/comite-2-1-1_optimized-1.jpg 800w, https:\/\/radiorevelacionfm.cl\/wp-content\/uploads\/2025\/04\/comite-2-1-1_optimized-1-300x225.jpg 300w, https:\/\/radiorevelacionfm.cl\/wp-content\/uploads\/2025\/04\/comite-2-1-1_optimized-1-768x576.jpg 768w, https:\/\/radiorevelacionfm.cl\/wp-content\/uploads\/2025\/04\/comite-2-1-1_optimized-1-705x529.jpg 705w, https:\/\/radiorevelacionfm.cl\/wp-content\/uploads\/2025\/04\/comite-2-1-1_optimized-1-450x338.jpg 450w, https:\/\/radiorevelacionfm.cl\/wp-content\/uploads\/2025\/04\/comite-2-1-1_optimized-1-600x450.jpg 600w\" sizes=\"(max-width: 800px) 100vw, 800px\" \/><\/div><\/div><\/div><\/div><div class=\"flex_column av_one_full  flex_column_div av-zero-column-padding first  avia-builder-el-2  el_after_av_one_full  el_before_av_one_full  column-top-margin\" style='border-radius:0px; '><section class=\"av_textblock_section \"  itemscope=\"itemscope\" itemtype=\"https:\/\/schema.org\/BlogPosting\" itemprop=\"blogPost\" ><div class='avia_textblock  '   itemprop=\"text\" ><p style=\"text-align: center;\"><strong><span style=\"font-size: 18pt;\">Tras visitar centros penitenciarios y policiales en la regi\u00f3n: Comit\u00e9 para la Prevenci\u00f3n de la Tortura se reuni\u00f3 con Seremi de Justicia y Gendarmer\u00eda\u00a0<\/span><\/strong><\/p>\n<\/div><\/section><\/div><div class=\"flex_column av_one_full  flex_column_div av-zero-column-padding first  avia-builder-el-4  el_after_av_one_full  el_before_av_hr  column-top-margin\" style='border-radius:0px; '><section class=\"av_textblock_section \"  itemscope=\"itemscope\" itemtype=\"https:\/\/schema.org\/BlogPosting\" itemprop=\"blogPost\" ><div class='avia_textblock  '   itemprop=\"text\" ><p style=\"text-align: justify;\">Con el objetivo de verificar factores de riesgo respecto a malos trato en recintos penitenciario y policiales, recientemente visit\u00f3 la regi\u00f3n un equipo del Comit\u00e9 para la Prevenci\u00f3n de la Tortura, organismo aut\u00f3nomo creado por la Ley 21.154, en cumplimiento de los compromisos asumidos por el Estado de Chile al suscribir el Protocolo Facultativo de la Convenci\u00f3n contra la Tortura y otros tratos o penas crueles, inhumanos o degradantes.<\/p>\n<p style=\"text-align: justify;\">El soci\u00f3logo y experto del Comit\u00e9 para la Prevenci\u00f3n de la Tortura Luis Vial Recabarren se refiri\u00f3 a la visita realizada a la regi\u00f3n indicando que \u201cvinimos a visitar la c\u00e1rcel de Coyhaique y el CDP de Puerto Ays\u00e9n, as\u00ed tambi\u00e9n los recintos policiales tanto de Carabineros como de la Polic\u00eda de Investigaciones, esto con el objetivo de verificar las condiciones materiales en la que est\u00e1n las personas privadas de libertad, tambi\u00e9n verificar como est\u00e1 trabajando el personal penitenciario, si tiene todo el equipamiento que requieren para hacer bien su trabajo, las condiciones laborales, nos preocupa tambi\u00e9n la oferta program\u00e1tica, los temas de salud tanto f\u00edsica como salud mental, y una vez que se termine esta visita haremos un informe que ser\u00e1 remitido a las autoridades de la regi\u00f3n para poder avanzar en un proceso de di\u00e1logo y eso permite implementar mejoras si es que se requieren\u201d.<\/p>\n<p style=\"text-align: justify;\">Por su parte, el seremi de Justicia y Derechos Humanos Samuel Navarro Castro indic\u00f3 que \u201csostuvimos una reuni\u00f3n preliminar con los profesionales del Comit\u00e9 de Prevenci\u00f3n de la Tortura que visitaron unidades penitenciarias, estuvo presente el director Coronel Pablo Torres y el encargado de la unidad de Derechos Humanos de Gendarmer\u00eda de Chile y se les expuso de primera fuente una aproximaci\u00f3n o primera impresi\u00f3n respecto a las condiciones carcelarias dada la visita que se realiz\u00f3 a la unidad penitenciaria de Ays\u00e9n y de Coyhaique, sin perjuicio de lo cual luego se va a emitir un informe por parte de este organismo que va a contener la observaciones y hallazgos que se deriven de esta visita, se anticip\u00f3 en esta reuni\u00f3n, a objeto que se empiecen desde ya a adoptar las medidas de superaci\u00f3n de esta brechas, de estos hallazgos que se han adoptado, cosa que ya cuando se cuente con el informe definitivo algunas de estas acciones ya est\u00e9n superadas o en v\u00edas de superaci\u00f3n, en ese sentido se recogi\u00f3 con la mayor altura de miras todas observaciones y hallazgos que hizo este comit\u00e9 para los efectos de ir superando o corrigiendo algunas situaciones, siempre en un proceso de mejora continua de las condiciones carcelarias y tomando de la mejor forma todas aquellas situaciones que puedan mejorarse y ajustarse tanto de acuerdo a los protocolos como de acuerdo a las condiciones que est\u00e1n, y obtener en el caso necesario los recursos para corregir o superar aquellas deficiencias que se anotan por parte de estos observadores externos en materia de derechos humanos\u201d.<\/p>\n<p style=\"text-align: justify;\">Finalmente, cabe mencionar que el Comit\u00e9 para la Prevenci\u00f3n de la Tortura es un \u00f3rgano de derechos humanos dedicado a la prevenci\u00f3n de la tortura y otros tratos inhumanos que, mediante un sistema de visitas, asesoramiento, formaci\u00f3n y di\u00e1logo, busca contribuir a que todas las personas privadas de libertad reciban un trato digno y con respeto a sus derechos.<\/p>\n<\/div><\/section><\/div><div  style='height:50px' class='hr hr-invisible   avia-builder-el-6  el_after_av_one_full  el_before_av_social_share '><span class='hr-inner ' ><span class='hr-inner-style'><\/span><\/span><\/div><\/p>\n<div  class='av-social-sharing-box  avia-builder-el-7  el_after_av_hr  el_before_av_hr  '><div class='av-share-box'><h5 class='av-share-link-description av-no-toc '>Compartir esta noticia<\/h5><ul class='av-share-box-list noLightbox'><li class='av-share-link av-social-link-facebook' ><a target=\"_blank\" aria-label=\"Compartir en Facebook\" href='https:\/\/www.facebook.com\/sharer.php?u=https:\/\/radiorevelacionfm.cl\/?p=53368&#038;t=Tras%20visitar%20centros%20penitenciarios%20y%20policiales%20en%20la%20regi%C3%B3n%3A%20Comit%C3%A9%20para%20la%20Prevenci%C3%B3n%20de%20la%20Tortura%20se%20reuni%C3%B3%20con%20Seremi%20de%20Justicia%20y%20Gendarmer%C3%ADa' aria-hidden='false' data-av_icon='\ue8f3' data-av_iconfont='entypo-fontello' title='' data-avia-related-tooltip='Compartir en Facebook' rel=\"noopener\"><span class='avia_hidden_link_text'>Compartir en Facebook<\/span><\/a><\/li><li class='av-share-link av-social-link-twitter' ><a target=\"_blank\" aria-label=\"Compartir en Twitter\" href='https:\/\/twitter.com\/share?text=Tras%20visitar%20centros%20penitenciarios%20y%20policiales%20en%20la%20regi%C3%B3n%3A%20Comit%C3%A9%20para%20la%20Prevenci%C3%B3n%20de%20la%20Tortura%20se%20reuni%C3%B3%20con%20Seremi%20de%20Justicia%20y%20Gendarmer%C3%ADa&#038;url=https:\/\/radiorevelacionfm.cl\/?p=53368' aria-hidden='false' data-av_icon='\ue8f1' data-av_iconfont='entypo-fontello' title='' data-avia-related-tooltip='Compartir en Twitter' rel=\"noopener\"><span class='avia_hidden_link_text'>Compartir en Twitter<\/span><\/a><\/li><li class='av-share-link av-social-link-whatsapp' ><a target=\"_blank\" aria-label=\"Compartir en Whatsapp\" href='https:\/\/api.whatsapp.com\/send?text=https:\/\/radiorevelacionfm.cl\/?p=53368' aria-hidden='false' data-av_icon='\uf232' data-av_iconfont='entypo-fontello' title='' data-avia-related-tooltip='Compartir en Whatsapp' rel=\"noopener\"><span class='avia_hidden_link_text'>Compartir en Whatsapp<\/span><\/a><\/li><li class='av-share-link av-social-link-linkedin' ><a target=\"_blank\" aria-label=\"Compartir en LinkedIn\" href='https:\/\/linkedin.com\/shareArticle?mini=true&#038;title=Tras%20visitar%20centros%20penitenciarios%20y%20policiales%20en%20la%20regi%C3%B3n%3A%20Comit%C3%A9%20para%20la%20Prevenci%C3%B3n%20de%20la%20Tortura%20se%20reuni%C3%B3%20con%20Seremi%20de%20Justicia%20y%20Gendarmer%C3%ADa&#038;url=https:\/\/radiorevelacionfm.cl\/?p=53368' aria-hidden='false' data-av_icon='\ue8fc' data-av_iconfont='entypo-fontello' title='' data-avia-related-tooltip='Compartir en LinkedIn' rel=\"noopener\"><span class='avia_hidden_link_text'>Compartir en LinkedIn<\/span><\/a><\/li><li class='av-share-link av-social-link-mail' ><a  aria-label=\"Compartir por correo\" href='mailto:?subject=Tras%20visitar%20centros%20penitenciarios%20y%20policiales%20en%20la%20regi%C3%B3n%3A%20Comit%C3%A9%20para%20la%20Prevenci%C3%B3n%20de%20la%20Tortura%20se%20reuni%C3%B3%20con%20Seremi%20de%20Justicia%20y%20Gendarmer%C3%ADa&#038;body=https:\/\/radiorevelacionfm.cl\/?p=53368' aria-hidden='false' data-av_icon='\ue805' data-av_iconfont='entypo-fontello' title='' data-avia-related-tooltip='Compartir por correo'><span class='avia_hidden_link_text'>Compartir por correo<\/span><\/a><\/li><\/ul><\/div><\/div>\n<div  style='height:50px' class='hr hr-invisible   avia-builder-el-8  el_after_av_social_share  el_before_av_comments_list '><span class='hr-inner ' ><span class='hr-inner-style'><\/span><\/span><\/div>\n<div  class='av-buildercomment  av-blog-meta-html-info-disabled av-blog-meta-tag-disabled  '><\/div>\n","protected":false},"excerpt":{"rendered":"","protected":false},"author":1,"featured_media":53369,"comment_status":"closed","ping_status":"closed","sticky":false,"template":"","format":"standard","meta":{"footnotes":""},"categories":[55],"tags":[],"class_list":["post-53368","post","type-post","status-publish","format-standard","has-post-thumbnail","hentry","category-justicia"],"jetpack_featured_media_url":"https:\/\/radiorevelacionfm.cl\/wp-content\/uploads\/2025\/04\/comite-2-1-1_optimized-1.jpg","_links":{"self":[{"href":"https:\/\/radiorevelacionfm.cl\/index.php?rest_route=\/wp\/v2\/posts\/53368","targetHints":{"allow":["GET"]}}],"collection":[{"href":"https:\/\/radiorevelacionfm.cl\/index.php?rest_route=\/wp\/v2\/posts"}],"about":[{"href":"https:\/\/radiorevelacionfm.cl\/index.php?rest_route=\/wp\/v2\/types\/post"}],"author":[{"embeddable":true,"href":"https:\/\/radiorevelacionfm.cl\/index.php?rest_route=\/wp\/v2\/users\/1"}],"replies":[{"embeddable":true,"href":"https:\/\/radiorevelacionfm.cl\/index.php?rest_route=%2Fwp%2Fv2%2Fcomments&post=53368"}],"version-history":[{"count":2,"href":"https:\/\/radiorevelacionfm.cl\/index.php?rest_route=\/wp\/v2\/posts\/53368\/revisions"}],"predecessor-version":[{"id":53429,"href":"https:\/\/radiorevelacionfm.cl\/index.php?rest_route=\/wp\/v2\/posts\/53368\/revisions\/53429"}],"wp:featuredmedia":[{"embeddable":true,"href":"https:\/\/radiorevelacionfm.cl\/index.php?rest_route=\/wp\/v2\/media\/53369"}],"wp:attachment":[{"href":"https:\/\/radiorevelacionfm.cl\/index.php?rest_route=%2Fwp%2Fv2%2Fmedia&parent=53368"}],"wp:term":[{"taxonomy":"category","embeddable":true,"href":"https:\/\/radiorevelacionfm.cl\/index.php?rest_route=%2Fwp%2Fv2%2Fcategories&post=53368"},{"taxonomy":"post_tag","embeddable":true,"href":"https:\/\/radiorevelacionfm.cl\/index.php?rest_route=%2Fwp%2Fv2%2Ftags&post=53368"}],"curies":[{"name":"wp","href":"https:\/\/api.w.org\/{rel}","templated":true}]}}