{"id":53363,"date":"2025-05-01T16:34:43","date_gmt":"2025-05-01T19:34:43","guid":{"rendered":"https:\/\/radiorevelacionfm.cl\/?p=53363"},"modified":"2025-05-01T16:34:43","modified_gmt":"2025-05-01T19:34:43","slug":"trabajadores-de-la-madera-y-de-la-lena-piden-a-bienes-nacionales-bajar-el-valor-de-los-arriendos-de-predios-fiscales","status":"publish","type":"post","link":"https:\/\/radiorevelacionfm.cl\/?p=53363","title":{"rendered":"Trabajadores de la madera y de la le\u00f1a piden a Bienes Nacionales bajar el valor de los arriendos de predios fiscales"},"content":{"rendered":"<div class=\"flex_column av_one_full  flex_column_div av-zero-column-padding first  avia-builder-el-0  el_before_av_one_full  avia-builder-el-first  \" style='border-radius:0px; '><div  class='avia-image-container  av-styling-    avia-builder-el-1  avia-builder-el-no-sibling  avia-align-center '  itemprop=\"image\" itemscope=\"itemscope\" itemtype=\"https:\/\/schema.org\/ImageObject\"  ><div class='avia-image-container-inner'><div class='avia-image-overlay-wrap'><img decoding=\"async\" class='wp-image-53364 avia-img-lazy-loading-not-53364 avia_image' src=\"https:\/\/radiorevelacionfm.cl\/wp-content\/uploads\/2025\/04\/foto-reu-bbnn-3-1_optimized.jpeg\" alt='' title='foto-reu-bbnn-(3)-(1)_optimized' height=\"600\" width=\"1067\"  itemprop=\"thumbnailUrl\" srcset=\"https:\/\/radiorevelacionfm.cl\/wp-content\/uploads\/2025\/04\/foto-reu-bbnn-3-1_optimized.jpeg 1067w, https:\/\/radiorevelacionfm.cl\/wp-content\/uploads\/2025\/04\/foto-reu-bbnn-3-1_optimized-300x169.jpeg 300w, https:\/\/radiorevelacionfm.cl\/wp-content\/uploads\/2025\/04\/foto-reu-bbnn-3-1_optimized-1030x579.jpeg 1030w, https:\/\/radiorevelacionfm.cl\/wp-content\/uploads\/2025\/04\/foto-reu-bbnn-3-1_optimized-768x432.jpeg 768w, https:\/\/radiorevelacionfm.cl\/wp-content\/uploads\/2025\/04\/foto-reu-bbnn-3-1_optimized-705x396.jpeg 705w, https:\/\/radiorevelacionfm.cl\/wp-content\/uploads\/2025\/04\/foto-reu-bbnn-3-1_optimized-450x253.jpeg 450w, https:\/\/radiorevelacionfm.cl\/wp-content\/uploads\/2025\/04\/foto-reu-bbnn-3-1_optimized-600x337.jpeg 600w\" sizes=\"(max-width: 1067px) 100vw, 1067px\" \/><\/div><\/div><\/div><\/div><div class=\"flex_column av_one_full  flex_column_div av-zero-column-padding first  avia-builder-el-2  el_after_av_one_full  el_before_av_one_full  column-top-margin\" style='border-radius:0px; '><section class=\"av_textblock_section \"  itemscope=\"itemscope\" itemtype=\"https:\/\/schema.org\/BlogPosting\" itemprop=\"blogPost\" ><div class='avia_textblock  '   itemprop=\"text\" ><p style=\"text-align: center;\"><strong><span style=\"font-size: 18pt;\">Trabajadores de la madera y de la le\u00f1a piden a Bienes Nacionales bajar el valor de los arriendos de predios fiscales<\/span><\/strong><\/p>\n<div id=\"gtx-trans\" style=\"position: absolute; left: -50px; top: 4.31534px;\">\n<div class=\"gtx-trans-icon\"><\/div>\n<\/div>\n<\/div><\/section><\/div><\/p>\n<div class=\"flex_column av_one_full  flex_column_div av-zero-column-padding first  avia-builder-el-4  el_after_av_one_full  el_before_av_hr  column-top-margin\" style='border-radius:0px; '><section class=\"av_textblock_section \"  itemscope=\"itemscope\" itemtype=\"https:\/\/schema.org\/BlogPosting\" itemprop=\"blogPost\" ><div class='avia_textblock  '   itemprop=\"text\" ><p style=\"text-align: justify;\">El diputado Miguel \u00c1ngel Calisto y pobladores del\u00a0sector El Pedregoso se reunieron con la Seremi de Bienes Nacionales, Irina Morend, para plantearle la posibilidad de disminuir el valor de los arriendos de los predios fiscales, ya que ha juicio de los vecinos, quienes en su mayor\u00eda se dedican a la madera y la venta de le\u00f1a, el valor de estos arriendos ha subido en demas\u00eda los \u00faltimos a\u00f1os.<\/p>\n<p style=\"text-align: justify;\">Seg\u00fan el diputado Calisto, \u00abellos est\u00e1n planteando una situaci\u00f3n que afecta a muchos productores y pobladores que arriendan inmuebles fiscales. Este es un problema generalizado. Ellos se dedican a la le\u00f1a, otros se dedican a la madera, otros se dedican, por ejemplo, a la producci\u00f3n y tienen arriendo con el fisco\u00bb.<\/p>\n<p style=\"text-align: justify;\">\u00abEl problema es que los arriendos han subido una inmensidad y por eso es que nosotros estamos planteando a la Seremi de Bienes Nacionales, y queremos agradecer por supuesto la disposici\u00f3n que ella ha tenido, porque tenemos que buscar mecanismos, ya sea por decreto, desde el mismo Ministerio de Bienes Nacionales o v\u00eda legal, para rebajar los montos de cobro respecto a los inmuebles fiscales\u00bb, indic\u00f3 el legislador.<\/p>\n<p style=\"text-align: justify;\">Calisto agreg\u00f3 que \u00abson cerca de 170 productores de nuestra regi\u00f3n, que generan empleo y actividad econ\u00f3mica a baja escala,\u00a0 y que ocupan cerca de 5.000 hect\u00e1reas, que es muy poco en comparaci\u00f3n a la gran cantidad de terreno fiscal que hay. Por eso es que no podemos cobrarle tanto arriendo, si finalmente la ganancia de ello es muy poca y trabajan a baja escala\u00bb.<\/p>\n<p style=\"text-align: justify;\">\u00abEs importante que podamos regular este tema. Ac\u00e1 existen mecanismos regionales para poder rebajar, pero tambi\u00e9n hay otros mecanismos nacionales y nosotros esperamos que el Ministro pueda decretar para todos, a nivel regional, una excepcionalidad como zona de rezago, zona de excepci\u00f3n, zona extrema, una atenci\u00f3n especial, v\u00eda decreto, para rebajar los montos en esta materia\u00bb, se\u00f1al\u00f3 el legislador.<\/p>\n<p style=\"text-align: justify;\">Por su parte, Mar\u00eda Saldivia, quien forma parte de un grupo de vecinos que mantienen arriendos fiscales y que trabajan en extracci\u00f3n de madera, \u00abnos vemos con la peque\u00f1a dificultad en el tiempo de invierno, que los accesos son muy abruptos y est\u00e1bamos solicitando una rebaja de arriendo, por \u00faltimo en las temporadas de invierno\u00bb.<\/p>\n<p style=\"text-align: justify;\">Finalmente, Saldivia se\u00f1al\u00f3 que \u00abhemos tenido una buena acogida por parte de la Seremi de Bienes Nacionales y del diputado. Vamos a ver qu\u00e9 soluci\u00f3n nos pueden dar, tanto a nosotros como a\u00a0 los dem\u00e1s vecinos de los distintos sectores que est\u00e1n en la misma situaci\u00f3n\u00bb.<\/p>\n<\/div><\/section><\/div><div  style='height:50px' class='hr hr-invisible   avia-builder-el-6  el_after_av_one_full  el_before_av_social_share '><span class='hr-inner ' ><span class='hr-inner-style'><\/span><\/span><\/div><\/p>\n<div  class='av-social-sharing-box  avia-builder-el-7  el_after_av_hr  el_before_av_hr  '><div class='av-share-box'><h5 class='av-share-link-description av-no-toc '>Compartir esta noticia<\/h5><ul class='av-share-box-list noLightbox'><li class='av-share-link av-social-link-facebook' ><a target=\"_blank\" aria-label=\"Compartir en Facebook\" href='https:\/\/www.facebook.com\/sharer.php?u=https:\/\/radiorevelacionfm.cl\/?p=53363&#038;t=Trabajadores%20de%20la%20madera%20y%20de%20la%20le%C3%B1a%20piden%20a%20Bienes%20Nacionales%20bajar%20el%20valor%20de%20los%20arriendos%20de%20predios%20fiscales' aria-hidden='false' data-av_icon='\ue8f3' data-av_iconfont='entypo-fontello' title='' data-avia-related-tooltip='Compartir en Facebook' rel=\"noopener\"><span class='avia_hidden_link_text'>Compartir en Facebook<\/span><\/a><\/li><li class='av-share-link av-social-link-twitter' ><a target=\"_blank\" aria-label=\"Compartir en Twitter\" href='https:\/\/twitter.com\/share?text=Trabajadores%20de%20la%20madera%20y%20de%20la%20le%C3%B1a%20piden%20a%20Bienes%20Nacionales%20bajar%20el%20valor%20de%20los%20arriendos%20de%20predios%20fiscales&#038;url=https:\/\/radiorevelacionfm.cl\/?p=53363' aria-hidden='false' data-av_icon='\ue8f1' data-av_iconfont='entypo-fontello' title='' data-avia-related-tooltip='Compartir en Twitter' rel=\"noopener\"><span class='avia_hidden_link_text'>Compartir en Twitter<\/span><\/a><\/li><li class='av-share-link av-social-link-whatsapp' ><a target=\"_blank\" aria-label=\"Compartir en Whatsapp\" href='https:\/\/api.whatsapp.com\/send?text=https:\/\/radiorevelacionfm.cl\/?p=53363' aria-hidden='false' data-av_icon='\uf232' data-av_iconfont='entypo-fontello' title='' data-avia-related-tooltip='Compartir en Whatsapp' rel=\"noopener\"><span class='avia_hidden_link_text'>Compartir en Whatsapp<\/span><\/a><\/li><li class='av-share-link av-social-link-linkedin' ><a target=\"_blank\" aria-label=\"Compartir en LinkedIn\" href='https:\/\/linkedin.com\/shareArticle?mini=true&#038;title=Trabajadores%20de%20la%20madera%20y%20de%20la%20le%C3%B1a%20piden%20a%20Bienes%20Nacionales%20bajar%20el%20valor%20de%20los%20arriendos%20de%20predios%20fiscales&#038;url=https:\/\/radiorevelacionfm.cl\/?p=53363' aria-hidden='false' data-av_icon='\ue8fc' data-av_iconfont='entypo-fontello' title='' data-avia-related-tooltip='Compartir en LinkedIn' rel=\"noopener\"><span class='avia_hidden_link_text'>Compartir en LinkedIn<\/span><\/a><\/li><li class='av-share-link av-social-link-mail' ><a  aria-label=\"Compartir por correo\" href='mailto:?subject=Trabajadores%20de%20la%20madera%20y%20de%20la%20le%C3%B1a%20piden%20a%20Bienes%20Nacionales%20bajar%20el%20valor%20de%20los%20arriendos%20de%20predios%20fiscales&#038;body=https:\/\/radiorevelacionfm.cl\/?p=53363' aria-hidden='false' data-av_icon='\ue805' data-av_iconfont='entypo-fontello' title='' data-avia-related-tooltip='Compartir por correo'><span class='avia_hidden_link_text'>Compartir por correo<\/span><\/a><\/li><\/ul><\/div><\/div>\n<div  style='height:50px' class='hr hr-invisible   avia-builder-el-8  el_after_av_social_share  el_before_av_comments_list '><span class='hr-inner ' ><span class='hr-inner-style'><\/span><\/span><\/div>\n<div  class='av-buildercomment  av-blog-meta-html-info-disabled av-blog-meta-tag-disabled  '><\/div>\n","protected":false},"excerpt":{"rendered":"","protected":false},"author":1,"featured_media":53364,"comment_status":"closed","ping_status":"closed","sticky":false,"template":"","format":"standard","meta":{"footnotes":""},"categories":[38],"tags":[],"class_list":["post-53363","post","type-post","status-publish","format-standard","has-post-thumbnail","hentry","category-regional"],"jetpack_featured_media_url":"https:\/\/radiorevelacionfm.cl\/wp-content\/uploads\/2025\/04\/foto-reu-bbnn-3-1_optimized.jpeg","_links":{"self":[{"href":"https:\/\/radiorevelacionfm.cl\/index.php?rest_route=\/wp\/v2\/posts\/53363","targetHints":{"allow":["GET"]}}],"collection":[{"href":"https:\/\/radiorevelacionfm.cl\/index.php?rest_route=\/wp\/v2\/posts"}],"about":[{"href":"https:\/\/radiorevelacionfm.cl\/index.php?rest_route=\/wp\/v2\/types\/post"}],"author":[{"embeddable":true,"href":"https:\/\/radiorevelacionfm.cl\/index.php?rest_route=\/wp\/v2\/users\/1"}],"replies":[{"embeddable":true,"href":"https:\/\/radiorevelacionfm.cl\/index.php?rest_route=%2Fwp%2Fv2%2Fcomments&post=53363"}],"version-history":[{"count":2,"href":"https:\/\/radiorevelacionfm.cl\/index.php?rest_route=\/wp\/v2\/posts\/53363\/revisions"}],"predecessor-version":[{"id":53394,"href":"https:\/\/radiorevelacionfm.cl\/index.php?rest_route=\/wp\/v2\/posts\/53363\/revisions\/53394"}],"wp:featuredmedia":[{"embeddable":true,"href":"https:\/\/radiorevelacionfm.cl\/index.php?rest_route=\/wp\/v2\/media\/53364"}],"wp:attachment":[{"href":"https:\/\/radiorevelacionfm.cl\/index.php?rest_route=%2Fwp%2Fv2%2Fmedia&parent=53363"}],"wp:term":[{"taxonomy":"category","embeddable":true,"href":"https:\/\/radiorevelacionfm.cl\/index.php?rest_route=%2Fwp%2Fv2%2Fcategories&post=53363"},{"taxonomy":"post_tag","embeddable":true,"href":"https:\/\/radiorevelacionfm.cl\/index.php?rest_route=%2Fwp%2Fv2%2Ftags&post=53363"}],"curies":[{"name":"wp","href":"https:\/\/api.w.org\/{rel}","templated":true}]}}