{"id":53360,"date":"2025-05-01T15:37:56","date_gmt":"2025-05-01T18:37:56","guid":{"rendered":"https:\/\/radiorevelacionfm.cl\/?p=53360"},"modified":"2025-05-01T15:37:56","modified_gmt":"2025-05-01T18:37:56","slug":"dignidad-en-el-trabajo-avances-del-gobierno-de-gabriel-boric","status":"publish","type":"post","link":"https:\/\/radiorevelacionfm.cl\/?p=53360","title":{"rendered":"\u00abDignidad en el trabajo: avances del Gobierno de Gabriel Boric\u00bb"},"content":{"rendered":"<div class=\"flex_column av_one_full  flex_column_div av-zero-column-padding first  avia-builder-el-0  el_before_av_one_full  avia-builder-el-first  \" style='border-radius:0px; '><div  class='avia-image-container  av-styling-    avia-builder-el-1  avia-builder-el-no-sibling  avia-align-center '  itemprop=\"image\" itemscope=\"itemscope\" itemtype=\"https:\/\/schema.org\/ImageObject\"  ><div class='avia-image-container-inner'><div class='avia-image-overlay-wrap'><img decoding=\"async\" class='wp-image-53361 avia-img-lazy-loading-not-53361 avia_image' src=\"https:\/\/radiorevelacionfm.cl\/wp-content\/uploads\/2025\/04\/Seremi-foto-1-1-1.jpeg\" alt='' title='Seremi foto 1 (1) (1)' height=\"725\" width=\"799\"  itemprop=\"thumbnailUrl\" srcset=\"https:\/\/radiorevelacionfm.cl\/wp-content\/uploads\/2025\/04\/Seremi-foto-1-1-1.jpeg 799w, https:\/\/radiorevelacionfm.cl\/wp-content\/uploads\/2025\/04\/Seremi-foto-1-1-1-300x272.jpeg 300w, https:\/\/radiorevelacionfm.cl\/wp-content\/uploads\/2025\/04\/Seremi-foto-1-1-1-768x697.jpeg 768w, https:\/\/radiorevelacionfm.cl\/wp-content\/uploads\/2025\/04\/Seremi-foto-1-1-1-705x640.jpeg 705w, https:\/\/radiorevelacionfm.cl\/wp-content\/uploads\/2025\/04\/Seremi-foto-1-1-1-450x408.jpeg 450w, https:\/\/radiorevelacionfm.cl\/wp-content\/uploads\/2025\/04\/Seremi-foto-1-1-1-600x544.jpeg 600w\" sizes=\"(max-width: 799px) 100vw, 799px\" \/><\/div><\/div><\/div><\/div><div class=\"flex_column av_one_full  flex_column_div av-zero-column-padding first  avia-builder-el-2  el_after_av_one_full  el_before_av_one_full  column-top-margin\" style='border-radius:0px; '><section class=\"av_textblock_section \"  itemscope=\"itemscope\" itemtype=\"https:\/\/schema.org\/BlogPosting\" itemprop=\"blogPost\" ><div class='avia_textblock  '   itemprop=\"text\" ><p style=\"text-align: center;\"><span style=\"font-size: 18pt;\"><b>\u00abDignidad en el trabajo: avances del Gobierno de Gabriel Boric\u00bb<\/b><\/span><\/p>\n<div id=\"gtx-trans\" style=\"position: absolute; left: -50px; top: 4.31534px;\">\n<div class=\"gtx-trans-icon\"><\/div>\n<\/div>\n<\/div><\/section><\/div><div class=\"flex_column av_one_full  flex_column_div av-zero-column-padding first  avia-builder-el-4  el_after_av_one_full  el_before_av_hr  column-top-margin\" style='border-radius:0px; '><section class=\"av_textblock_section \"  itemscope=\"itemscope\" itemtype=\"https:\/\/schema.org\/BlogPosting\" itemprop=\"blogPost\" ><div class='avia_textblock  '   itemprop=\"text\" ><p class=\"v1MsoNormal\" style=\"text-align: justify;\"><em>Por \u00darsula Mix Jim\u00e9nez, Seremi de Gobierno de la Regi\u00f3n de Ays\u00e9n.<\/em><\/p>\n<p class=\"v1MsoNormal\" style=\"text-align: justify;\">Con motivo del D\u00eda Internacional del Trabajo, desde la Vocer\u00eda Regional queremos saludar afectuosamente a las trabajadoras y trabajadores de Ays\u00e9n, y repasar algunos de los avances que hemos conseguido como Gobierno en esta administraci\u00f3n.<\/p>\n<p class=\"v1MsoNormal\" style=\"text-align: justify;\">Recibimos un pa\u00eds con s\u00f3lo 350 mil de sueldo m\u00ednimo, una jornada laboral de 45 horas y pensiones que no sub\u00edan. Gracias al gobierno del Presidente Gabriel Boric hoy el sueldo m\u00ednimo supera los 500 mil, se implementan las 40 horas y las pensiones, al fin, subir\u00e1n.<\/p>\n<p class=\"v1MsoNormal\" style=\"text-align: justify;\">Nos enorgullece saber que durante estos tres a\u00f1os, nos hemos esforzado por dar respuestas concretas a la comunidad, generando medidas que contribuyen a un trabajo digno y justicia social, apuntando siempre al bienestar de las personas.<\/p>\n<p class=\"v1MsoNormal\" style=\"text-align: justify;\">As\u00ed, la reforma de pensiones ha sido un hito hist\u00f3rico que genera el mayor aumento desde su creaci\u00f3n, un hecho que esperamos por a\u00f1os y que no s\u00f3lo incrementa los fondos de quienes actualmente trabajan, las personas jubiladas o que en un futuro lo har\u00e1n, sino que tiene un trato justo hacia las mujeres y repara las injusticias del sistema.<\/p>\n<p class=\"v1MsoNormal\" style=\"text-align: justify;\">A esto se suma el aumento del sueldo m\u00ednimo, cuesti\u00f3n que no fue sencilla, pero que se alcanz\u00f3 con acuerdos y di\u00e1logos con los diferentes sectores. Esto permiti\u00f3 reajustar el salario m\u00ednimo a partir de enero de 2025 dejando el monto del Ingreso M\u00ednimo Mensual (IMM) en $510.636 permitiendo mejores condiciones y un mayor bienestar.<\/p>\n<p class=\"v1MsoNormal\" style=\"text-align: justify;\">Otro de los compromisos cumplidos y que como ayseninas y ayseninos nos debe alegrar, es la entrada en vigencia de la Ley de 40 horas, que permitir\u00e1 a las familias contar con m\u00e1s tiempo de libre disposici\u00f3n y mejorar su calidad de vida.<\/p>\n<p class=\"v1MsoNormal\" style=\"text-align: justify;\">Adem\u00e1s, avanzamos con la implementaci\u00f3n de la Ley 21.645 de conciliaci\u00f3n de la vida personal, familiar y laboral, la que establece el derecho al trabajo a distancia o teletrabajo, promoviendo la participaci\u00f3n de m\u00e1s mujeres en el mercado laboral y fomentando la corresponsabilidad entre hombres y mujeres.<\/p>\n<p class=\"v1MsoNormal\" style=\"text-align: justify;\">De igual forma, creemos que en este breve resumen no debe faltar la entrada en vigencia de la Ley Karin, que promueve la prevenci\u00f3n, investigaci\u00f3n y sanci\u00f3n del acoso laboral, sexual y violencia en el trabajo y el reconocimiento a las labores de cuidado.<\/p>\n<p class=\"v1MsoNormal\" style=\"text-align: justify;\">As\u00ed avanzamos como Gobierno, creando acuerdos transversales y medidas que apuntan a dar una mayor dignidad y mejorar la calidad de vida de la fuerza laboral de nuestro pa\u00eds y la regi\u00f3n de Ays\u00e9n.<\/p>\n<p class=\"v1MsoNormal\" style=\"text-align: justify;\">\u00a1Feliz d\u00eda del Trabajador y la trabajadora a todos\u00a1<\/p>\n<\/div><\/section><\/div><div  style='height:50px' class='hr hr-invisible   avia-builder-el-6  el_after_av_one_full  el_before_av_social_share '><span class='hr-inner ' ><span class='hr-inner-style'><\/span><\/span><\/div><\/p>\n<div  class='av-social-sharing-box  avia-builder-el-7  el_after_av_hr  el_before_av_hr  '><div class='av-share-box'><h5 class='av-share-link-description av-no-toc '>Compartir esta noticia<\/h5><ul class='av-share-box-list noLightbox'><li class='av-share-link av-social-link-facebook' ><a target=\"_blank\" aria-label=\"Compartir en Facebook\" href='https:\/\/www.facebook.com\/sharer.php?u=https:\/\/radiorevelacionfm.cl\/?p=53360&#038;t=%C2%ABDignidad%20en%20el%20trabajo%3A%20avances%20del%20Gobierno%20de%20Gabriel%20Boric%C2%BB' aria-hidden='false' data-av_icon='\ue8f3' data-av_iconfont='entypo-fontello' title='' data-avia-related-tooltip='Compartir en Facebook' rel=\"noopener\"><span class='avia_hidden_link_text'>Compartir en Facebook<\/span><\/a><\/li><li class='av-share-link av-social-link-twitter' ><a target=\"_blank\" aria-label=\"Compartir en Twitter\" href='https:\/\/twitter.com\/share?text=%C2%ABDignidad%20en%20el%20trabajo%3A%20avances%20del%20Gobierno%20de%20Gabriel%20Boric%C2%BB&#038;url=https:\/\/radiorevelacionfm.cl\/?p=53360' aria-hidden='false' data-av_icon='\ue8f1' data-av_iconfont='entypo-fontello' title='' data-avia-related-tooltip='Compartir en Twitter' rel=\"noopener\"><span class='avia_hidden_link_text'>Compartir en Twitter<\/span><\/a><\/li><li class='av-share-link av-social-link-whatsapp' ><a target=\"_blank\" aria-label=\"Compartir en Whatsapp\" href='https:\/\/api.whatsapp.com\/send?text=https:\/\/radiorevelacionfm.cl\/?p=53360' aria-hidden='false' data-av_icon='\uf232' data-av_iconfont='entypo-fontello' title='' data-avia-related-tooltip='Compartir en Whatsapp' rel=\"noopener\"><span class='avia_hidden_link_text'>Compartir en Whatsapp<\/span><\/a><\/li><li class='av-share-link av-social-link-linkedin' ><a target=\"_blank\" aria-label=\"Compartir en LinkedIn\" href='https:\/\/linkedin.com\/shareArticle?mini=true&#038;title=%C2%ABDignidad%20en%20el%20trabajo%3A%20avances%20del%20Gobierno%20de%20Gabriel%20Boric%C2%BB&#038;url=https:\/\/radiorevelacionfm.cl\/?p=53360' aria-hidden='false' data-av_icon='\ue8fc' data-av_iconfont='entypo-fontello' title='' data-avia-related-tooltip='Compartir en LinkedIn' rel=\"noopener\"><span class='avia_hidden_link_text'>Compartir en LinkedIn<\/span><\/a><\/li><li class='av-share-link av-social-link-mail' ><a  aria-label=\"Compartir por correo\" href='mailto:?subject=%C2%ABDignidad%20en%20el%20trabajo%3A%20avances%20del%20Gobierno%20de%20Gabriel%20Boric%C2%BB&#038;body=https:\/\/radiorevelacionfm.cl\/?p=53360' aria-hidden='false' data-av_icon='\ue805' data-av_iconfont='entypo-fontello' title='' data-avia-related-tooltip='Compartir por correo'><span class='avia_hidden_link_text'>Compartir por correo<\/span><\/a><\/li><\/ul><\/div><\/div>\n<div  style='height:50px' class='hr hr-invisible   avia-builder-el-8  el_after_av_social_share  el_before_av_comments_list '><span class='hr-inner ' ><span class='hr-inner-style'><\/span><\/span><\/div>\n<div  class='av-buildercomment  av-blog-meta-html-info-disabled av-blog-meta-tag-disabled  '><\/div>\n","protected":false},"excerpt":{"rendered":"","protected":false},"author":1,"featured_media":53361,"comment_status":"closed","ping_status":"closed","sticky":false,"template":"","format":"standard","meta":{"footnotes":""},"categories":[50],"tags":[],"class_list":["post-53360","post","type-post","status-publish","format-standard","has-post-thumbnail","hentry","category-cartas-y-opinion"],"jetpack_featured_media_url":"https:\/\/radiorevelacionfm.cl\/wp-content\/uploads\/2025\/04\/Seremi-foto-1-1-1.jpeg","_links":{"self":[{"href":"https:\/\/radiorevelacionfm.cl\/index.php?rest_route=\/wp\/v2\/posts\/53360","targetHints":{"allow":["GET"]}}],"collection":[{"href":"https:\/\/radiorevelacionfm.cl\/index.php?rest_route=\/wp\/v2\/posts"}],"about":[{"href":"https:\/\/radiorevelacionfm.cl\/index.php?rest_route=\/wp\/v2\/types\/post"}],"author":[{"embeddable":true,"href":"https:\/\/radiorevelacionfm.cl\/index.php?rest_route=\/wp\/v2\/users\/1"}],"replies":[{"embeddable":true,"href":"https:\/\/radiorevelacionfm.cl\/index.php?rest_route=%2Fwp%2Fv2%2Fcomments&post=53360"}],"version-history":[{"count":2,"href":"https:\/\/radiorevelacionfm.cl\/index.php?rest_route=\/wp\/v2\/posts\/53360\/revisions"}],"predecessor-version":[{"id":53393,"href":"https:\/\/radiorevelacionfm.cl\/index.php?rest_route=\/wp\/v2\/posts\/53360\/revisions\/53393"}],"wp:featuredmedia":[{"embeddable":true,"href":"https:\/\/radiorevelacionfm.cl\/index.php?rest_route=\/wp\/v2\/media\/53361"}],"wp:attachment":[{"href":"https:\/\/radiorevelacionfm.cl\/index.php?rest_route=%2Fwp%2Fv2%2Fmedia&parent=53360"}],"wp:term":[{"taxonomy":"category","embeddable":true,"href":"https:\/\/radiorevelacionfm.cl\/index.php?rest_route=%2Fwp%2Fv2%2Fcategories&post=53360"},{"taxonomy":"post_tag","embeddable":true,"href":"https:\/\/radiorevelacionfm.cl\/index.php?rest_route=%2Fwp%2Fv2%2Ftags&post=53360"}],"curies":[{"name":"wp","href":"https:\/\/api.w.org\/{rel}","templated":true}]}}