{"id":53357,"date":"2025-05-01T20:52:08","date_gmt":"2025-05-01T23:52:08","guid":{"rendered":"https:\/\/radiorevelacionfm.cl\/?p=53357"},"modified":"2025-05-01T20:52:08","modified_gmt":"2025-05-01T23:52:08","slug":"chile-chico-pone-en-valor-su-arcilla-en-conversatorio-de-mineria-artesanal","status":"publish","type":"post","link":"https:\/\/radiorevelacionfm.cl\/?p=53357","title":{"rendered":"Chile Chico pone en valor su arcilla en conversatorio de Miner\u00eda Artesanal"},"content":{"rendered":"<div class=\"flex_column av_one_full  flex_column_div av-zero-column-padding first  avia-builder-el-0  el_before_av_one_full  avia-builder-el-first  \" style='border-radius:0px; '><div  class='avia-image-container  av-styling-    avia-builder-el-1  avia-builder-el-no-sibling  avia-align-center '  itemprop=\"image\" itemscope=\"itemscope\" itemtype=\"https:\/\/schema.org\/ImageObject\"  ><div class='avia-image-container-inner'><div class='avia-image-overlay-wrap'><img decoding=\"async\" class='wp-image-53358 avia-img-lazy-loading-not-53358 avia_image' src=\"https:\/\/radiorevelacionfm.cl\/wp-content\/uploads\/2025\/04\/2-91-1_optimized.jpeg\" alt='' title='2-(91)-(1)_optimized' height=\"600\" width=\"900\"  itemprop=\"thumbnailUrl\" srcset=\"https:\/\/radiorevelacionfm.cl\/wp-content\/uploads\/2025\/04\/2-91-1_optimized.jpeg 900w, https:\/\/radiorevelacionfm.cl\/wp-content\/uploads\/2025\/04\/2-91-1_optimized-300x200.jpeg 300w, https:\/\/radiorevelacionfm.cl\/wp-content\/uploads\/2025\/04\/2-91-1_optimized-768x512.jpeg 768w, https:\/\/radiorevelacionfm.cl\/wp-content\/uploads\/2025\/04\/2-91-1_optimized-705x470.jpeg 705w, https:\/\/radiorevelacionfm.cl\/wp-content\/uploads\/2025\/04\/2-91-1_optimized-450x300.jpeg 450w, https:\/\/radiorevelacionfm.cl\/wp-content\/uploads\/2025\/04\/2-91-1_optimized-600x400.jpeg 600w\" sizes=\"(max-width: 900px) 100vw, 900px\" \/><\/div><\/div><\/div><\/div><div class=\"flex_column av_one_full  flex_column_div av-zero-column-padding first  avia-builder-el-2  el_after_av_one_full  el_before_av_one_full  column-top-margin\" style='border-radius:0px; '><section class=\"av_textblock_section \"  itemscope=\"itemscope\" itemtype=\"https:\/\/schema.org\/BlogPosting\" itemprop=\"blogPost\" ><div class='avia_textblock  '   itemprop=\"text\" ><p style=\"text-align: center;\"><strong><span style=\"font-size: 18pt;\">Chile Chico pone en valor su arcilla en conversatorio de Miner\u00eda Artesanal<\/span><\/strong><\/p>\n<div id=\"gtx-trans\" style=\"position: absolute; left: -50px; top: 4.31534px;\">\n<div class=\"gtx-trans-icon\"><\/div>\n<\/div>\n<\/div><\/section><\/div><div class=\"flex_column av_one_full  flex_column_div av-zero-column-padding first  avia-builder-el-4  el_after_av_one_full  el_before_av_hr  column-top-margin\" style='border-radius:0px; '><section class=\"av_textblock_section \"  itemscope=\"itemscope\" itemtype=\"https:\/\/schema.org\/BlogPosting\" itemprop=\"blogPost\" ><div class='avia_textblock  '   itemprop=\"text\" ><p style=\"text-align: justify;\">Con el objetivo de abrir un espacio de di\u00e1logo sobre el futuro productivo de las arcillas locales, la Seremi de Miner\u00eda organiz\u00f3 en Chile Chico el conversatorio denominado \u201cArcillas de Chile Chico: Potencial Productivo Regional\u201d, en el marco del programa FNDR <em>Fortalecimiento y Fomento Productivo Minero-Artesanal de Rocas Ornamentales<\/em>.<\/p>\n<p style=\"text-align: justify;\">El encuentro se llev\u00f3 a cabo el viernes 25 de abril en la Casa de la Cultura de la comuna, y reuni\u00f3 a autoridades locales, representantes de asociaciones gremiales, emprendedores como la empresa vitivin\u00edcola m\u00e1s austral del pa\u00eds, adem\u00e1s de vecinas y vecinos interesados en conocer m\u00e1s sobre este recurso natural. La jornada comenz\u00f3 con palabras de bienvenida, destacando el prop\u00f3sito de impulsar iniciativas que fomenten el desarrollo productivo con identidad local a partir de las caracter\u00edsticas geol\u00f3gicas \u00fanicas de las arcillas de la zona.<\/p>\n<p style=\"text-align: justify;\">El Seremi de Miner\u00eda, Juan V\u00e1squez Alarc\u00f3n, se\u00f1al\u00f3: \u201cLas arcillas de Chile Chico son parte de la identidad cultural y productiva del territorio. Hoy contamos con resultados que respaldan su calidad y potencial, abriendo nuevas posibilidades para la artesan\u00eda, sinton\u00eda con otros sectores locales, la construcci\u00f3n y futuros desarrollos productivos. Desde nuestro Ministerio, estamos comprometidos con acompa\u00f1ar este proceso, en el marco de la ejecuci\u00f3n del FNDR de Rocas Ornamentales, fortaleciendo el trabajo de las organizaciones locales y avanzando en la formalizaci\u00f3n que permitir\u00e1 dar valor y proyecci\u00f3n a esta riqueza regional.\u201d<\/p>\n<p style=\"text-align: justify;\">Uno de los momentos m\u00e1s destacados fue la presentaci\u00f3n de la agrupaci\u00f3n \u201cCeramistas de la Patagonia\u201d, perteneciente a la Asociaci\u00f3n Gremial de Mineros Aur\u00edferos de Chile Chico. Las expositoras compartieron su experiencia en el trabajo con arcillas de origen local y presentaron su reciente incorporaci\u00f3n de nueva tecnolog\u00eda: una selladora al vac\u00edo que permitir\u00e1 comercializar arcilla lista para modelar en envases de un kilogramo. A trav\u00e9s de productos como tazas, platos, fuentes y piezas decorativas, las ceramistas han sabido proyectar los usos art\u00edsticos de este recurso, integrando tradici\u00f3n e innovaci\u00f3n.<\/p>\n<p style=\"text-align: justify;\">La se\u00f1ora Elena Cay\u00fan, integrante de la agrupaci\u00f3n, coment\u00f3: \u201cHoy estamos en la Casa de la Cultura en este conversatorio sobre la arcilla de Chile Chico, que nos pareci\u00f3 muy positivo porque se dieron a conocer los an\u00e1lisis de la greda con la cual trabajamos. Esta noticia nos motiva a seguir adelante y comenzar a crear nuevas cosas, siempre de la mano con nuestro trabajo en la greda.\u201d<\/p>\n<p style=\"text-align: justify;\">Durante la actividad tambi\u00e9n se presentaron los resultados de laboratorio obtenidos mediante an\u00e1lisis de difracci\u00f3n de rayos X, los que confirmaron las principales caracter\u00edsticas mineral\u00f3gicas de las arcillas locales, reforzando su idoneidad para la cer\u00e1mica art\u00edstica. Asimismo, se abord\u00f3 el contexto geol\u00f3gico que dio origen a estos dep\u00f3sitos, vinculados a procesos hidrotermales y ambientes glacio-lacustres propios de la historia geol\u00f3gica de la regi\u00f3n.<\/p>\n<p style=\"text-align: justify;\">El conversatorio concluy\u00f3 con un espacio de di\u00e1logo abierto, donde la comunidad expres\u00f3 sus expectativas, visiones de futuro y propuestas para potenciar esta actividad. Entre las ideas destacadas se mencionaron la creaci\u00f3n de talleres formativos, el fortalecimiento de redes de comercializaci\u00f3n y la implementaci\u00f3n de sellos de origen para los productos locales.<\/p>\n<p style=\"text-align: justify;\">La jornada finaliz\u00f3 con un llamado a continuar trabajando de manera colaborativa en iniciativas que impulsen el desarrollo econ\u00f3mico y cultural de Chile Chico, en torno a sus recursos naturales y al talento de su gente.<\/p>\n<\/div><\/section><\/div><div  style='height:50px' class='hr hr-invisible   avia-builder-el-6  el_after_av_one_full  el_before_av_social_share '><span class='hr-inner ' ><span class='hr-inner-style'><\/span><\/span><\/div><\/p>\n<div  class='av-social-sharing-box  avia-builder-el-7  el_after_av_hr  el_before_av_hr  '><div class='av-share-box'><h5 class='av-share-link-description av-no-toc '>Compartir esta noticia<\/h5><ul class='av-share-box-list noLightbox'><li class='av-share-link av-social-link-facebook' ><a target=\"_blank\" aria-label=\"Compartir en Facebook\" href='https:\/\/www.facebook.com\/sharer.php?u=https:\/\/radiorevelacionfm.cl\/?p=53357&#038;t=Chile%20Chico%20pone%20en%20valor%20su%20arcilla%20en%20conversatorio%20de%20Miner%C3%ADa%20Artesanal' aria-hidden='false' data-av_icon='\ue8f3' data-av_iconfont='entypo-fontello' title='' data-avia-related-tooltip='Compartir en Facebook' rel=\"noopener\"><span class='avia_hidden_link_text'>Compartir en Facebook<\/span><\/a><\/li><li class='av-share-link av-social-link-twitter' ><a target=\"_blank\" aria-label=\"Compartir en Twitter\" href='https:\/\/twitter.com\/share?text=Chile%20Chico%20pone%20en%20valor%20su%20arcilla%20en%20conversatorio%20de%20Miner%C3%ADa%20Artesanal&#038;url=https:\/\/radiorevelacionfm.cl\/?p=53357' aria-hidden='false' data-av_icon='\ue8f1' data-av_iconfont='entypo-fontello' title='' data-avia-related-tooltip='Compartir en Twitter' rel=\"noopener\"><span class='avia_hidden_link_text'>Compartir en Twitter<\/span><\/a><\/li><li class='av-share-link av-social-link-whatsapp' ><a target=\"_blank\" aria-label=\"Compartir en Whatsapp\" href='https:\/\/api.whatsapp.com\/send?text=https:\/\/radiorevelacionfm.cl\/?p=53357' aria-hidden='false' data-av_icon='\uf232' data-av_iconfont='entypo-fontello' title='' data-avia-related-tooltip='Compartir en Whatsapp' rel=\"noopener\"><span class='avia_hidden_link_text'>Compartir en Whatsapp<\/span><\/a><\/li><li class='av-share-link av-social-link-linkedin' ><a target=\"_blank\" aria-label=\"Compartir en LinkedIn\" href='https:\/\/linkedin.com\/shareArticle?mini=true&#038;title=Chile%20Chico%20pone%20en%20valor%20su%20arcilla%20en%20conversatorio%20de%20Miner%C3%ADa%20Artesanal&#038;url=https:\/\/radiorevelacionfm.cl\/?p=53357' aria-hidden='false' data-av_icon='\ue8fc' data-av_iconfont='entypo-fontello' title='' data-avia-related-tooltip='Compartir en LinkedIn' rel=\"noopener\"><span class='avia_hidden_link_text'>Compartir en LinkedIn<\/span><\/a><\/li><li class='av-share-link av-social-link-mail' ><a  aria-label=\"Compartir por correo\" href='mailto:?subject=Chile%20Chico%20pone%20en%20valor%20su%20arcilla%20en%20conversatorio%20de%20Miner%C3%ADa%20Artesanal&#038;body=https:\/\/radiorevelacionfm.cl\/?p=53357' aria-hidden='false' data-av_icon='\ue805' data-av_iconfont='entypo-fontello' title='' data-avia-related-tooltip='Compartir por correo'><span class='avia_hidden_link_text'>Compartir por correo<\/span><\/a><\/li><\/ul><\/div><\/div>\n<div  style='height:50px' class='hr hr-invisible   avia-builder-el-8  el_after_av_social_share  el_before_av_comments_list '><span class='hr-inner ' ><span class='hr-inner-style'><\/span><\/span><\/div>\n<div  class='av-buildercomment  av-blog-meta-html-info-disabled av-blog-meta-tag-disabled  '><\/div>\n","protected":false},"excerpt":{"rendered":"","protected":false},"author":1,"featured_media":53358,"comment_status":"closed","ping_status":"closed","sticky":false,"template":"","format":"standard","meta":{"footnotes":""},"categories":[38],"tags":[],"class_list":["post-53357","post","type-post","status-publish","format-standard","has-post-thumbnail","hentry","category-regional"],"jetpack_featured_media_url":"https:\/\/radiorevelacionfm.cl\/wp-content\/uploads\/2025\/04\/2-91-1_optimized.jpeg","_links":{"self":[{"href":"https:\/\/radiorevelacionfm.cl\/index.php?rest_route=\/wp\/v2\/posts\/53357","targetHints":{"allow":["GET"]}}],"collection":[{"href":"https:\/\/radiorevelacionfm.cl\/index.php?rest_route=\/wp\/v2\/posts"}],"about":[{"href":"https:\/\/radiorevelacionfm.cl\/index.php?rest_route=\/wp\/v2\/types\/post"}],"author":[{"embeddable":true,"href":"https:\/\/radiorevelacionfm.cl\/index.php?rest_route=\/wp\/v2\/users\/1"}],"replies":[{"embeddable":true,"href":"https:\/\/radiorevelacionfm.cl\/index.php?rest_route=%2Fwp%2Fv2%2Fcomments&post=53357"}],"version-history":[{"count":2,"href":"https:\/\/radiorevelacionfm.cl\/index.php?rest_route=\/wp\/v2\/posts\/53357\/revisions"}],"predecessor-version":[{"id":53405,"href":"https:\/\/radiorevelacionfm.cl\/index.php?rest_route=\/wp\/v2\/posts\/53357\/revisions\/53405"}],"wp:featuredmedia":[{"embeddable":true,"href":"https:\/\/radiorevelacionfm.cl\/index.php?rest_route=\/wp\/v2\/media\/53358"}],"wp:attachment":[{"href":"https:\/\/radiorevelacionfm.cl\/index.php?rest_route=%2Fwp%2Fv2%2Fmedia&parent=53357"}],"wp:term":[{"taxonomy":"category","embeddable":true,"href":"https:\/\/radiorevelacionfm.cl\/index.php?rest_route=%2Fwp%2Fv2%2Fcategories&post=53357"},{"taxonomy":"post_tag","embeddable":true,"href":"https:\/\/radiorevelacionfm.cl\/index.php?rest_route=%2Fwp%2Fv2%2Ftags&post=53357"}],"curies":[{"name":"wp","href":"https:\/\/api.w.org\/{rel}","templated":true}]}}