{"id":53354,"date":"2025-05-01T20:28:33","date_gmt":"2025-05-01T23:28:33","guid":{"rendered":"https:\/\/radiorevelacionfm.cl\/?p=53354"},"modified":"2025-05-01T20:28:33","modified_gmt":"2025-05-01T23:28:33","slug":"aprueban-plan-de-accion-regional-de-cambio-climatico-para-aysen","status":"publish","type":"post","link":"https:\/\/radiorevelacionfm.cl\/?p=53354","title":{"rendered":"Aprueban Plan de Acci\u00f3n Regional de Cambio Clim\u00e1tico para Ays\u00e9n"},"content":{"rendered":"<div class=\"flex_column av_one_full  flex_column_div av-zero-column-padding first  avia-builder-el-0  el_before_av_one_full  avia-builder-el-first  \" style='border-radius:0px; '><div  class='avia-image-container  av-styling-    avia-builder-el-1  avia-builder-el-no-sibling  avia-align-center '  itemprop=\"image\" itemscope=\"itemscope\" itemtype=\"https:\/\/schema.org\/ImageObject\"  ><div class='avia-image-container-inner'><div class='avia-image-overlay-wrap'><img decoding=\"async\" class='wp-image-53355 avia-img-lazy-loading-not-53355 avia_image' src=\"https:\/\/radiorevelacionfm.cl\/wp-content\/uploads\/2025\/04\/4-60-1-1.jpeg\" alt='' title='4 (60) (1) (1)' height=\"600\" width=\"1067\"  itemprop=\"thumbnailUrl\" srcset=\"https:\/\/radiorevelacionfm.cl\/wp-content\/uploads\/2025\/04\/4-60-1-1.jpeg 1067w, https:\/\/radiorevelacionfm.cl\/wp-content\/uploads\/2025\/04\/4-60-1-1-300x169.jpeg 300w, https:\/\/radiorevelacionfm.cl\/wp-content\/uploads\/2025\/04\/4-60-1-1-1030x579.jpeg 1030w, https:\/\/radiorevelacionfm.cl\/wp-content\/uploads\/2025\/04\/4-60-1-1-768x432.jpeg 768w, https:\/\/radiorevelacionfm.cl\/wp-content\/uploads\/2025\/04\/4-60-1-1-705x396.jpeg 705w, https:\/\/radiorevelacionfm.cl\/wp-content\/uploads\/2025\/04\/4-60-1-1-450x253.jpeg 450w, https:\/\/radiorevelacionfm.cl\/wp-content\/uploads\/2025\/04\/4-60-1-1-600x337.jpeg 600w\" sizes=\"(max-width: 1067px) 100vw, 1067px\" \/><\/div><\/div><\/div><\/div><div class=\"flex_column av_one_full  flex_column_div av-zero-column-padding first  avia-builder-el-2  el_after_av_one_full  el_before_av_one_full  column-top-margin\" style='border-radius:0px; '><section class=\"av_textblock_section \"  itemscope=\"itemscope\" itemtype=\"https:\/\/schema.org\/BlogPosting\" itemprop=\"blogPost\" ><div class='avia_textblock  '   itemprop=\"text\" ><p style=\"text-align: center;\"><strong><span style=\"font-size: 18pt;\">Aprueban Plan de Acci\u00f3n Regional de Cambio Clim\u00e1tico para Ays\u00e9n<\/span><\/strong><\/p>\n<div id=\"gtx-trans\" style=\"position: absolute; left: -50px; top: 4.31534px;\">\n<div class=\"gtx-trans-icon\"><\/div>\n<\/div>\n<\/div><\/section><\/div><div class=\"flex_column av_one_full  flex_column_div av-zero-column-padding first  avia-builder-el-4  el_after_av_one_full  el_before_av_hr  column-top-margin\" style='border-radius:0px; '><section class=\"av_textblock_section \"  itemscope=\"itemscope\" itemtype=\"https:\/\/schema.org\/BlogPosting\" itemprop=\"blogPost\" ><div class='avia_textblock  '   itemprop=\"text\" ><p style=\"text-align: justify;\">Este martes se llev\u00f3 a cabo la votaci\u00f3n para aprobar el Plan de Acci\u00f3n Regional de Cambio Clim\u00e1tico (PARCC) de Ays\u00e9n por parte del Consejo Regional, con acuerdo un\u00e1nime del consejo pleno. El instrumento de gesti\u00f3n clim\u00e1tica, que forma parte de la implementaci\u00f3n de la Ley Marco de Cambio Clim\u00e1tico, pasar\u00e1 ahora a la resoluci\u00f3n por parte del Delegado Presidencial Regional y su publicaci\u00f3n para iniciar su implementaci\u00f3n.<\/p>\n<p style=\"text-align: justify;\">El Seremi del Medio Ambiente, Yoal D\u00edaz, manifest\u00f3 su alegr\u00eda por la aprobaci\u00f3n tanto del Pleno del Consejo Regional como de la Comisi\u00f3n de Regionalizaci\u00f3n, Integraci\u00f3n Territorial y Medio Ambiente RIMA, con quienes se desarroll\u00f3 un trabajo previo a la votaci\u00f3n consistente en, jornadas y presentaciones para profundizar el plan \u201cLa colaboraci\u00f3n es clave, as\u00ed que nos dimos m\u00e1s tiempo y ayer lo dec\u00eda, no temas ir despacio, mas teme no avanzar, y aqu\u00ed estamos avanzando, dimos pasos concretos y vamos a seguir trabajando en conjunto con el Gobierno Regional y su Consejo, con el Comit\u00e9 Regional de Cambio Clim\u00e1tico CORECC para generar las condiciones para que la mitigaci\u00f3n y adaptaci\u00f3n al cambio clim\u00e1tico sea una realidad durante estos cinco a\u00f1os\u201d.<\/p>\n<p style=\"text-align: justify;\">La Ley Marco de Cambio Clim\u00e1tico crea un marco jur\u00eddico para enfrentar el cambio clim\u00e1tico en materia de mitigaci\u00f3n y adaptaci\u00f3n, formalizando la institucionalidad clim\u00e1tica a nivel nacional, regional y local, y consagrando responsabilidades y obligaciones a trece ministerios, Gobiernos Regionales y Municipalidades de integrar el cambio clim\u00e1tico en sus diferentes instrumentos, planes y pol\u00edticas, comprometiendo objetivos como la elaboraci\u00f3n de planes regionales y comunales.<\/p>\n<p style=\"text-align: justify;\">El Plan de Acci\u00f3n Regional de Cambio Clim\u00e1tico de Ays\u00e9n fue elaborado por el CORECC con la participaci\u00f3n de 20 servicios coadyuvantes, 3 consultor\u00edas, y un proceso de participaci\u00f3n en toda su elaboraci\u00f3n que cont\u00f3 con talleres participativos locales, entrevistas, encuesta y seminario de exposici\u00f3n.<\/p>\n<p style=\"text-align: justify;\">El PARCC Ays\u00e9n, adem\u00e1s de contener un diagn\u00f3stico de vulnerabilidad clim\u00e1tica, el inventario de emisiones de Gases de Efecto Invernadero y contaminaci\u00f3n local, levanta\u00a0 7 lineamientos espec\u00edficos para agrupar medidas de mitigaci\u00f3n y adaptaci\u00f3n al cambio clim\u00e1tico. De estos lineamientos se desprenden 20 medidas de mitigaci\u00f3n y adaptaci\u00f3n a nivel regional y local, entre las que destacan: Desarrollo de una estrategia regional de educaci\u00f3n, capacidades y empoderamiento clim\u00e1tico; Desarrollo de una Estrategia Regional de Calidad del Aire que coordina diferentes acciones y proyectos de eficiencia energ\u00e9tica y reducci\u00f3n de contaminaci\u00f3n por le\u00f1a en al menos 10 localidades de la regi\u00f3n; Fortalecimiento y coordinaci\u00f3n de 35 servicios p\u00fablicos y 10 municipalidades que tienen responsabilidad de implementar y colaborar en metas, medidas y acciones clim\u00e1ticas, con horizonte de tiempo de 5 a\u00f1os. . El expediente del PARCC, junto a todos sus insumos puede encontrarse en el portal web del Gobierno Regional de Ays\u00e9n.<\/p>\n<p style=\"text-align: justify;\">La Consejera Regional y presidenta de la Comisi\u00f3n RIMA, Ana Mar\u00eda Mora calific\u00f3 el proceso como enriquecedor \u201cabordamos de manera muy profunda el plan y se aclararon varias dudas que ten\u00edamos (\u2026) desde todos los ministerios y todos los sectores, entend\u00ed que esto es transversal y va a ser beneficioso, las indicaciones que nos entrega este plan a nivel regional y luego se complementar\u00e1 con los planes comunales que cada municipio est\u00e1 trabajando en sus territorios\u201d.<\/p>\n<p style=\"text-align: justify;\">As\u00ed tambi\u00e9n el Consejero Benjam\u00edn Infante celebr\u00f3 la aprobaci\u00f3n un\u00e1nime \u00a0de \u00a0un tema \u201ctan sentido y tan real que afecta a nuestras comunidades, y que tenga un eco en la pol\u00edtica. Yo espero que nos d\u00e9 herramientas para volvernos comunidades m\u00e1s resilientes, m\u00e1s capaces de enfrentar los desaf\u00edos que tiene el cambio clim\u00e1tico, anticiparnos a estos fen\u00f3menos y as\u00ed actuar de manera m\u00e1s coherente\u201d, a sus palabras se sum\u00f3 el Consejero Arcadio Soto, quien valor\u00f3 el impacto que el plan tendr\u00eda en el sector tur\u00edstico \u201cEstamos pensando en un turismo sustentable que permita poder tener un desarrollo social, econ\u00f3mico y sobre todo medioambiental tambi\u00e9n. Por lo tanto es una buena noticia y estoy seguro que este plan tambi\u00e9n va a ser indicativo y va a conversar con el resto de herramientas de planificaci\u00f3n que debemos implementar\u201d.<\/p>\n<p style=\"text-align: justify;\">Finalmente el Seremi del Medio Ambiente indic\u00f3 que el paso siguiente es oficiar al Delegado Presidencial para emitir la resoluci\u00f3n, para luego ser publicado en diario oficial. Con ello comienza una etapa de sensibilizaci\u00f3n para compartir en detalle las medidas del plan a la comunidad, su implementaci\u00f3n y adem\u00e1s\u00a0 continuar con el apoyo a los municipios en la creaci\u00f3n de sus planes comunales, sobre los que indic\u00f3, ya 8 de los 10 municipios han iniciado la elaboraci\u00f3n de sus planes comunales.<\/p>\n<\/div><\/section><\/div><div  style='height:50px' class='hr hr-invisible   avia-builder-el-6  el_after_av_one_full  el_before_av_social_share '><span class='hr-inner ' ><span class='hr-inner-style'><\/span><\/span><\/div><\/p>\n<div  class='av-social-sharing-box  avia-builder-el-7  el_after_av_hr  el_before_av_hr  '><div class='av-share-box'><h5 class='av-share-link-description av-no-toc '>Compartir esta noticia<\/h5><ul class='av-share-box-list noLightbox'><li class='av-share-link av-social-link-facebook' ><a target=\"_blank\" aria-label=\"Compartir en Facebook\" href='https:\/\/www.facebook.com\/sharer.php?u=https:\/\/radiorevelacionfm.cl\/?p=53354&#038;t=Aprueban%20Plan%20de%20Acci%C3%B3n%20Regional%20de%20Cambio%20Clim%C3%A1tico%20para%20Ays%C3%A9n' aria-hidden='false' data-av_icon='\ue8f3' data-av_iconfont='entypo-fontello' title='' data-avia-related-tooltip='Compartir en Facebook' rel=\"noopener\"><span class='avia_hidden_link_text'>Compartir en Facebook<\/span><\/a><\/li><li class='av-share-link av-social-link-twitter' ><a target=\"_blank\" aria-label=\"Compartir en Twitter\" href='https:\/\/twitter.com\/share?text=Aprueban%20Plan%20de%20Acci%C3%B3n%20Regional%20de%20Cambio%20Clim%C3%A1tico%20para%20Ays%C3%A9n&#038;url=https:\/\/radiorevelacionfm.cl\/?p=53354' aria-hidden='false' data-av_icon='\ue8f1' data-av_iconfont='entypo-fontello' title='' data-avia-related-tooltip='Compartir en Twitter' rel=\"noopener\"><span class='avia_hidden_link_text'>Compartir en Twitter<\/span><\/a><\/li><li class='av-share-link av-social-link-whatsapp' ><a target=\"_blank\" aria-label=\"Compartir en Whatsapp\" href='https:\/\/api.whatsapp.com\/send?text=https:\/\/radiorevelacionfm.cl\/?p=53354' aria-hidden='false' data-av_icon='\uf232' data-av_iconfont='entypo-fontello' title='' data-avia-related-tooltip='Compartir en Whatsapp' rel=\"noopener\"><span class='avia_hidden_link_text'>Compartir en Whatsapp<\/span><\/a><\/li><li class='av-share-link av-social-link-linkedin' ><a target=\"_blank\" aria-label=\"Compartir en LinkedIn\" href='https:\/\/linkedin.com\/shareArticle?mini=true&#038;title=Aprueban%20Plan%20de%20Acci%C3%B3n%20Regional%20de%20Cambio%20Clim%C3%A1tico%20para%20Ays%C3%A9n&#038;url=https:\/\/radiorevelacionfm.cl\/?p=53354' aria-hidden='false' data-av_icon='\ue8fc' data-av_iconfont='entypo-fontello' title='' data-avia-related-tooltip='Compartir en LinkedIn' rel=\"noopener\"><span class='avia_hidden_link_text'>Compartir en LinkedIn<\/span><\/a><\/li><li class='av-share-link av-social-link-mail' ><a  aria-label=\"Compartir por correo\" href='mailto:?subject=Aprueban%20Plan%20de%20Acci%C3%B3n%20Regional%20de%20Cambio%20Clim%C3%A1tico%20para%20Ays%C3%A9n&#038;body=https:\/\/radiorevelacionfm.cl\/?p=53354' aria-hidden='false' data-av_icon='\ue805' data-av_iconfont='entypo-fontello' title='' data-avia-related-tooltip='Compartir por correo'><span class='avia_hidden_link_text'>Compartir por correo<\/span><\/a><\/li><\/ul><\/div><\/div>\n<div  style='height:50px' class='hr hr-invisible   avia-builder-el-8  el_after_av_social_share  el_before_av_comments_list '><span class='hr-inner ' ><span class='hr-inner-style'><\/span><\/span><\/div>\n<div  class='av-buildercomment  av-blog-meta-html-info-disabled av-blog-meta-tag-disabled  '><\/div>\n","protected":false},"excerpt":{"rendered":"","protected":false},"author":1,"featured_media":53355,"comment_status":"closed","ping_status":"closed","sticky":false,"template":"","format":"standard","meta":{"footnotes":""},"categories":[39],"tags":[],"class_list":["post-53354","post","type-post","status-publish","format-standard","has-post-thumbnail","hentry","category-medio-ambiente"],"jetpack_featured_media_url":"https:\/\/radiorevelacionfm.cl\/wp-content\/uploads\/2025\/04\/4-60-1-1.jpeg","_links":{"self":[{"href":"https:\/\/radiorevelacionfm.cl\/index.php?rest_route=\/wp\/v2\/posts\/53354","targetHints":{"allow":["GET"]}}],"collection":[{"href":"https:\/\/radiorevelacionfm.cl\/index.php?rest_route=\/wp\/v2\/posts"}],"about":[{"href":"https:\/\/radiorevelacionfm.cl\/index.php?rest_route=\/wp\/v2\/types\/post"}],"author":[{"embeddable":true,"href":"https:\/\/radiorevelacionfm.cl\/index.php?rest_route=\/wp\/v2\/users\/1"}],"replies":[{"embeddable":true,"href":"https:\/\/radiorevelacionfm.cl\/index.php?rest_route=%2Fwp%2Fv2%2Fcomments&post=53354"}],"version-history":[{"count":2,"href":"https:\/\/radiorevelacionfm.cl\/index.php?rest_route=\/wp\/v2\/posts\/53354\/revisions"}],"predecessor-version":[{"id":53404,"href":"https:\/\/radiorevelacionfm.cl\/index.php?rest_route=\/wp\/v2\/posts\/53354\/revisions\/53404"}],"wp:featuredmedia":[{"embeddable":true,"href":"https:\/\/radiorevelacionfm.cl\/index.php?rest_route=\/wp\/v2\/media\/53355"}],"wp:attachment":[{"href":"https:\/\/radiorevelacionfm.cl\/index.php?rest_route=%2Fwp%2Fv2%2Fmedia&parent=53354"}],"wp:term":[{"taxonomy":"category","embeddable":true,"href":"https:\/\/radiorevelacionfm.cl\/index.php?rest_route=%2Fwp%2Fv2%2Fcategories&post=53354"},{"taxonomy":"post_tag","embeddable":true,"href":"https:\/\/radiorevelacionfm.cl\/index.php?rest_route=%2Fwp%2Fv2%2Ftags&post=53354"}],"curies":[{"name":"wp","href":"https:\/\/api.w.org\/{rel}","templated":true}]}}