{"id":53351,"date":"2025-05-01T19:58:20","date_gmt":"2025-05-01T22:58:20","guid":{"rendered":"https:\/\/radiorevelacionfm.cl\/?p=53351"},"modified":"2025-05-01T19:58:20","modified_gmt":"2025-05-01T22:58:20","slug":"lanzan-nuevos-diplomados-gratuitos-para-fortalecer-el-talento-digital-en-chile","status":"publish","type":"post","link":"https:\/\/radiorevelacionfm.cl\/?p=53351","title":{"rendered":"Lanzan nuevos Diplomados Gratuitos para fortalecer el talento digital en Chile"},"content":{"rendered":"<div class=\"flex_column av_one_full  flex_column_div av-zero-column-padding first  avia-builder-el-0  el_before_av_one_full  avia-builder-el-first  \" style='border-radius:0px; '><div  class='avia-image-container  av-styling-    avia-builder-el-1  avia-builder-el-no-sibling  avia-align-center '  itemprop=\"image\" itemscope=\"itemscope\" itemtype=\"https:\/\/schema.org\/ImageObject\"  ><div class='avia-image-container-inner'><div class='avia-image-overlay-wrap'><img decoding=\"async\" class='wp-image-53352 avia-img-lazy-loading-not-53352 avia_image' src=\"https:\/\/radiorevelacionfm.cl\/wp-content\/uploads\/2025\/04\/Diplomados-1-1-1.jpeg\" alt='' title='Diplomados 1 (1) (1)' height=\"600\" width=\"823\"  itemprop=\"thumbnailUrl\" srcset=\"https:\/\/radiorevelacionfm.cl\/wp-content\/uploads\/2025\/04\/Diplomados-1-1-1.jpeg 823w, https:\/\/radiorevelacionfm.cl\/wp-content\/uploads\/2025\/04\/Diplomados-1-1-1-300x219.jpeg 300w, https:\/\/radiorevelacionfm.cl\/wp-content\/uploads\/2025\/04\/Diplomados-1-1-1-768x560.jpeg 768w, https:\/\/radiorevelacionfm.cl\/wp-content\/uploads\/2025\/04\/Diplomados-1-1-1-705x514.jpeg 705w, https:\/\/radiorevelacionfm.cl\/wp-content\/uploads\/2025\/04\/Diplomados-1-1-1-450x328.jpeg 450w, https:\/\/radiorevelacionfm.cl\/wp-content\/uploads\/2025\/04\/Diplomados-1-1-1-600x437.jpeg 600w\" sizes=\"(max-width: 823px) 100vw, 823px\" \/><\/div><\/div><\/div><\/div><div class=\"flex_column av_one_full  flex_column_div av-zero-column-padding first  avia-builder-el-2  el_after_av_one_full  el_before_av_one_full  column-top-margin\" style='border-radius:0px; '><section class=\"av_textblock_section \"  itemscope=\"itemscope\" itemtype=\"https:\/\/schema.org\/BlogPosting\" itemprop=\"blogPost\" ><div class='avia_textblock  '   itemprop=\"text\" ><p style=\"text-align: center;\"><strong><span style=\"font-size: 18pt;\">Lanzan nuevos Diplomados Gratuitos para fortalecer el talento digital en Chile<\/span><\/strong><\/p>\n<div id=\"gtx-trans\" style=\"position: absolute; left: -50px; top: 4.31534px;\">\n<div class=\"gtx-trans-icon\"><\/div>\n<\/div>\n<\/div><\/section><\/div><div class=\"flex_column av_one_full  flex_column_div av-zero-column-padding first  avia-builder-el-4  el_after_av_one_full  el_before_av_hr  column-top-margin\" style='border-radius:0px; '><section class=\"av_textblock_section \"  itemscope=\"itemscope\" itemtype=\"https:\/\/schema.org\/BlogPosting\" itemprop=\"blogPost\" ><div class='avia_textblock  '   itemprop=\"text\" ><ul>\n<li style=\"text-align: justify;\"><em>La convocatoria contempla diplomados 100% online en habilidades digitales, emprendimiento y gesti\u00f3n de proyectos, con cupos limitados, pensados en impulsar la empleabilidad en un entorno laboral en constante evoluci\u00f3n.<\/em><\/li>\n<li style=\"text-align: justify;\"><em>Los programas formativos son limitados y estar\u00e1n dispuestos en \u00a0<a href=\"http:\/\/www.sence.cl\/\" data-saferedirecturl=\"https:\/\/www.google.com\/url?q=http:\/\/www.sence.cl&amp;source=gmail&amp;ust=1746116306827000&amp;usg=AOvVaw1PuFFXZzobQWDmLIqJe3X-\">www.sence.cl<\/a>\u00a0. Estos poseen un enfoque pr\u00e1ctico y actualizado, dise\u00f1ado para responder a las nuevas exigencias del mundo digital, incorporando contenidos clave como Inteligencia Artificial y Ciberseguridad.<\/em><\/li>\n<\/ul>\n<p style=\"text-align: justify;\">Con el fin de potenciar la descentralizaci\u00f3n y acercar la transformaci\u00f3n digital a regiones, Fundaci\u00f3n Telef\u00f3nica Movistar, en alianza con el Servicio Nacional de Capacitaci\u00f3n y Empleo (SENCE), informan sobre la apertura de una nueva convocatoria de diplomados gratuitos enfocados en competencias digitales, con el objetivo de potenciar la empleabilidad y responder a las demandas del mercado laboral actual.<\/p>\n<p style=\"text-align: justify;\">La oferta formativa, que se extender\u00e1 entre el 23 de abril y el 30 de septiembre, considera programas en \u00e1reas estrat\u00e9gicas del entorno digital y contar\u00e1 con el respaldo acad\u00e9mico de la Universidad de Playa Ancha, el Instituto Profesional AIEP y el IP Chile, instituciones reconocidas por su experiencia en formaci\u00f3n t\u00e9cnica y profesional.<\/p>\n<p style=\"text-align: justify;\">As\u00ed lo destac\u00f3 el director regional del SENCE Ays\u00e9n, Nelson Garrido Morales \u201cEstamos muy contentos de continuar con este proceso de diplomados digitales de SENCE junto con la Fundaci\u00f3n Telef\u00f3nica, que desde el a\u00f1o 2022 est\u00e1 instalado. M\u00e1s de 250.000 personas se han inscrito, en su mayor\u00eda ha sido realizado por mujeres, un 54% con mujeres, un 46% hombres y este a\u00f1o, o sea, a partir ya del mi\u00e9rcoles est\u00e1n en la plataforma los 5 diplomados y lo maravilloso de esto que son cursos 100% gratuitos y los \u00fanicos requisitos ser mayor de 18 a\u00f1os, tener cuarto medio, run chileno y clave \u00fanica\u201d, puntualiz\u00f3.<\/p>\n<p style=\"text-align: justify;\">Estos programas formativos, dictados en modalidad 100% online, est\u00e1n dise\u00f1ados para personas mayores de 18 a\u00f1os y buscan entregar herramientas concretas para la inserci\u00f3n, reconversi\u00f3n y proyecci\u00f3n laboral en un contexto marcado por la transformaci\u00f3n tecnol\u00f3gica. El anuncio se da una semana despu\u00e9s del lanzamiento del plan de renovaci\u00f3n de la red m\u00f3vil 5G de Movistar en Temuco, cuyo objetivo es mejorar la experiencia de las personas, al cubrir con tecnolog\u00eda 5G el 80% de las zonas urbanas y semirrurales del pa\u00eds.<\/p>\n<p style=\"text-align: justify;\">Por su parte, La Secretaria Regional Ministerial del Trabajo y Previsi\u00f3n Social de Ays\u00e9n, Camila Covarrubias, indic\u00f3 que \u201cPara nosotros es sumamente importante poder entregar esta oferta a la comunidad, adem\u00e1s de que son gratuitos, tienen una cantidad de requisitos m\u00ednimos y, por tanto, puede acceder una mayor cantidad de personas y eso permite cumplir con uno de nuestros objetivos, que es poder mejorar la empleabilidad de las y los trabajadores. En ese sentido, tambi\u00e9n puede adelantarnos a los cambios digitales que ya existen, que ya nos hemos dado cuenta. Necesitamos ponernos al d\u00eda con esos contenidos que nos permitan tambi\u00e9n adaptarnos a los cambios que tiene tambi\u00e9n el mundo laboral, a ra\u00edz de este acelerado cambio digital que hemos vivido. As\u00ed que la invitaci\u00f3n est\u00e1 abierta a que postulen\u201d, concluy\u00f3.<\/p>\n<p style=\"text-align: justify;\">Los diplomados disponibles son:<\/p>\n<ul style=\"text-align: justify;\">\n<li>Dise\u00f1o y gesti\u00f3n \u00e1gil de proyectos<\/li>\n<li>Dise\u00f1o y programaci\u00f3n web<\/li>\n<li>Emprendimiento y gesti\u00f3n digital<\/li>\n<li>Habilidades para el desarrollo profesional<\/li>\n<li>Marketing Digital y gesti\u00f3n estrat\u00e9gica<\/li>\n<\/ul>\n<p style=\"text-align: justify;\">La iniciativa forma parte de los esfuerzos conjuntos entre Fundaci\u00f3n Telef\u00f3nica Movistar y SENCE para contribuir a la democratizaci\u00f3n del conocimiento digital y fomentar una participaci\u00f3n equitativa en el desarrollo del capital humano en Chile. De hecho, durante 2024 esta alianza p\u00fablico-privada permiti\u00f3 el desarrollo de 7 diplomados en los que participaron m\u00e1s de 79 mil personas de todas las regiones de Chile.<\/p>\n<p style=\"text-align: justify;\">En esta nueva edici\u00f3n -alineada con los desaf\u00edos emergentes del entorno digital- el programa incorporar\u00e1 un masterclass transversal en \u00abSeguridad de la informaci\u00f3n e inteligencia artificial\u201d, eje tem\u00e1tico esencial en el actual panorama tecnol\u00f3gico. Esta instancia formativa estar\u00e1 presente en todos los diplomados y busca fortalecer competencias clave en un mercado laboral cada vez m\u00e1s exigente, donde la protecci\u00f3n de datos, la ciberseguridad y el uso \u00e9tico de la inteligencia artificial se han convertido en habilidades fundamentales para la empleabilidad.<\/p>\n<p style=\"text-align: justify;\">Los cupos son limitados y las inscripciones estar\u00e1n disponibles en el sitio web de Sence:\u00a0<a href=\"https:\/\/sence.gob.cl\/personas\/diplomados-sociedad-digital\" data-saferedirecturl=\"https:\/\/www.google.com\/url?q=https:\/\/sence.gob.cl\/personas\/diplomados-sociedad-digital&amp;source=gmail&amp;ust=1746116306827000&amp;usg=AOvVaw2GcjTHhTXsrLmcyskLut2f\">https:\/\/sence.gob.cl\/personas\/diplomados-sociedad-digital<\/a>.<\/p>\n<\/div><\/section><\/div><div  style='height:50px' class='hr hr-invisible   avia-builder-el-6  el_after_av_one_full  el_before_av_social_share '><span class='hr-inner ' ><span class='hr-inner-style'><\/span><\/span><\/div><\/p>\n<div  class='av-social-sharing-box  avia-builder-el-7  el_after_av_hr  el_before_av_hr  '><div class='av-share-box'><h5 class='av-share-link-description av-no-toc '>Compartir esta noticia<\/h5><ul class='av-share-box-list noLightbox'><li class='av-share-link av-social-link-facebook' ><a target=\"_blank\" aria-label=\"Compartir en Facebook\" href='https:\/\/www.facebook.com\/sharer.php?u=https:\/\/radiorevelacionfm.cl\/?p=53351&#038;t=Lanzan%20nuevos%20Diplomados%20Gratuitos%20para%20fortalecer%20el%20talento%20digital%20en%20Chile' aria-hidden='false' data-av_icon='\ue8f3' data-av_iconfont='entypo-fontello' title='' data-avia-related-tooltip='Compartir en Facebook' rel=\"noopener\"><span class='avia_hidden_link_text'>Compartir en Facebook<\/span><\/a><\/li><li class='av-share-link av-social-link-twitter' ><a target=\"_blank\" aria-label=\"Compartir en Twitter\" href='https:\/\/twitter.com\/share?text=Lanzan%20nuevos%20Diplomados%20Gratuitos%20para%20fortalecer%20el%20talento%20digital%20en%20Chile&#038;url=https:\/\/radiorevelacionfm.cl\/?p=53351' aria-hidden='false' data-av_icon='\ue8f1' data-av_iconfont='entypo-fontello' title='' data-avia-related-tooltip='Compartir en Twitter' rel=\"noopener\"><span class='avia_hidden_link_text'>Compartir en Twitter<\/span><\/a><\/li><li class='av-share-link av-social-link-whatsapp' ><a target=\"_blank\" aria-label=\"Compartir en Whatsapp\" href='https:\/\/api.whatsapp.com\/send?text=https:\/\/radiorevelacionfm.cl\/?p=53351' aria-hidden='false' data-av_icon='\uf232' data-av_iconfont='entypo-fontello' title='' data-avia-related-tooltip='Compartir en Whatsapp' rel=\"noopener\"><span class='avia_hidden_link_text'>Compartir en Whatsapp<\/span><\/a><\/li><li class='av-share-link av-social-link-linkedin' ><a target=\"_blank\" aria-label=\"Compartir en LinkedIn\" href='https:\/\/linkedin.com\/shareArticle?mini=true&#038;title=Lanzan%20nuevos%20Diplomados%20Gratuitos%20para%20fortalecer%20el%20talento%20digital%20en%20Chile&#038;url=https:\/\/radiorevelacionfm.cl\/?p=53351' aria-hidden='false' data-av_icon='\ue8fc' data-av_iconfont='entypo-fontello' title='' data-avia-related-tooltip='Compartir en LinkedIn' rel=\"noopener\"><span class='avia_hidden_link_text'>Compartir en LinkedIn<\/span><\/a><\/li><li class='av-share-link av-social-link-mail' ><a  aria-label=\"Compartir por correo\" href='mailto:?subject=Lanzan%20nuevos%20Diplomados%20Gratuitos%20para%20fortalecer%20el%20talento%20digital%20en%20Chile&#038;body=https:\/\/radiorevelacionfm.cl\/?p=53351' aria-hidden='false' data-av_icon='\ue805' data-av_iconfont='entypo-fontello' title='' data-avia-related-tooltip='Compartir por correo'><span class='avia_hidden_link_text'>Compartir por correo<\/span><\/a><\/li><\/ul><\/div><\/div>\n<div  style='height:50px' class='hr hr-invisible   avia-builder-el-8  el_after_av_social_share  el_before_av_comments_list '><span class='hr-inner ' ><span class='hr-inner-style'><\/span><\/span><\/div>\n<div  class='av-buildercomment  av-blog-meta-html-info-disabled av-blog-meta-tag-disabled  '><\/div>\n","protected":false},"excerpt":{"rendered":"","protected":false},"author":1,"featured_media":53352,"comment_status":"closed","ping_status":"closed","sticky":false,"template":"","format":"standard","meta":{"footnotes":""},"categories":[56],"tags":[],"class_list":["post-53351","post","type-post","status-publish","format-standard","has-post-thumbnail","hentry","category-trabajo"],"jetpack_featured_media_url":"https:\/\/radiorevelacionfm.cl\/wp-content\/uploads\/2025\/04\/Diplomados-1-1-1.jpeg","_links":{"self":[{"href":"https:\/\/radiorevelacionfm.cl\/index.php?rest_route=\/wp\/v2\/posts\/53351","targetHints":{"allow":["GET"]}}],"collection":[{"href":"https:\/\/radiorevelacionfm.cl\/index.php?rest_route=\/wp\/v2\/posts"}],"about":[{"href":"https:\/\/radiorevelacionfm.cl\/index.php?rest_route=\/wp\/v2\/types\/post"}],"author":[{"embeddable":true,"href":"https:\/\/radiorevelacionfm.cl\/index.php?rest_route=\/wp\/v2\/users\/1"}],"replies":[{"embeddable":true,"href":"https:\/\/radiorevelacionfm.cl\/index.php?rest_route=%2Fwp%2Fv2%2Fcomments&post=53351"}],"version-history":[{"count":2,"href":"https:\/\/radiorevelacionfm.cl\/index.php?rest_route=\/wp\/v2\/posts\/53351\/revisions"}],"predecessor-version":[{"id":53403,"href":"https:\/\/radiorevelacionfm.cl\/index.php?rest_route=\/wp\/v2\/posts\/53351\/revisions\/53403"}],"wp:featuredmedia":[{"embeddable":true,"href":"https:\/\/radiorevelacionfm.cl\/index.php?rest_route=\/wp\/v2\/media\/53352"}],"wp:attachment":[{"href":"https:\/\/radiorevelacionfm.cl\/index.php?rest_route=%2Fwp%2Fv2%2Fmedia&parent=53351"}],"wp:term":[{"taxonomy":"category","embeddable":true,"href":"https:\/\/radiorevelacionfm.cl\/index.php?rest_route=%2Fwp%2Fv2%2Fcategories&post=53351"},{"taxonomy":"post_tag","embeddable":true,"href":"https:\/\/radiorevelacionfm.cl\/index.php?rest_route=%2Fwp%2Fv2%2Ftags&post=53351"}],"curies":[{"name":"wp","href":"https:\/\/api.w.org\/{rel}","templated":true}]}}