{"id":53347,"date":"2025-04-30T16:19:52","date_gmt":"2025-04-30T19:19:52","guid":{"rendered":"https:\/\/radiorevelacionfm.cl\/?p=53347"},"modified":"2025-04-30T16:19:52","modified_gmt":"2025-04-30T19:19:52","slug":"en-aysen-ministerio-de-agricultura-entrega-100-derechos-de-aprovechamiento-de-aguas-a-representantes-de-pueblos-originarios","status":"publish","type":"post","link":"https:\/\/radiorevelacionfm.cl\/?p=53347","title":{"rendered":"En Ays\u00e9n: Ministerio de Agricultura entrega 100 derechos de aprovechamiento de aguas a representantes de pueblos originarios"},"content":{"rendered":"<div class=\"flex_column av_one_full  flex_column_div av-zero-column-padding first  avia-builder-el-0  el_before_av_one_full  avia-builder-el-first  \" style='border-radius:0px; '><div  class='avia-image-container  av-styling-    avia-builder-el-1  avia-builder-el-no-sibling  avia-align-center '  itemprop=\"image\" itemscope=\"itemscope\" itemtype=\"https:\/\/schema.org\/ImageObject\"  ><div class='avia-image-container-inner'><div class='avia-image-overlay-wrap'><img decoding=\"async\" class='wp-image-53348 avia-img-lazy-loading-not-53348 avia_image' src=\"https:\/\/radiorevelacionfm.cl\/wp-content\/uploads\/2025\/04\/Aysen_29-04_4-1-1.jpg\" alt='' title='Ays\u00e9n_29-04_4 (1) (1)' height=\"600\" width=\"901\"  itemprop=\"thumbnailUrl\" srcset=\"https:\/\/radiorevelacionfm.cl\/wp-content\/uploads\/2025\/04\/Aysen_29-04_4-1-1.jpg 901w, https:\/\/radiorevelacionfm.cl\/wp-content\/uploads\/2025\/04\/Aysen_29-04_4-1-1-300x200.jpg 300w, https:\/\/radiorevelacionfm.cl\/wp-content\/uploads\/2025\/04\/Aysen_29-04_4-1-1-768x511.jpg 768w, https:\/\/radiorevelacionfm.cl\/wp-content\/uploads\/2025\/04\/Aysen_29-04_4-1-1-705x469.jpg 705w, https:\/\/radiorevelacionfm.cl\/wp-content\/uploads\/2025\/04\/Aysen_29-04_4-1-1-450x300.jpg 450w, https:\/\/radiorevelacionfm.cl\/wp-content\/uploads\/2025\/04\/Aysen_29-04_4-1-1-600x400.jpg 600w\" sizes=\"(max-width: 901px) 100vw, 901px\" \/><\/div><\/div><\/div><\/div><div class=\"flex_column av_one_full  flex_column_div av-zero-column-padding first  avia-builder-el-2  el_after_av_one_full  el_before_av_one_full  column-top-margin\" style='border-radius:0px; '><section class=\"av_textblock_section \"  itemscope=\"itemscope\" itemtype=\"https:\/\/schema.org\/BlogPosting\" itemprop=\"blogPost\" ><div class='avia_textblock  '   itemprop=\"text\" ><p style=\"text-align: center;\"><strong><span style=\"font-size: 18pt;\">En Ays\u00e9n: Ministerio de Agricultura entrega 100 derechos de aprovechamiento de aguas a representantes de pueblos originarios<\/span><\/strong><\/p>\n<div id=\"gtx-trans\" style=\"position: absolute; left: -50px; top: 4.31534px;\">\n<div class=\"gtx-trans-icon\"><\/div>\n<\/div>\n<\/div><\/section><\/div><div class=\"flex_column av_one_full  flex_column_div av-zero-column-padding first  avia-builder-el-4  el_after_av_one_full  el_before_av_hr  column-top-margin\" style='border-radius:0px; '><section class=\"av_textblock_section \"  itemscope=\"itemscope\" itemtype=\"https:\/\/schema.org\/BlogPosting\" itemprop=\"blogPost\" ><div class='avia_textblock  '   itemprop=\"text\" ><ul>\n<li>\n<div class=\"v1elementToProof\" style=\"text-align: justify;\"><i>Autoridades nacionales y regionales se reunieron con representantes de comunidades ind\u00edgenas para la ceremonia de entrega de derechos de agua desarrollada el martes 29 de abril en el Centro Cultural de Coyhaique.\u00a0<\/i><\/div>\n<\/li>\n<\/ul>\n<div class=\"v1elementToProof\">\n<p style=\"text-align: justify;\">El ministro de Agricultura, Esteban Valenzuela, encabez\u00f3 en Coyhaique, en la regi\u00f3n de Ays\u00e9n, la ceremonia de entrega de 100 Derechos de Aprovechamiento de Aguas y certificados del Curso de Capacitaci\u00f3n en Gesti\u00f3n del Recurso H\u00eddrico para personas naturales con calidad ind\u00edgena.<\/p>\n<p style=\"text-align: justify;\">En la actividad participaron tambi\u00e9n el director ejecutivo de la Comisi\u00f3n Nacional de Riego (CNR), Wilson Ureta; el seremi de Agricultura de Ays\u00e9n, Eugenio Ruiz; sus pares de Obras P\u00fablicas, Desarrollo Social y Familia, y Vocer\u00eda, Paloma Jara, Karina Acevedo y \u00darsula Mix, respectivamente; directores regionales del Agro y parlamentarios, entre otras autoridades.<\/p>\n<p style=\"text-align: justify;\">La autoridad del agro destac\u00f3 el cumplimiento de un compromiso de Gobierno y afirm\u00f3 que \u00abaqu\u00ed hay un proceso simplemente extraordinario, encabezado por la Conadi y la Direcci\u00f3n General de Aguas (DGA), en el que han colaborado servicios del Ministerio de Agricultura, entre ellos la Comisi\u00f3n Nacional de Riego e Indap. Se trata de un proceso de devoluci\u00f3n de derechos de agua a las comunidades de nuestro pueblo mapuche, tan relevantes para el pa\u00eds. Recordemos que, despu\u00e9s de la Araucan\u00eda, la regi\u00f3n con mayor porcentaje de poblaci\u00f3n ind\u00edgena es Ays\u00e9n\u00bb, se\u00f1al\u00f3 el ministro.<\/p>\n<p style=\"text-align: justify;\">La ceremonia incluy\u00f3 la entrega de bonos generados mediante un convenio de transferencia entre la Secretar\u00eda Regional Ministerial de Agricultura y Conadi, que permite obtener derechos de agua para peque\u00f1os agricultores ind\u00edgenas, culminando con la entrega de sus t\u00edtulos. Asimismo, se otorgaron los certificados del curso de gesti\u00f3n de recursos h\u00eddricos, en el marco del mismo convenio.<\/p>\n<p style=\"text-align: justify;\">En este sentido, Ruiz destac\u00f3 el compromiso del Ministerio de Agricultura en beneficio de las familias de pueblos originarios en la regi\u00f3n de Ays\u00e9n y agreg\u00f3 que \u00abestamos muy contentos porque son 100 familias que adquieren derechos de agua en su primera etapa. Eso nos permitir\u00e1 seguir trabajando en conjunto para una segunda etapa, de acuerdo con el compromiso que adquirimos hoy de manera p\u00fablica, impulsando que m\u00e1s personas puedan acceder a este elemento vital que es el agua, permitiendo grandes mejoras su productividad\u00bb.<\/p>\n<p style=\"text-align: justify;\">Estos recursos buscan superar las brechas que enfrentan las zonas aisladas con poblaci\u00f3n ind\u00edgena y mujeres agricultoras vulnerables. Se trata de un hito que facilita el acceso a los beneficios de la Ley 18.450.<\/p>\n<p style=\"text-align: justify;\">El director de la CNR, Wilson Ureta, destac\u00f3 el trabajo realizado en la regi\u00f3n y explic\u00f3 que \u00abeste es un esfuerzo de varios ministerios \u2014Obras P\u00fablicas, Desarrollo Social y Agricultura\u2014 para desarrollar el riego frente a los efectos del cambio clim\u00e1tico. Esto se concreta en diversas l\u00edneas: la SEREMI de Agricultura ya tiene convenios para proyectos de inversi\u00f3n licitada, Indap ejecuta su programa de riego en la regi\u00f3n y, aunque la presencia de la CNR hab\u00eda sido menor, en el \u00faltimo a\u00f1o hemos avanzado, tanto en Chile Chico, con obras civiles, como con proyectos de riego tecnificado, en los cuales queremos seguir profundizando\u00bb.<\/p>\n<p style=\"text-align: justify;\">Por su parte, el director de la Direcci\u00f3n General de Aguas (DGA), Rodrigo Sanhueza, valor\u00f3 la articulaci\u00f3n de servicios. \u00abEsta coordinaci\u00f3n entre servicios, enfocada en nuestros pueblos ind\u00edgenas, es fundamental. La DGA est\u00e1 impulsando las Mesas Estrat\u00e9gicas de Recursos H\u00eddricos, donde participan los pueblos ind\u00edgenas y donde surge la necesidad de obtener t\u00edtulos de agua. Estos convenios articulados con Agricultura, la Comisi\u00f3n Nacional de Riego y el apoyo de Conadi permiten avanzar en esa l\u00ednea\u00bb.<\/p>\n<p style=\"text-align: justify;\">La representante de la direcci\u00f3n nacional de Conadi, Marcela Urbano, subray\u00f3 la importancia del trabajo conjunto y agreg\u00f3 que \u00abaqu\u00ed confluyen distintos servicios p\u00fablicos para poner en valor los derechos de los pueblos originarios, espec\u00edficamente del pueblo Mapuche-Huilliche en esta regi\u00f3n, otorg\u00e1ndoles derechos de agua. Como instituci\u00f3n, estamos muy agradecidos de esta coordinaci\u00f3n y esperamos seguir trabajando en beneficio de las comunidades ind\u00edgenas\u00bb.<\/p>\n<p style=\"text-align: justify;\">En palabras de una de las beneficiarias de esta iniciativa, la productora regional Sandra Vargas mencion\u00f3 que \u00abyo obtuve el t\u00edtulo de aguas y estoy muy agradecida porque sin el apoyo de la CNR y la seremi de Agricultura, uno no obtendr\u00eda esto. Yo en mi parcelita ya tengo el agua. Y ahora nos capacitamos, as\u00ed que cada d\u00eda vamos aprendiendo m\u00e1s de lo que es nuestra cultura del agua\u00bb.<\/p>\n<p style=\"text-align: justify;\">\n<\/div>\n<\/div><\/section><\/div><div  style='height:50px' class='hr hr-invisible   avia-builder-el-6  el_after_av_one_full  el_before_av_social_share '><span class='hr-inner ' ><span class='hr-inner-style'><\/span><\/span><\/div><\/p>\n<div  class='av-social-sharing-box  avia-builder-el-7  el_after_av_hr  el_before_av_hr  '><div class='av-share-box'><h5 class='av-share-link-description av-no-toc '>Compartir esta noticia<\/h5><ul class='av-share-box-list noLightbox'><li class='av-share-link av-social-link-facebook' ><a target=\"_blank\" aria-label=\"Compartir en Facebook\" href='https:\/\/www.facebook.com\/sharer.php?u=https:\/\/radiorevelacionfm.cl\/?p=53347&#038;t=En%20Ays%C3%A9n%3A%20Ministerio%20de%20Agricultura%20entrega%20100%20derechos%20de%20aprovechamiento%20de%20aguas%20a%20representantes%20de%20pueblos%20originarios' aria-hidden='false' data-av_icon='\ue8f3' data-av_iconfont='entypo-fontello' title='' data-avia-related-tooltip='Compartir en Facebook' rel=\"noopener\"><span class='avia_hidden_link_text'>Compartir en Facebook<\/span><\/a><\/li><li class='av-share-link av-social-link-twitter' ><a target=\"_blank\" aria-label=\"Compartir en Twitter\" href='https:\/\/twitter.com\/share?text=En%20Ays%C3%A9n%3A%20Ministerio%20de%20Agricultura%20entrega%20100%20derechos%20de%20aprovechamiento%20de%20aguas%20a%20representantes%20de%20pueblos%20originarios&#038;url=https:\/\/radiorevelacionfm.cl\/?p=53347' aria-hidden='false' data-av_icon='\ue8f1' data-av_iconfont='entypo-fontello' title='' data-avia-related-tooltip='Compartir en Twitter' rel=\"noopener\"><span class='avia_hidden_link_text'>Compartir en Twitter<\/span><\/a><\/li><li class='av-share-link av-social-link-whatsapp' ><a target=\"_blank\" aria-label=\"Compartir en Whatsapp\" href='https:\/\/api.whatsapp.com\/send?text=https:\/\/radiorevelacionfm.cl\/?p=53347' aria-hidden='false' data-av_icon='\uf232' data-av_iconfont='entypo-fontello' title='' data-avia-related-tooltip='Compartir en Whatsapp' rel=\"noopener\"><span class='avia_hidden_link_text'>Compartir en Whatsapp<\/span><\/a><\/li><li class='av-share-link av-social-link-linkedin' ><a target=\"_blank\" aria-label=\"Compartir en LinkedIn\" href='https:\/\/linkedin.com\/shareArticle?mini=true&#038;title=En%20Ays%C3%A9n%3A%20Ministerio%20de%20Agricultura%20entrega%20100%20derechos%20de%20aprovechamiento%20de%20aguas%20a%20representantes%20de%20pueblos%20originarios&#038;url=https:\/\/radiorevelacionfm.cl\/?p=53347' aria-hidden='false' data-av_icon='\ue8fc' data-av_iconfont='entypo-fontello' title='' data-avia-related-tooltip='Compartir en LinkedIn' rel=\"noopener\"><span class='avia_hidden_link_text'>Compartir en LinkedIn<\/span><\/a><\/li><li class='av-share-link av-social-link-mail' ><a  aria-label=\"Compartir por correo\" href='mailto:?subject=En%20Ays%C3%A9n%3A%20Ministerio%20de%20Agricultura%20entrega%20100%20derechos%20de%20aprovechamiento%20de%20aguas%20a%20representantes%20de%20pueblos%20originarios&#038;body=https:\/\/radiorevelacionfm.cl\/?p=53347' aria-hidden='false' data-av_icon='\ue805' data-av_iconfont='entypo-fontello' title='' data-avia-related-tooltip='Compartir por correo'><span class='avia_hidden_link_text'>Compartir por correo<\/span><\/a><\/li><\/ul><\/div><\/div>\n<div  style='height:50px' class='hr hr-invisible   avia-builder-el-8  el_after_av_social_share  el_before_av_comments_list '><span class='hr-inner ' ><span class='hr-inner-style'><\/span><\/span><\/div>\n<div  class='av-buildercomment  av-blog-meta-html-info-disabled av-blog-meta-tag-disabled  '><\/div>\n","protected":false},"excerpt":{"rendered":"","protected":false},"author":1,"featured_media":53348,"comment_status":"closed","ping_status":"closed","sticky":false,"template":"","format":"standard","meta":{"footnotes":""},"categories":[58],"tags":[],"class_list":["post-53347","post","type-post","status-publish","format-standard","has-post-thumbnail","hentry","category-agricultura"],"jetpack_featured_media_url":"https:\/\/radiorevelacionfm.cl\/wp-content\/uploads\/2025\/04\/Aysen_29-04_4-1-1.jpg","_links":{"self":[{"href":"https:\/\/radiorevelacionfm.cl\/index.php?rest_route=\/wp\/v2\/posts\/53347","targetHints":{"allow":["GET"]}}],"collection":[{"href":"https:\/\/radiorevelacionfm.cl\/index.php?rest_route=\/wp\/v2\/posts"}],"about":[{"href":"https:\/\/radiorevelacionfm.cl\/index.php?rest_route=\/wp\/v2\/types\/post"}],"author":[{"embeddable":true,"href":"https:\/\/radiorevelacionfm.cl\/index.php?rest_route=\/wp\/v2\/users\/1"}],"replies":[{"embeddable":true,"href":"https:\/\/radiorevelacionfm.cl\/index.php?rest_route=%2Fwp%2Fv2%2Fcomments&post=53347"}],"version-history":[{"count":2,"href":"https:\/\/radiorevelacionfm.cl\/index.php?rest_route=\/wp\/v2\/posts\/53347\/revisions"}],"predecessor-version":[{"id":53350,"href":"https:\/\/radiorevelacionfm.cl\/index.php?rest_route=\/wp\/v2\/posts\/53347\/revisions\/53350"}],"wp:featuredmedia":[{"embeddable":true,"href":"https:\/\/radiorevelacionfm.cl\/index.php?rest_route=\/wp\/v2\/media\/53348"}],"wp:attachment":[{"href":"https:\/\/radiorevelacionfm.cl\/index.php?rest_route=%2Fwp%2Fv2%2Fmedia&parent=53347"}],"wp:term":[{"taxonomy":"category","embeddable":true,"href":"https:\/\/radiorevelacionfm.cl\/index.php?rest_route=%2Fwp%2Fv2%2Fcategories&post=53347"},{"taxonomy":"post_tag","embeddable":true,"href":"https:\/\/radiorevelacionfm.cl\/index.php?rest_route=%2Fwp%2Fv2%2Ftags&post=53347"}],"curies":[{"name":"wp","href":"https:\/\/api.w.org\/{rel}","templated":true}]}}