{"id":53344,"date":"2025-04-30T20:31:22","date_gmt":"2025-04-30T23:31:22","guid":{"rendered":"https:\/\/radiorevelacionfm.cl\/?p=53344"},"modified":"2025-04-30T20:31:22","modified_gmt":"2025-04-30T23:31:22","slug":"uaysen-inaugura-ano-academico-2025-con-anuncios-de-nuevas-carreras-e-infraestructura","status":"publish","type":"post","link":"https:\/\/radiorevelacionfm.cl\/?p=53344","title":{"rendered":"UAys\u00e9n inaugura a\u00f1o acad\u00e9mico 2025 con anuncios de nuevas carreras e infraestructura"},"content":{"rendered":"<div class=\"flex_column av_one_full  flex_column_div av-zero-column-padding first  avia-builder-el-0  el_before_av_one_full  avia-builder-el-first  \" style='border-radius:0px; '><div  class='avia-image-container  av-styling-    avia-builder-el-1  avia-builder-el-no-sibling  avia-align-center '  itemprop=\"image\" itemscope=\"itemscope\" itemtype=\"https:\/\/schema.org\/ImageObject\"  ><div class='avia-image-container-inner'><div class='avia-image-overlay-wrap'><img decoding=\"async\" class='wp-image-53345 avia-img-lazy-loading-not-53345 avia_image' src=\"https:\/\/radiorevelacionfm.cl\/wp-content\/uploads\/2025\/04\/inauguracion-ano-2025-1_optimized-1.jpeg\" alt='' title='inauguracion-a\u00f1o-2025-(1)_optimized (1)' height=\"600\" width=\"1069\"  itemprop=\"thumbnailUrl\" srcset=\"https:\/\/radiorevelacionfm.cl\/wp-content\/uploads\/2025\/04\/inauguracion-ano-2025-1_optimized-1.jpeg 1069w, https:\/\/radiorevelacionfm.cl\/wp-content\/uploads\/2025\/04\/inauguracion-ano-2025-1_optimized-1-300x168.jpeg 300w, https:\/\/radiorevelacionfm.cl\/wp-content\/uploads\/2025\/04\/inauguracion-ano-2025-1_optimized-1-1030x578.jpeg 1030w, https:\/\/radiorevelacionfm.cl\/wp-content\/uploads\/2025\/04\/inauguracion-ano-2025-1_optimized-1-768x431.jpeg 768w, https:\/\/radiorevelacionfm.cl\/wp-content\/uploads\/2025\/04\/inauguracion-ano-2025-1_optimized-1-705x396.jpeg 705w, https:\/\/radiorevelacionfm.cl\/wp-content\/uploads\/2025\/04\/inauguracion-ano-2025-1_optimized-1-450x253.jpeg 450w, https:\/\/radiorevelacionfm.cl\/wp-content\/uploads\/2025\/04\/inauguracion-ano-2025-1_optimized-1-600x337.jpeg 600w\" sizes=\"(max-width: 1069px) 100vw, 1069px\" \/><\/div><\/div><\/div><\/div><div class=\"flex_column av_one_full  flex_column_div av-zero-column-padding first  avia-builder-el-2  el_after_av_one_full  el_before_av_one_full  column-top-margin\" style='border-radius:0px; '><section class=\"av_textblock_section \"  itemscope=\"itemscope\" itemtype=\"https:\/\/schema.org\/BlogPosting\" itemprop=\"blogPost\" ><div class='avia_textblock  '   itemprop=\"text\" ><p style=\"text-align: center;\"><strong><span style=\"font-size: 18pt;\">UAys\u00e9n inaugura a\u00f1o acad\u00e9mico 2025 con anuncios de nuevas carreras e infraestructura<\/span><\/strong><\/p>\n<div id=\"gtx-trans\" style=\"position: absolute; left: -50px; top: 4.31534px;\">\n<div class=\"gtx-trans-icon\"><\/div>\n<\/div>\n<\/div><\/section><\/div><div class=\"flex_column av_one_full  flex_column_div av-zero-column-padding first  avia-builder-el-4  el_after_av_one_full  el_before_av_hr  column-top-margin\" style='border-radius:0px; '><section class=\"av_textblock_section \"  itemscope=\"itemscope\" itemtype=\"https:\/\/schema.org\/BlogPosting\" itemprop=\"blogPost\" ><div class='avia_textblock  '   itemprop=\"text\" ><p dir=\"ltr\" style=\"text-align: justify;\"><em>La ceremonia reuni\u00f3 a autoridades, comunidad universitaria y representantes del sector educacional. En la oportunidad, el subsecretario de Educaci\u00f3n Superior, V\u00edctor Orellana, dict\u00f3 una charla magistral.<\/em><\/p>\n<p dir=\"ltr\" style=\"text-align: justify;\">La Universidad de Ays\u00e9n dio inicio a su a\u00f1o acad\u00e9mico 2025 realizando una ceremonia con importantes anuncios que reafirman su compromiso con el desarrollo de la regi\u00f3n. La actividad cont\u00f3 con una alta participaci\u00f3n de autoridades regionales, estudiantes, acad\u00e9micos y funcionarios, as\u00ed como con la presencia del\u00a0administrador provisional de la Universidad, Juan Pablo Prieto Cox; el\u00a0delegado presidencial regional, Jorge D\u00edaz Guzm\u00e1n; el\u00a0subsecretario de Educaci\u00f3n Superior, V\u00edctor Orellana Calder\u00f3n; y el\u00a0senador David Sandoval, entre otras autoridades regionales y locales.<\/p>\n<p dir=\"ltr\" style=\"text-align: justify;\">En su intervenci\u00f3n, el administrador provisional,\u00a0Juan Pablo Prieto Cox, anunci\u00f3 que el Consejo Superior de la casa de estudios aprob\u00f3 la apertura de dos nuevas carreras para el 2026, derecho y administraci\u00f3n p\u00fablica; y adem\u00e1s se\u00f1al\u00f3 que se pondr\u00e1 en marcha el nuevo Campus Err\u00e1zuriz ubicado en el centro de Coyhaique el segundo semestre de este a\u00f1o.<\/p>\n<p dir=\"ltr\" style=\"text-align: justify;\">A su vez, la m\u00e1xima autoridad universitaria, destac\u00f3 la importancia de la jornada como espacio de encuentro y proyecci\u00f3n institucional, asegurando que\u00a0\u00abhoy acogimos a nuevos estudiantes y profesores, compartimos una mirada com\u00fan de lo que queremos alcanzar y de lo que esta universidad puede lograr en el desarrollo de la regi\u00f3n y como oportunidad de educaci\u00f3n para los j\u00f3venes de Ays\u00e9n. Nos sentimos orgullosos de lo avanzado y agradecidos por el apoyo que recibimos de las autoridades, de la regi\u00f3n y del gobierno, que nos impulsa a seguir mejorando y comprometernos a\u00fan m\u00e1s con esta tierra\u00bb, expres\u00f3.<\/p>\n<p dir=\"ltr\" style=\"text-align: justify;\">Por su parte, el delegado\u00a0presidencial regional, Jorge D\u00edaz Guzm\u00e1n, valor\u00f3 la consolidaci\u00f3n de la educaci\u00f3n superior en el territorio e hizo un llamado a sumar nuevos apoyos:\u00a0\u00abEstamos muy contentos de participar en esta ceremonia y de ver c\u00f3mo la educaci\u00f3n superior universitaria en la regi\u00f3n de Ays\u00e9n se consolida. Este esfuerzo no solo debe ser del Estado o del poder legislativo; tambi\u00e9n es una oportunidad para que el sector privado se involucre en el desarrollo de nuestra universidad, como ocurre en otras partes del pa\u00eds y del mundo\u00bb, se\u00f1al\u00f3.<\/p>\n<p dir=\"ltr\" style=\"text-align: justify;\">Desde el Congreso, el\u00a0senador David Sandoval\u00a0relev\u00f3 el impacto de la consolidaci\u00f3n de la Universidad de Ays\u00e9n para las familias y j\u00f3venes de la regi\u00f3n.\u00a0\u00abSin duda este es un momento muy trascendente para los j\u00f3venes que inician sus ciclos formativos y para sus familias. Es el sue\u00f1o de toda una regi\u00f3n tener consolidado un proyecto de esta naturaleza. Valoro profundamente el trabajo realizado para reordenar y reconducir este proceso acad\u00e9mico que tanto necesitamos\u00bb, indic\u00f3.<\/p>\n<p dir=\"ltr\" style=\"text-align: justify;\">La ceremonia incluy\u00f3 adem\u00e1s una presentaci\u00f3n especial de la\u00a0Orquesta Profesional de C\u00e1mara de la Universidad de Ays\u00e9n, dirigida por\u00a0H\u00e9ctor M\u00e9ndez Alvarado, interpretando \u00abRin del Angelito\u00bb de Violeta Parra. Esta fue su primera actuaci\u00f3n oficial en una ceremonia universitaria, tras su exitoso debut el d\u00eda anterior en la escuela Pedro Quintana Mansilla de Coyhaique.<\/p>\n<p dir=\"ltr\" style=\"text-align: justify;\">El acto continu\u00f3 con la charla magistral \u00abEducaci\u00f3n Superior P\u00fablica, el rol de la universidades regionales para abordar los desaf\u00edos de la sociedad actual\u00bb del\u00a0subsecretario de Educaci\u00f3n Superior, V\u00edctor Orellana Calder\u00f3n, quien destac\u00f3 la importancia de consolidar la educaci\u00f3n p\u00fablica en los territorios.\u00a0\u00abDesde el gobierno del Presidente Boric tenemos el compromiso de construir educaci\u00f3n superior a lo largo y ancho del pa\u00eds. La Universidad de Ays\u00e9n es muy importante, resultado de un largo movimiento social y ciudadano. Hoy podemos decir que se ha consolidado: es la universidad que m\u00e1s aument\u00f3 su matr\u00edcula en 2025 y est\u00e1 en condiciones de responder a las altas expectativas de la regi\u00f3n\u00bb, afirm\u00f3.<\/p>\n<p dir=\"ltr\" style=\"text-align: justify;\">La jornada culmin\u00f3 con la interpretaci\u00f3n del\u00a0Himno de la Universidad de Ays\u00e9n\u00a0y un espacio de encuentro para los asistentes, dando inicio a un nuevo ciclo acad\u00e9mico cargado de desaf\u00edos y oportunidades para la educaci\u00f3n p\u00fablica en la Patagonia.<\/p>\n<\/div><\/section><\/div><div  style='height:50px' class='hr hr-invisible   avia-builder-el-6  el_after_av_one_full  el_before_av_social_share '><span class='hr-inner ' ><span class='hr-inner-style'><\/span><\/span><\/div><\/p>\n<div  class='av-social-sharing-box  avia-builder-el-7  el_after_av_hr  el_before_av_hr  '><div class='av-share-box'><h5 class='av-share-link-description av-no-toc '>Compartir esta noticia<\/h5><ul class='av-share-box-list noLightbox'><li class='av-share-link av-social-link-facebook' ><a target=\"_blank\" aria-label=\"Compartir en Facebook\" href='https:\/\/www.facebook.com\/sharer.php?u=https:\/\/radiorevelacionfm.cl\/?p=53344&#038;t=UAys%C3%A9n%20inaugura%20a%C3%B1o%20acad%C3%A9mico%202025%20con%20anuncios%20de%20nuevas%20carreras%20e%20infraestructura' aria-hidden='false' data-av_icon='\ue8f3' data-av_iconfont='entypo-fontello' title='' data-avia-related-tooltip='Compartir en Facebook' rel=\"noopener\"><span class='avia_hidden_link_text'>Compartir en Facebook<\/span><\/a><\/li><li class='av-share-link av-social-link-twitter' ><a target=\"_blank\" aria-label=\"Compartir en Twitter\" href='https:\/\/twitter.com\/share?text=UAys%C3%A9n%20inaugura%20a%C3%B1o%20acad%C3%A9mico%202025%20con%20anuncios%20de%20nuevas%20carreras%20e%20infraestructura&#038;url=https:\/\/radiorevelacionfm.cl\/?p=53344' aria-hidden='false' data-av_icon='\ue8f1' data-av_iconfont='entypo-fontello' title='' data-avia-related-tooltip='Compartir en Twitter' rel=\"noopener\"><span class='avia_hidden_link_text'>Compartir en Twitter<\/span><\/a><\/li><li class='av-share-link av-social-link-whatsapp' ><a target=\"_blank\" aria-label=\"Compartir en Whatsapp\" href='https:\/\/api.whatsapp.com\/send?text=https:\/\/radiorevelacionfm.cl\/?p=53344' aria-hidden='false' data-av_icon='\uf232' data-av_iconfont='entypo-fontello' title='' data-avia-related-tooltip='Compartir en Whatsapp' rel=\"noopener\"><span class='avia_hidden_link_text'>Compartir en Whatsapp<\/span><\/a><\/li><li class='av-share-link av-social-link-linkedin' ><a target=\"_blank\" aria-label=\"Compartir en LinkedIn\" href='https:\/\/linkedin.com\/shareArticle?mini=true&#038;title=UAys%C3%A9n%20inaugura%20a%C3%B1o%20acad%C3%A9mico%202025%20con%20anuncios%20de%20nuevas%20carreras%20e%20infraestructura&#038;url=https:\/\/radiorevelacionfm.cl\/?p=53344' aria-hidden='false' data-av_icon='\ue8fc' data-av_iconfont='entypo-fontello' title='' data-avia-related-tooltip='Compartir en LinkedIn' rel=\"noopener\"><span class='avia_hidden_link_text'>Compartir en LinkedIn<\/span><\/a><\/li><li class='av-share-link av-social-link-mail' ><a  aria-label=\"Compartir por correo\" href='mailto:?subject=UAys%C3%A9n%20inaugura%20a%C3%B1o%20acad%C3%A9mico%202025%20con%20anuncios%20de%20nuevas%20carreras%20e%20infraestructura&#038;body=https:\/\/radiorevelacionfm.cl\/?p=53344' aria-hidden='false' data-av_icon='\ue805' data-av_iconfont='entypo-fontello' title='' data-avia-related-tooltip='Compartir por correo'><span class='avia_hidden_link_text'>Compartir por correo<\/span><\/a><\/li><\/ul><\/div><\/div>\n<div  style='height:50px' class='hr hr-invisible   avia-builder-el-8  el_after_av_social_share  el_before_av_comments_list '><span class='hr-inner ' ><span class='hr-inner-style'><\/span><\/span><\/div>\n<div  class='av-buildercomment  av-blog-meta-html-info-disabled av-blog-meta-tag-disabled  '><\/div>\n","protected":false},"excerpt":{"rendered":"","protected":false},"author":1,"featured_media":53345,"comment_status":"closed","ping_status":"closed","sticky":false,"template":"","format":"standard","meta":{"footnotes":""},"categories":[49],"tags":[],"class_list":["post-53344","post","type-post","status-publish","format-standard","has-post-thumbnail","hentry","category-educacion"],"jetpack_featured_media_url":"https:\/\/radiorevelacionfm.cl\/wp-content\/uploads\/2025\/04\/inauguracion-ano-2025-1_optimized-1.jpeg","_links":{"self":[{"href":"https:\/\/radiorevelacionfm.cl\/index.php?rest_route=\/wp\/v2\/posts\/53344","targetHints":{"allow":["GET"]}}],"collection":[{"href":"https:\/\/radiorevelacionfm.cl\/index.php?rest_route=\/wp\/v2\/posts"}],"about":[{"href":"https:\/\/radiorevelacionfm.cl\/index.php?rest_route=\/wp\/v2\/types\/post"}],"author":[{"embeddable":true,"href":"https:\/\/radiorevelacionfm.cl\/index.php?rest_route=\/wp\/v2\/users\/1"}],"replies":[{"embeddable":true,"href":"https:\/\/radiorevelacionfm.cl\/index.php?rest_route=%2Fwp%2Fv2%2Fcomments&post=53344"}],"version-history":[{"count":2,"href":"https:\/\/radiorevelacionfm.cl\/index.php?rest_route=\/wp\/v2\/posts\/53344\/revisions"}],"predecessor-version":[{"id":53380,"href":"https:\/\/radiorevelacionfm.cl\/index.php?rest_route=\/wp\/v2\/posts\/53344\/revisions\/53380"}],"wp:featuredmedia":[{"embeddable":true,"href":"https:\/\/radiorevelacionfm.cl\/index.php?rest_route=\/wp\/v2\/media\/53345"}],"wp:attachment":[{"href":"https:\/\/radiorevelacionfm.cl\/index.php?rest_route=%2Fwp%2Fv2%2Fmedia&parent=53344"}],"wp:term":[{"taxonomy":"category","embeddable":true,"href":"https:\/\/radiorevelacionfm.cl\/index.php?rest_route=%2Fwp%2Fv2%2Fcategories&post=53344"},{"taxonomy":"post_tag","embeddable":true,"href":"https:\/\/radiorevelacionfm.cl\/index.php?rest_route=%2Fwp%2Fv2%2Ftags&post=53344"}],"curies":[{"name":"wp","href":"https:\/\/api.w.org\/{rel}","templated":true}]}}