{"id":53341,"date":"2025-04-30T20:20:21","date_gmt":"2025-04-30T23:20:21","guid":{"rendered":"https:\/\/radiorevelacionfm.cl\/?p=53341"},"modified":"2025-04-30T20:20:21","modified_gmt":"2025-04-30T23:20:21","slug":"alcalde-keim-busca-concretar-pavimentacion-entre-guadal-y-mallin-grande-para-transformar-la-conectividad-del-interior-de-la-comuna","status":"publish","type":"post","link":"https:\/\/radiorevelacionfm.cl\/?p=53341","title":{"rendered":"Alcalde Keim busca concretar pavimentaci\u00f3n entre Guadal y Mall\u00edn Grande para transformar la conectividad del interior de la comuna"},"content":{"rendered":"<div class=\"flex_column av_one_full  flex_column_div av-zero-column-padding first  avia-builder-el-0  el_before_av_one_full  avia-builder-el-first  \" style='border-radius:0px; '><div  class='avia-image-container  av-styling-    avia-builder-el-1  avia-builder-el-no-sibling  avia-align-center '  itemprop=\"image\" itemscope=\"itemscope\" itemtype=\"https:\/\/schema.org\/ImageObject\"  ><div class='avia-image-container-inner'><div class='avia-image-overlay-wrap'><img decoding=\"async\" class='wp-image-53342 avia-img-lazy-loading-not-53342 avia_image' src=\"https:\/\/radiorevelacionfm.cl\/wp-content\/uploads\/2025\/04\/Alcalde-Keim-1-1.jpg\" alt='' title='Alcalde Keim (1) (1)' height=\"600\" width=\"800\"  itemprop=\"thumbnailUrl\" srcset=\"https:\/\/radiorevelacionfm.cl\/wp-content\/uploads\/2025\/04\/Alcalde-Keim-1-1.jpg 800w, https:\/\/radiorevelacionfm.cl\/wp-content\/uploads\/2025\/04\/Alcalde-Keim-1-1-300x225.jpg 300w, https:\/\/radiorevelacionfm.cl\/wp-content\/uploads\/2025\/04\/Alcalde-Keim-1-1-768x576.jpg 768w, https:\/\/radiorevelacionfm.cl\/wp-content\/uploads\/2025\/04\/Alcalde-Keim-1-1-705x529.jpg 705w, https:\/\/radiorevelacionfm.cl\/wp-content\/uploads\/2025\/04\/Alcalde-Keim-1-1-450x338.jpg 450w, https:\/\/radiorevelacionfm.cl\/wp-content\/uploads\/2025\/04\/Alcalde-Keim-1-1-600x450.jpg 600w\" sizes=\"(max-width: 800px) 100vw, 800px\" \/><\/div><\/div><\/div><\/div><div class=\"flex_column av_one_full  flex_column_div av-zero-column-padding first  avia-builder-el-2  el_after_av_one_full  el_before_av_one_full  column-top-margin\" style='border-radius:0px; '><section class=\"av_textblock_section \"  itemscope=\"itemscope\" itemtype=\"https:\/\/schema.org\/BlogPosting\" itemprop=\"blogPost\" ><div class='avia_textblock  '   itemprop=\"text\" ><p style=\"text-align: center;\"><strong><span style=\"font-size: 18pt;\">Alcalde Keim busca concretar pavimentaci\u00f3n entre Guadal y Mall\u00edn Grande para transformar la conectividad del interior de la comuna<\/span><\/strong><\/p>\n<div id=\"gtx-trans\" style=\"position: absolute; left: -50px; top: 4.31534px;\">\n<div class=\"gtx-trans-icon\"><\/div>\n<\/div>\n<\/div><\/section><\/div><div class=\"flex_column av_one_full  flex_column_div av-zero-column-padding first  avia-builder-el-4  el_after_av_one_full  el_before_av_hr  column-top-margin\" style='border-radius:0px; '><section class=\"av_textblock_section \"  itemscope=\"itemscope\" itemtype=\"https:\/\/schema.org\/BlogPosting\" itemprop=\"blogPost\" ><div class='avia_textblock  '   itemprop=\"text\" ><p style=\"text-align: justify;\">\u00abMunicipalidad junto a la comunidad impulsan iniciativa ante el Ministerio de Obras P\u00fablicas y aspiran a conseguir recursos del Plan de Zona Extrema para este anhelado proyecto\u00bb.<\/p>\n<p style=\"text-align: justify;\">En un decidido esfuerzo por mejorar significativamente la conectividad interior del lago, el alcalde Ariel Keim est\u00e1 impulsando, junto con la comunidad de Mall\u00edn Grande, la pavimentaci\u00f3n del tramo que une Puerto Guadal con Mall\u00edn Grande, requerimiento que ya ha sido planteado al Ministerio de Obras P\u00fablicas y por el cual continuar\u00e1n insistiendo.<\/p>\n<p style=\"text-align: justify;\">\u00abNecesitamos que se contin\u00fae pavimentando, que se contin\u00fae mejorando la conexi\u00f3n interior del lago\u00bb, se\u00f1al\u00f3 el alcalde Keim, quien destac\u00f3 la importancia de este proyecto que busca transformar las condiciones de acceso a las localidades m\u00e1s apartadas de la comuna.<\/p>\n<p style=\"text-align: justify;\">La propuesta contempla una innovadora estrategia de trabajo en dos frentes paralelos: avanzar desde Puerto Guadal hacia Mall\u00edn Grande y simult\u00e1neamente desde Chile Chico hacia las localidades del interior. \u00abCon esta forma vamos a poder abordar en dos focos y va a permitir que avancemos de mejor manera, de una manera m\u00e1s r\u00e1pida\u00bb, explic\u00f3 el edil.<\/p>\n<p style=\"text-align: justify;\">Esta iniciativa de infraestructura vial coincide estrat\u00e9gicamente con las conversaciones sobre el pr\u00f3ximo Plan de Desarrollo de Zona Extrema, instancia que destinar\u00e1 importantes recursos a la regi\u00f3n. \u00abEstos recursos hay que empezar a colocarlos donde hoy d\u00eda la comunidad necesita, y una de esas necesidades es justamente la que estamos impulsando\u00bb, afirm\u00f3 Keim.<\/p>\n<p style=\"text-align: justify;\"><strong>Apoyo regional y local<\/strong><\/p>\n<p style=\"text-align: justify;\">El alcalde revel\u00f3 que ya existe un compromiso del gobernador regional para apoyar esta iniciativa con recursos adicionales del Plan de Desarrollo, lo que fortalece significativamente las posibilidades de materializar este proyecto vial que beneficiar\u00e1 directamente a los habitantes de estas localidades.<\/p>\n<p style=\"text-align: justify;\">\u00abEs un compromiso que tengo como alcalde y que estamos trabajando tambi\u00e9n desde la municipalidad junto con la comunidad de Mall\u00edn Grande\u00bb, enfatiz\u00f3 Keim, destacando el trabajo coordinado entre el municipio y los vecinos de la localidad.<\/p>\n<p style=\"text-align: justify;\">La pavimentaci\u00f3n de esta ruta no solo mejorar\u00eda la conectividad f\u00edsica entre las localidades, sino que tendr\u00eda un impacto directo en la calidad de vida de los habitantes, facilitando el acceso a servicios b\u00e1sicos, potenciando el desarrollo econ\u00f3mico local y reduciendo los tiempos de traslado.<\/p>\n<p style=\"text-align: justify;\"><strong>Trabajo en dos frentes<\/strong><\/p>\n<p style=\"text-align: justify;\">La estrategia propuesta por el alcalde Keim de trabajar simult\u00e1neamente desde Puerto Guadal hacia Mall\u00edn Grande y desde Chile Chico hacia el interior, representa una alternativa eficiente para acelerar la conclusi\u00f3n del proyecto, permitiendo que los beneficios lleguen m\u00e1s r\u00e1pidamente a las comunidades.<\/p>\n<p style=\"text-align: justify;\">\u00abEstamos impulsando que se contin\u00fae la pavimentaci\u00f3n, que se contin\u00fae trabajando en mejorar los caminos desde Chile Chico hasta Mall\u00edn Grande, de manera tal de que podamos avanzar en dos focos\u00bb, precis\u00f3 el alcalde.<\/p>\n<p style=\"text-align: justify;\">El edil concluy\u00f3 su intervenci\u00f3n destacando la importancia de este proyecto para el desarrollo integral de la comuna: \u00abSer\u00eda un tremendo avance, acercar a las localidades del interior y mejorar la condici\u00f3n y calidad de vida de cada uno de nuestros vecinos del interior de la comuna, porque nuestros vecinos del interior se lo merecen\u00bb.<\/p>\n<p style=\"text-align: justify;\">Esta iniciativa se enmarca en los esfuerzos continuos de la actual administraci\u00f3n municipal por mejorar la infraestructura vial de la comuna, especialmente en aquellas zonas que hist\u00f3ricamente han enfrentado mayores desaf\u00edos de conectividad.<\/p>\n<\/div><\/section><\/div><div  style='height:50px' class='hr hr-invisible   avia-builder-el-6  el_after_av_one_full  el_before_av_social_share '><span class='hr-inner ' ><span class='hr-inner-style'><\/span><\/span><\/div><\/p>\n<div  class='av-social-sharing-box  avia-builder-el-7  el_after_av_hr  el_before_av_hr  '><div class='av-share-box'><h5 class='av-share-link-description av-no-toc '>Compartir esta noticia<\/h5><ul class='av-share-box-list noLightbox'><li class='av-share-link av-social-link-facebook' ><a target=\"_blank\" aria-label=\"Compartir en Facebook\" href='https:\/\/www.facebook.com\/sharer.php?u=https:\/\/radiorevelacionfm.cl\/?p=53341&#038;t=Alcalde%20Keim%20busca%20concretar%20pavimentaci%C3%B3n%20entre%20Guadal%20y%20Mall%C3%ADn%20Grande%20para%20transformar%20la%20conectividad%20del%20interior%20de%20la%20comuna' aria-hidden='false' data-av_icon='\ue8f3' data-av_iconfont='entypo-fontello' title='' data-avia-related-tooltip='Compartir en Facebook' rel=\"noopener\"><span class='avia_hidden_link_text'>Compartir en Facebook<\/span><\/a><\/li><li class='av-share-link av-social-link-twitter' ><a target=\"_blank\" aria-label=\"Compartir en Twitter\" href='https:\/\/twitter.com\/share?text=Alcalde%20Keim%20busca%20concretar%20pavimentaci%C3%B3n%20entre%20Guadal%20y%20Mall%C3%ADn%20Grande%20para%20transformar%20la%20conectividad%20del%20interior%20de%20la%20comuna&#038;url=https:\/\/radiorevelacionfm.cl\/?p=53341' aria-hidden='false' data-av_icon='\ue8f1' data-av_iconfont='entypo-fontello' title='' data-avia-related-tooltip='Compartir en Twitter' rel=\"noopener\"><span class='avia_hidden_link_text'>Compartir en Twitter<\/span><\/a><\/li><li class='av-share-link av-social-link-whatsapp' ><a target=\"_blank\" aria-label=\"Compartir en Whatsapp\" href='https:\/\/api.whatsapp.com\/send?text=https:\/\/radiorevelacionfm.cl\/?p=53341' aria-hidden='false' data-av_icon='\uf232' data-av_iconfont='entypo-fontello' title='' data-avia-related-tooltip='Compartir en Whatsapp' rel=\"noopener\"><span class='avia_hidden_link_text'>Compartir en Whatsapp<\/span><\/a><\/li><li class='av-share-link av-social-link-linkedin' ><a target=\"_blank\" aria-label=\"Compartir en LinkedIn\" href='https:\/\/linkedin.com\/shareArticle?mini=true&#038;title=Alcalde%20Keim%20busca%20concretar%20pavimentaci%C3%B3n%20entre%20Guadal%20y%20Mall%C3%ADn%20Grande%20para%20transformar%20la%20conectividad%20del%20interior%20de%20la%20comuna&#038;url=https:\/\/radiorevelacionfm.cl\/?p=53341' aria-hidden='false' data-av_icon='\ue8fc' data-av_iconfont='entypo-fontello' title='' data-avia-related-tooltip='Compartir en LinkedIn' rel=\"noopener\"><span class='avia_hidden_link_text'>Compartir en LinkedIn<\/span><\/a><\/li><li class='av-share-link av-social-link-mail' ><a  aria-label=\"Compartir por correo\" href='mailto:?subject=Alcalde%20Keim%20busca%20concretar%20pavimentaci%C3%B3n%20entre%20Guadal%20y%20Mall%C3%ADn%20Grande%20para%20transformar%20la%20conectividad%20del%20interior%20de%20la%20comuna&#038;body=https:\/\/radiorevelacionfm.cl\/?p=53341' aria-hidden='false' data-av_icon='\ue805' data-av_iconfont='entypo-fontello' title='' data-avia-related-tooltip='Compartir por correo'><span class='avia_hidden_link_text'>Compartir por correo<\/span><\/a><\/li><\/ul><\/div><\/div>\n<div  style='height:50px' class='hr hr-invisible   avia-builder-el-8  el_after_av_social_share  el_before_av_comments_list '><span class='hr-inner ' ><span class='hr-inner-style'><\/span><\/span><\/div>\n<div  class='av-buildercomment  av-blog-meta-html-info-disabled av-blog-meta-tag-disabled  '><\/div>\n","protected":false},"excerpt":{"rendered":"","protected":false},"author":1,"featured_media":53342,"comment_status":"closed","ping_status":"closed","sticky":false,"template":"","format":"standard","meta":{"footnotes":""},"categories":[38],"tags":[],"class_list":["post-53341","post","type-post","status-publish","format-standard","has-post-thumbnail","hentry","category-regional"],"jetpack_featured_media_url":"https:\/\/radiorevelacionfm.cl\/wp-content\/uploads\/2025\/04\/Alcalde-Keim-1-1.jpg","_links":{"self":[{"href":"https:\/\/radiorevelacionfm.cl\/index.php?rest_route=\/wp\/v2\/posts\/53341","targetHints":{"allow":["GET"]}}],"collection":[{"href":"https:\/\/radiorevelacionfm.cl\/index.php?rest_route=\/wp\/v2\/posts"}],"about":[{"href":"https:\/\/radiorevelacionfm.cl\/index.php?rest_route=\/wp\/v2\/types\/post"}],"author":[{"embeddable":true,"href":"https:\/\/radiorevelacionfm.cl\/index.php?rest_route=\/wp\/v2\/users\/1"}],"replies":[{"embeddable":true,"href":"https:\/\/radiorevelacionfm.cl\/index.php?rest_route=%2Fwp%2Fv2%2Fcomments&post=53341"}],"version-history":[{"count":2,"href":"https:\/\/radiorevelacionfm.cl\/index.php?rest_route=\/wp\/v2\/posts\/53341\/revisions"}],"predecessor-version":[{"id":53379,"href":"https:\/\/radiorevelacionfm.cl\/index.php?rest_route=\/wp\/v2\/posts\/53341\/revisions\/53379"}],"wp:featuredmedia":[{"embeddable":true,"href":"https:\/\/radiorevelacionfm.cl\/index.php?rest_route=\/wp\/v2\/media\/53342"}],"wp:attachment":[{"href":"https:\/\/radiorevelacionfm.cl\/index.php?rest_route=%2Fwp%2Fv2%2Fmedia&parent=53341"}],"wp:term":[{"taxonomy":"category","embeddable":true,"href":"https:\/\/radiorevelacionfm.cl\/index.php?rest_route=%2Fwp%2Fv2%2Fcategories&post=53341"},{"taxonomy":"post_tag","embeddable":true,"href":"https:\/\/radiorevelacionfm.cl\/index.php?rest_route=%2Fwp%2Fv2%2Ftags&post=53341"}],"curies":[{"name":"wp","href":"https:\/\/api.w.org\/{rel}","templated":true}]}}