{"id":53331,"date":"2025-05-03T12:45:18","date_gmt":"2025-05-03T15:45:18","guid":{"rendered":"https:\/\/radiorevelacionfm.cl\/?p=53331"},"modified":"2025-05-03T12:45:18","modified_gmt":"2025-05-03T15:45:18","slug":"con-foco-en-areas-protegidas-y-gobernanza-se-desarrollara-en-coyhaique-seminario-sobre-turismo-regional","status":"publish","type":"post","link":"https:\/\/radiorevelacionfm.cl\/?p=53331","title":{"rendered":"Con foco en \u00e1reas protegidas y gobernanza se desarrollar\u00e1 en Coyhaique seminario sobre turismo regional"},"content":{"rendered":"<div class=\"flex_column av_one_full  flex_column_div av-zero-column-padding first  avia-builder-el-0  el_before_av_one_full  avia-builder-el-first  \" style='border-radius:0px; '><div  class='avia-image-container  av-styling-    avia-builder-el-1  avia-builder-el-no-sibling  avia-align-center '  itemprop=\"image\" itemscope=\"itemscope\" itemtype=\"https:\/\/schema.org\/ImageObject\"  ><div class='avia-image-container-inner'><div class='avia-image-overlay-wrap'><img decoding=\"async\" class='wp-image-53332 avia-img-lazy-loading-not-53332 avia_image' src=\"https:\/\/radiorevelacionfm.cl\/wp-content\/uploads\/2025\/04\/afiche-seminario-regional-innovacion-gobernanza-e-inteligencia-turistic-en-destinos-con-Areas-protegidas-de-patagonia-1_optimized-1_optimized.jpg\" alt='' title='afiche-seminario-regional-innovaci\u00f3n,-gobernanza-e-inteligencia-tur\u00edstic-en-destinos-con-\u00c1reas-protegidas-de-patagonia-(1)_optimized-(1)_optimized' height=\"800\" width=\"800\"  itemprop=\"thumbnailUrl\" srcset=\"https:\/\/radiorevelacionfm.cl\/wp-content\/uploads\/2025\/04\/afiche-seminario-regional-innovacion-gobernanza-e-inteligencia-turistic-en-destinos-con-Areas-protegidas-de-patagonia-1_optimized-1_optimized.jpg 800w, https:\/\/radiorevelacionfm.cl\/wp-content\/uploads\/2025\/04\/afiche-seminario-regional-innovacion-gobernanza-e-inteligencia-turistic-en-destinos-con-Areas-protegidas-de-patagonia-1_optimized-1_optimized-300x300.jpg 300w, https:\/\/radiorevelacionfm.cl\/wp-content\/uploads\/2025\/04\/afiche-seminario-regional-innovacion-gobernanza-e-inteligencia-turistic-en-destinos-con-Areas-protegidas-de-patagonia-1_optimized-1_optimized-80x80.jpg 80w, https:\/\/radiorevelacionfm.cl\/wp-content\/uploads\/2025\/04\/afiche-seminario-regional-innovacion-gobernanza-e-inteligencia-turistic-en-destinos-con-Areas-protegidas-de-patagonia-1_optimized-1_optimized-768x768.jpg 768w, https:\/\/radiorevelacionfm.cl\/wp-content\/uploads\/2025\/04\/afiche-seminario-regional-innovacion-gobernanza-e-inteligencia-turistic-en-destinos-con-Areas-protegidas-de-patagonia-1_optimized-1_optimized-36x36.jpg 36w, https:\/\/radiorevelacionfm.cl\/wp-content\/uploads\/2025\/04\/afiche-seminario-regional-innovacion-gobernanza-e-inteligencia-turistic-en-destinos-con-Areas-protegidas-de-patagonia-1_optimized-1_optimized-180x180.jpg 180w, https:\/\/radiorevelacionfm.cl\/wp-content\/uploads\/2025\/04\/afiche-seminario-regional-innovacion-gobernanza-e-inteligencia-turistic-en-destinos-con-Areas-protegidas-de-patagonia-1_optimized-1_optimized-705x705.jpg 705w, https:\/\/radiorevelacionfm.cl\/wp-content\/uploads\/2025\/04\/afiche-seminario-regional-innovacion-gobernanza-e-inteligencia-turistic-en-destinos-con-Areas-protegidas-de-patagonia-1_optimized-1_optimized-120x120.jpg 120w, https:\/\/radiorevelacionfm.cl\/wp-content\/uploads\/2025\/04\/afiche-seminario-regional-innovacion-gobernanza-e-inteligencia-turistic-en-destinos-con-Areas-protegidas-de-patagonia-1_optimized-1_optimized-450x450.jpg 450w, https:\/\/radiorevelacionfm.cl\/wp-content\/uploads\/2025\/04\/afiche-seminario-regional-innovacion-gobernanza-e-inteligencia-turistic-en-destinos-con-Areas-protegidas-de-patagonia-1_optimized-1_optimized-600x600.jpg 600w, https:\/\/radiorevelacionfm.cl\/wp-content\/uploads\/2025\/04\/afiche-seminario-regional-innovacion-gobernanza-e-inteligencia-turistic-en-destinos-con-Areas-protegidas-de-patagonia-1_optimized-1_optimized-100x100.jpg 100w\" sizes=\"(max-width: 800px) 100vw, 800px\" \/><\/div><\/div><\/div><\/div><div class=\"flex_column av_one_full  flex_column_div av-zero-column-padding first  avia-builder-el-2  el_after_av_one_full  el_before_av_one_full  column-top-margin\" style='border-radius:0px; '><section class=\"av_textblock_section \"  itemscope=\"itemscope\" itemtype=\"https:\/\/schema.org\/BlogPosting\" itemprop=\"blogPost\" ><div class='avia_textblock  '   itemprop=\"text\" ><p style=\"text-align: center;\"><span style=\"font-size: 18pt;\"><b><span lang=\"ES-TRAD\">Con foco en \u00e1reas protegidas y gobernanza se desarrollar\u00e1 en Coyhaique seminario sobre turismo regional<\/span><\/b><\/span><\/p>\n<div id=\"gtx-trans\" style=\"position: absolute; left: -50px; top: 4.31534px;\">\n<div class=\"gtx-trans-icon\"><\/div>\n<\/div>\n<\/div><\/section><\/div><div class=\"flex_column av_one_full  flex_column_div av-zero-column-padding first  avia-builder-el-4  el_after_av_one_full  el_before_av_hr  column-top-margin\" style='border-radius:0px; '><section class=\"av_textblock_section \"  itemscope=\"itemscope\" itemtype=\"https:\/\/schema.org\/BlogPosting\" itemprop=\"blogPost\" ><div class='avia_textblock  '   itemprop=\"text\" ><p class=\"v1MsoNormal\" style=\"text-align: justify;\"><i><span lang=\"ES-TRAD\">Actividad es organizada por el Laboratorio de Innovaci\u00f3n Tur\u00edstica de la Patagonia de la Universidad Austral de Chile en conjunto con el Gobierno Regional de Ays\u00e9n y otras instituciones.<\/span><\/i><\/p>\n<p class=\"v1MsoNormal\" style=\"text-align: justify;\"><span lang=\"ES-TRAD\">M\u00e1s del 50% del territorio de Ays\u00e9n se encuentra bajo alguna categor\u00eda de protecci\u00f3n ambiental. Y el turismo, priorizado por la Estrategia de Desarrollo Regional, es uno de los sectores productivos que mayor relaci\u00f3n tiene con esta realidad. Ejemplo son iniciativas como la\u00a0Ruta de los Parques,\u00a0Comunidades Portal, las\u00a0Zonas de Inter\u00e9s Tur\u00edstico Ays\u00e9n Patagonia Queulat,\u00a0Chelenko\u00a0y\u00a0Provincia de los Glaciares, que tienen como uno de sus focos la salvaguarda de la naturaleza.\u00a0\u00a0\u00c9stas, junto a varias otras instancias, vinculan directamente la gesti\u00f3n de las y los visitantes con la conservaci\u00f3n de las \u00e1reas protegidas.<\/span><\/p>\n<p class=\"v1MsoNormal\" style=\"text-align: justify;\"><span lang=\"ES-TRAD\">Con el objetivo de colaborar con este objetivo, la\u00a0Universidad Austral de Chile\u00a0en conjunto con el\u00a0Gobierno Regional de Ays\u00e9n\u00a0y otras instituciones, realizar\u00e1 el\u00a0jueves 8 de mayo\u00a0el seminario regional \u00ab<a href=\"https:\/\/www.instagram.com\/p\/DIzCPw4OX09\/?igsh=MTEydms2YnRicXhwZw%3D%3D\" target=\"_blank\" rel=\"noopener noreferrer\">Innovaci\u00f3n, Gobernanza e Inteligencia Tur\u00edstica en Destinos con \u00c1reas Protegidas de la Patagonia<\/a>\u00ab.<\/span><\/p>\n<p class=\"v1MsoNormal\" style=\"text-align: justify;\"><span lang=\"ES-TRAD\">La jornada busca \u00ab<i>dar a conocer las oportunidades y desaf\u00edos en torno a la conservaci\u00f3n y el turismo en \u00e1reas protegidas, as\u00ed como las estrategias para fortalecer el desarrollo pertinente del turismo en la regi\u00f3n<\/i>\u00ab.<\/span><\/p>\n<p class=\"v1MsoNormal\" style=\"text-align: justify;\"><span lang=\"ES-TRAD\">Desde las 08:30 hrs., en el sal\u00f3n Padre Antonio Ronchi del Gobierno Regional de Ays\u00e9n, se ir\u00e1n desarrollando las exposiciones sobre distintos aspectos relacionados: aprendizajes, gesti\u00f3n del conocimiento y mecanismos de gesti\u00f3n democr\u00e1tica e incluisiva en los territorios.<\/span><\/p>\n<p class=\"v1MsoNormal\" style=\"text-align: justify;\"><strong><span lang=\"ES-TRAD\">Los paneles<\/span><\/strong><\/p>\n<p class=\"v1MsoNormal\" style=\"text-align: justify;\"><span lang=\"ES-TRAD\">El\u00a0<a href=\"https:\/\/drive.google.com\/drive\/folders\/1QhZdcTclYzGw1XuO4FazN0bHveD93-z7\" target=\"_blank\" rel=\"noopener noreferrer\">programa<\/a>\u00a0contempla que durante la ma\u00f1ana se presenten experiencias que se est\u00e1n materializando en Ays\u00e9n, por parte de agrupaciones de emprendedores y comunidades, integrando servicios y atractivos tur\u00edsticos en un esfuerzo cooperativo.\u00a0\u00a0<\/span><\/p>\n<p class=\"v1MsoNormal\" style=\"text-align: justify;\"><span lang=\"ES-TRAD\">En primer panel \u00ab<i>Innovaci\u00f3n en Experiencias Tur\u00edsticas<\/i>\u00bb participar\u00e1n el\u00a0Dr. Guillermo Pacheco, director del Laboratorio de Innovaci\u00f3n Tur\u00edstica de la Patagonia;\u00a0Nibaldo Calder\u00f3n\u00a0del Parque cultural y arqueol\u00f3gico Pared\u00f3n de Las Manos;\u00a0Teresa V\u00e1squez\u00a0de La Ruta del Choike de la Comunidad Mapuche-Tehuelche Saihueque;\u00a0Andr\u00e9s Ag\u00fcero\u00a0por los Gu\u00edas del Avellano.<\/span><\/p>\n<p class=\"v1MsoNormal\" style=\"text-align: justify;\"><span lang=\"ES-TRAD\">Le seguir\u00e1 el m\u00f3dulo \u00ab<i>Estrategias de Gobernanzas Tur\u00edsticas Locales<\/i>\u00bb presentado por el\u00a0Dr. Adriano Rovira, que se enfocar\u00e1 en las claves para una gobernanza sustentable.\u00a0\u00a0En \u00e9ste expondr\u00e1n\u00a0Gustavo Rodr\u00edguez\u00a0de la Agrupaci\u00f3n de Turismo Los Torreones;\u00a0Ignacio Carrasco\u00a0de la Corporaci\u00f3n de Turismo de Villa Cerro Castillo;\u00a0Yorka Cheuquian\u00a0de la Asociaci\u00f3n Ind\u00edgena Rakiduantum y el Programa Intercultural en la Reserva Nacional Coyhaique;\u00a0Carlos Hochstetter\u00a0de CONAF Ays\u00e9n; y\u00a0Germaynee Vela-Ruiz\u00a0de la Estrategia de Comunidades Portal.<\/span><\/p>\n<p class=\"v1MsoNormal\" style=\"text-align: justify;\"><span lang=\"ES-TRAD\">Durante la tarde ser\u00e1 el turno del \u00ab<i>M\u00f3dulo de Inteligencia Tur\u00edstica de la Patagonia<\/i>\u00ab, con el\u00a0acad\u00e9mico del Instituto de Turismo de la UACh, Dr. Pablo Szmulewicz, que lleva adelante la creaci\u00f3n del Sistema de Inteligencia Tur\u00edstica de Patagonia;\u00a0Edmundo V\u00e1squez Barahona, profesional de SERNATUR Ays\u00e9n y responsable del Bar\u00f3metro Tur\u00edstico de la Regi\u00f3n de Ays\u00e9n; la\u00a0Dra. Trace Gale, investigadora del Centro de Investigaci\u00f3n en Ecosistemas de la Patagonia (CIEP), quien ha desarrollado proyectos relacionados con el impacto de la interacci\u00f3n entre el ser humano y las \u00e1reas protegidas; y\u00a0Patricio Segura Ortiz, coordinador del componente \u00ab<i>Observatorio de Turismo Sustentable y Cambio Clim\u00e1tico<\/i>\u00bb del proyecto Bienes P\u00fablicos \u00ab<i>Turismo Cero Impacto<\/i>\u00bb que ejecuta la Corporaci\u00f3n Chelenko, con financiamiento de CORFO y mandato de SERNATUR Ays\u00e9n.<\/span><\/p>\n<p class=\"v1MsoNormal\" style=\"text-align: justify;\"><span lang=\"ES-TRAD\">Por \u00faltimo, en \u00ab\u00c1reas Protegidas y Nueva Institucionalidad\u00bb expondr\u00e1n el\u00a0Dr. C\u00e9sar Guala, director del Programa Austral Patagonia de la UACh; el\u00a0Lic. Aldo Far\u00edas, director de conservaci\u00f3n del Programa Austral Patagonia; y\u00a0Leonardo Latorre, jefe de la Divisi\u00f3n de Fomento e Inversi\u00f3n de la Subsecretar\u00eda de Turismo.<\/span><\/p>\n<p class=\"v1MsoNormal\" style=\"text-align: justify;\"><span lang=\"ES-TRAD\">Concluir\u00e1 la jornada con un\u00a0panel de conversaci\u00f3n\u00a0que versar\u00e1 sobre el \u00ab<i>turismo en \u00e1reas protegidas, panorama y proyecciones en la regi\u00f3n de Ays\u00e9n<\/i>\u00ab, con el\u00a0seremi de Medio Ambiente Ays\u00e9n Yoal D\u00edaz;\u00a0Carlos Hochstetter\u00a0de CONAF Ays\u00e9n; y el\u00a0alcalde de R\u00edo Ib\u00e1\u00f1ez Marcelo J\u00e9lvez. Moderar\u00e1 C\u00e9sar Guala.<\/span><\/p>\n<p class=\"v1MsoNormal\" style=\"text-align: justify;\"><span lang=\"ES-TRAD\">El seminario regional \u00ab<i>Innovaci\u00f3n, Gobernanza e Inteligencia Tur\u00edstica en Destinos con \u00c1reas Protegidas de la Patagonia<\/i>\u00bb\u00a0\u00a0se enmarca\u00a0<i>\u00aben un proyecto FIC financiado por el Gobierno Regional de Ays\u00e9n y ejecutado por la Universidad Austral de Chile a trav\u00e9s del Campus Patagonia y el Instituto de Turismo, cuyo objetivo es fomentar la colaboraci\u00f3n y el intercambio de informaci\u00f3n acerca del turismo sustentable en \u00e1reas protegidas y territorios aleda\u00f1os, a trav\u00e9s de procesos territoriales asociativos<\/i>\u00ab.<\/span><\/p>\n<p class=\"v1MsoNormal\" style=\"text-align: justify;\"><span lang=\"ES-TRAD\">Convocan la\u00a0Universidad Austral de Chile, el\u00a0Gobierno Regional de Ays\u00e9n,\u00a0SERNATUR Ays\u00e9n,\u00a0CONAF\u00a0y el\u00a0Programa Austral Patagonia.\u00a0\u00a0Organizan el\u00a0Laboratorio de Innovaci\u00f3n Tur\u00edstica de la Patagonia, el\u00a0Sistema de Inteligencia Tur\u00edstica de la Patagonia,\u00a0SERNATUR Ays\u00e9n\u00a0y el\u00a0Programa Austral Patagonia. Y apoyan\u00a0CIEP,\u00a0CORFO, la\u00a0Fundaci\u00f3n Manfred Max Neef, la\u00a0Corporaci\u00f3n de Turismo de Cerro Castillo,\u00a0A.G. Los Torreones\u00a0y la\u00a0Asociaci\u00f3n Ind\u00edgena Rakiduantum.<\/span><\/p>\n<p class=\"v1MsoNormal\" style=\"text-align: justify;\"><span lang=\"ES-TRAD\">Consultas e inscripciones mediante el formulario alojado en la cuenta Instagram @lit.patagonia, al correo<a href=\"mailto:lab.innovacion.turistica@gmail.com\" rel=\"noreferrer\">lab.innovacion.turistica@gmail.com<\/a>\u00a0o al tel\u00e9fono +569 66353666.<\/span><\/p>\n<\/div><\/section><\/div><div  style='height:50px' class='hr hr-invisible   avia-builder-el-6  el_after_av_one_full  el_before_av_social_share '><span class='hr-inner ' ><span class='hr-inner-style'><\/span><\/span><\/div><\/p>\n<div  class='av-social-sharing-box  avia-builder-el-7  el_after_av_hr  el_before_av_hr  '><div class='av-share-box'><h5 class='av-share-link-description av-no-toc '>Compartir esta noticia<\/h5><ul class='av-share-box-list noLightbox'><li class='av-share-link av-social-link-facebook' ><a target=\"_blank\" aria-label=\"Compartir en Facebook\" href='https:\/\/www.facebook.com\/sharer.php?u=https:\/\/radiorevelacionfm.cl\/?p=53331&#038;t=Con%20foco%20en%20%C3%A1reas%20protegidas%20y%20gobernanza%20se%20desarrollar%C3%A1%20en%20Coyhaique%20seminario%20sobre%20turismo%20regional' aria-hidden='false' data-av_icon='\ue8f3' data-av_iconfont='entypo-fontello' title='' data-avia-related-tooltip='Compartir en Facebook' rel=\"noopener\"><span class='avia_hidden_link_text'>Compartir en Facebook<\/span><\/a><\/li><li class='av-share-link av-social-link-twitter' ><a target=\"_blank\" aria-label=\"Compartir en Twitter\" href='https:\/\/twitter.com\/share?text=Con%20foco%20en%20%C3%A1reas%20protegidas%20y%20gobernanza%20se%20desarrollar%C3%A1%20en%20Coyhaique%20seminario%20sobre%20turismo%20regional&#038;url=https:\/\/radiorevelacionfm.cl\/?p=53331' aria-hidden='false' data-av_icon='\ue8f1' data-av_iconfont='entypo-fontello' title='' data-avia-related-tooltip='Compartir en Twitter' rel=\"noopener\"><span class='avia_hidden_link_text'>Compartir en Twitter<\/span><\/a><\/li><li class='av-share-link av-social-link-whatsapp' ><a target=\"_blank\" aria-label=\"Compartir en Whatsapp\" href='https:\/\/api.whatsapp.com\/send?text=https:\/\/radiorevelacionfm.cl\/?p=53331' aria-hidden='false' data-av_icon='\uf232' data-av_iconfont='entypo-fontello' title='' data-avia-related-tooltip='Compartir en Whatsapp' rel=\"noopener\"><span class='avia_hidden_link_text'>Compartir en Whatsapp<\/span><\/a><\/li><li class='av-share-link av-social-link-linkedin' ><a target=\"_blank\" aria-label=\"Compartir en LinkedIn\" href='https:\/\/linkedin.com\/shareArticle?mini=true&#038;title=Con%20foco%20en%20%C3%A1reas%20protegidas%20y%20gobernanza%20se%20desarrollar%C3%A1%20en%20Coyhaique%20seminario%20sobre%20turismo%20regional&#038;url=https:\/\/radiorevelacionfm.cl\/?p=53331' aria-hidden='false' data-av_icon='\ue8fc' data-av_iconfont='entypo-fontello' title='' data-avia-related-tooltip='Compartir en LinkedIn' rel=\"noopener\"><span class='avia_hidden_link_text'>Compartir en LinkedIn<\/span><\/a><\/li><li class='av-share-link av-social-link-mail' ><a  aria-label=\"Compartir por correo\" href='mailto:?subject=Con%20foco%20en%20%C3%A1reas%20protegidas%20y%20gobernanza%20se%20desarrollar%C3%A1%20en%20Coyhaique%20seminario%20sobre%20turismo%20regional&#038;body=https:\/\/radiorevelacionfm.cl\/?p=53331' aria-hidden='false' data-av_icon='\ue805' data-av_iconfont='entypo-fontello' title='' data-avia-related-tooltip='Compartir por correo'><span class='avia_hidden_link_text'>Compartir por correo<\/span><\/a><\/li><\/ul><\/div><\/div>\n<div  style='height:50px' class='hr hr-invisible   avia-builder-el-8  el_after_av_social_share  el_before_av_comments_list '><span class='hr-inner ' ><span class='hr-inner-style'><\/span><\/span><\/div>\n<div  class='av-buildercomment  av-blog-meta-html-info-disabled av-blog-meta-tag-disabled  '><\/div>\n","protected":false},"excerpt":{"rendered":"","protected":false},"author":1,"featured_media":53332,"comment_status":"closed","ping_status":"closed","sticky":false,"template":"","format":"standard","meta":{"footnotes":""},"categories":[38],"tags":[],"class_list":["post-53331","post","type-post","status-publish","format-standard","has-post-thumbnail","hentry","category-regional"],"jetpack_featured_media_url":"https:\/\/radiorevelacionfm.cl\/wp-content\/uploads\/2025\/04\/afiche-seminario-regional-innovacion-gobernanza-e-inteligencia-turistic-en-destinos-con-Areas-protegidas-de-patagonia-1_optimized-1_optimized.jpg","_links":{"self":[{"href":"https:\/\/radiorevelacionfm.cl\/index.php?rest_route=\/wp\/v2\/posts\/53331","targetHints":{"allow":["GET"]}}],"collection":[{"href":"https:\/\/radiorevelacionfm.cl\/index.php?rest_route=\/wp\/v2\/posts"}],"about":[{"href":"https:\/\/radiorevelacionfm.cl\/index.php?rest_route=\/wp\/v2\/types\/post"}],"author":[{"embeddable":true,"href":"https:\/\/radiorevelacionfm.cl\/index.php?rest_route=\/wp\/v2\/users\/1"}],"replies":[{"embeddable":true,"href":"https:\/\/radiorevelacionfm.cl\/index.php?rest_route=%2Fwp%2Fv2%2Fcomments&post=53331"}],"version-history":[{"count":2,"href":"https:\/\/radiorevelacionfm.cl\/index.php?rest_route=\/wp\/v2\/posts\/53331\/revisions"}],"predecessor-version":[{"id":53442,"href":"https:\/\/radiorevelacionfm.cl\/index.php?rest_route=\/wp\/v2\/posts\/53331\/revisions\/53442"}],"wp:featuredmedia":[{"embeddable":true,"href":"https:\/\/radiorevelacionfm.cl\/index.php?rest_route=\/wp\/v2\/media\/53332"}],"wp:attachment":[{"href":"https:\/\/radiorevelacionfm.cl\/index.php?rest_route=%2Fwp%2Fv2%2Fmedia&parent=53331"}],"wp:term":[{"taxonomy":"category","embeddable":true,"href":"https:\/\/radiorevelacionfm.cl\/index.php?rest_route=%2Fwp%2Fv2%2Fcategories&post=53331"},{"taxonomy":"post_tag","embeddable":true,"href":"https:\/\/radiorevelacionfm.cl\/index.php?rest_route=%2Fwp%2Fv2%2Ftags&post=53331"}],"curies":[{"name":"wp","href":"https:\/\/api.w.org\/{rel}","templated":true}]}}