{"id":53327,"date":"2025-05-01T15:16:59","date_gmt":"2025-05-01T18:16:59","guid":{"rendered":"https:\/\/radiorevelacionfm.cl\/?p=53327"},"modified":"2025-05-01T15:16:59","modified_gmt":"2025-05-01T18:16:59","slug":"primer-encuentro-interregional-de-fotografia-analoga-de-aysen-eifa-2025","status":"publish","type":"post","link":"https:\/\/radiorevelacionfm.cl\/?p=53327","title":{"rendered":"Primer Encuentro Interregional de Fotograf\u00eda An\u00e1loga de Ays\u00e9n (EIFA) 2025"},"content":{"rendered":"<div class=\"flex_column av_one_full  flex_column_div av-zero-column-padding first  avia-builder-el-0  el_before_av_one_full  avia-builder-el-first  \" style='border-radius:0px; '><div  class='avia-image-container  av-styling-    avia-builder-el-1  avia-builder-el-no-sibling  avia-align-center '  itemprop=\"image\" itemscope=\"itemscope\" itemtype=\"https:\/\/schema.org\/ImageObject\"  ><div class='avia-image-container-inner'><div class='avia-image-overlay-wrap'><img decoding=\"async\" class='wp-image-53328 avia-img-lazy-loading-not-53328 avia_image' src=\"https:\/\/radiorevelacionfm.cl\/wp-content\/uploads\/2025\/04\/WhatsApp-Image-2025-04-29-at-12.20.46-1-1.jpeg\" alt='' title='WhatsApp Image 2025-04-29 at 12.20.46 (1) (1)' height=\"600\" width=\"1067\"  itemprop=\"thumbnailUrl\" srcset=\"https:\/\/radiorevelacionfm.cl\/wp-content\/uploads\/2025\/04\/WhatsApp-Image-2025-04-29-at-12.20.46-1-1.jpeg 1067w, https:\/\/radiorevelacionfm.cl\/wp-content\/uploads\/2025\/04\/WhatsApp-Image-2025-04-29-at-12.20.46-1-1-300x169.jpeg 300w, https:\/\/radiorevelacionfm.cl\/wp-content\/uploads\/2025\/04\/WhatsApp-Image-2025-04-29-at-12.20.46-1-1-1030x579.jpeg 1030w, https:\/\/radiorevelacionfm.cl\/wp-content\/uploads\/2025\/04\/WhatsApp-Image-2025-04-29-at-12.20.46-1-1-768x432.jpeg 768w, https:\/\/radiorevelacionfm.cl\/wp-content\/uploads\/2025\/04\/WhatsApp-Image-2025-04-29-at-12.20.46-1-1-705x396.jpeg 705w, https:\/\/radiorevelacionfm.cl\/wp-content\/uploads\/2025\/04\/WhatsApp-Image-2025-04-29-at-12.20.46-1-1-450x253.jpeg 450w, https:\/\/radiorevelacionfm.cl\/wp-content\/uploads\/2025\/04\/WhatsApp-Image-2025-04-29-at-12.20.46-1-1-600x337.jpeg 600w\" sizes=\"(max-width: 1067px) 100vw, 1067px\" \/><\/div><\/div><\/div><\/div><div class=\"flex_column av_one_full  flex_column_div av-zero-column-padding first  avia-builder-el-2  el_after_av_one_full  el_before_av_one_full  column-top-margin\" style='border-radius:0px; '><section class=\"av_textblock_section \"  itemscope=\"itemscope\" itemtype=\"https:\/\/schema.org\/BlogPosting\" itemprop=\"blogPost\" ><div class='avia_textblock  '   itemprop=\"text\" ><p style=\"text-align: center;\"><strong><span style=\"font-size: 18pt;\">Primer Encuentro Interregional de Fotograf\u00eda An\u00e1loga de Ays\u00e9n (EIFA) 2025<\/span><\/strong><\/p>\n<div id=\"gtx-trans\" style=\"position: absolute; left: -50px; top: 4.31534px;\">\n<div class=\"gtx-trans-icon\"><\/div>\n<\/div>\n<\/div><\/section><\/div><div class=\"flex_column av_one_full  flex_column_div av-zero-column-padding first  avia-builder-el-4  el_after_av_one_full  el_before_av_hr  column-top-margin\" style='border-radius:0px; '><section class=\"av_textblock_section \"  itemscope=\"itemscope\" itemtype=\"https:\/\/schema.org\/BlogPosting\" itemprop=\"blogPost\" ><div class='avia_textblock  '   itemprop=\"text\" ><p style=\"text-align: justify;\">Con el objetivo de revitalizar la fotograf\u00eda an\u00e1loga en Ays\u00e9n invitan al Primer Encuentro Interregional de Fotograf\u00eda An\u00e1loga de Ays\u00e9n (EIFA), el que reunir\u00e1 a fot\u00f3grafos, estudiantes y la comunidad para compartir conocimientos y experiencias. Actividad que contar\u00e1 con destacados expertos como Leonora Vicu\u00f1a y Javier C\u00e1rcamo que enriquecer\u00e1n el evento con su trayectoria y talleres especializados.<\/p>\n<p style=\"text-align: justify;\"><strong>Desarrollo del Evento<\/strong><\/p>\n<p style=\"text-align: justify;\">EIFA Ays\u00e9n 2025 se realizar\u00e1 del 25 al 28 de septiembre en Coyhaique. Incluir\u00e1 la retrospectiva fotogr\u00e1fica de Leonora Vicu\u00f1a en el Centro Cultural Coyhaique, di\u00e1logos comunitarios, talleres pr\u00e1cticos en la Biblioteca Regional y LAFOCO, y exposiciones en el Terminal de Buses y la Feria Las Quintas.<\/p>\n<p style=\"text-align: justify;\">EIFA Ays\u00e9n 2025 ser\u00e1 una instancia clave para celebrar la fotograf\u00eda an\u00e1loga, promoviendo su aprendizaje y conexi\u00f3n con la cultura local.<\/p>\n<\/div><\/section><\/div><div  style='height:50px' class='hr hr-invisible   avia-builder-el-6  el_after_av_one_full  el_before_av_social_share '><span class='hr-inner ' ><span class='hr-inner-style'><\/span><\/span><\/div><\/p>\n<div  class='av-social-sharing-box  avia-builder-el-7  el_after_av_hr  el_before_av_hr  '><div class='av-share-box'><h5 class='av-share-link-description av-no-toc '>Compartir esta noticia<\/h5><ul class='av-share-box-list noLightbox'><li class='av-share-link av-social-link-facebook' ><a target=\"_blank\" aria-label=\"Compartir en Facebook\" href='https:\/\/www.facebook.com\/sharer.php?u=https:\/\/radiorevelacionfm.cl\/?p=53327&#038;t=Primer%20Encuentro%20Interregional%20de%20Fotograf%C3%ADa%20An%C3%A1loga%20de%20Ays%C3%A9n%20%28EIFA%29%202025' aria-hidden='false' data-av_icon='\ue8f3' data-av_iconfont='entypo-fontello' title='' data-avia-related-tooltip='Compartir en Facebook' rel=\"noopener\"><span class='avia_hidden_link_text'>Compartir en Facebook<\/span><\/a><\/li><li class='av-share-link av-social-link-twitter' ><a target=\"_blank\" aria-label=\"Compartir en Twitter\" href='https:\/\/twitter.com\/share?text=Primer%20Encuentro%20Interregional%20de%20Fotograf%C3%ADa%20An%C3%A1loga%20de%20Ays%C3%A9n%20%28EIFA%29%202025&#038;url=https:\/\/radiorevelacionfm.cl\/?p=53327' aria-hidden='false' data-av_icon='\ue8f1' data-av_iconfont='entypo-fontello' title='' data-avia-related-tooltip='Compartir en Twitter' rel=\"noopener\"><span class='avia_hidden_link_text'>Compartir en Twitter<\/span><\/a><\/li><li class='av-share-link av-social-link-whatsapp' ><a target=\"_blank\" aria-label=\"Compartir en Whatsapp\" href='https:\/\/api.whatsapp.com\/send?text=https:\/\/radiorevelacionfm.cl\/?p=53327' aria-hidden='false' data-av_icon='\uf232' data-av_iconfont='entypo-fontello' title='' data-avia-related-tooltip='Compartir en Whatsapp' rel=\"noopener\"><span class='avia_hidden_link_text'>Compartir en Whatsapp<\/span><\/a><\/li><li class='av-share-link av-social-link-linkedin' ><a target=\"_blank\" aria-label=\"Compartir en LinkedIn\" href='https:\/\/linkedin.com\/shareArticle?mini=true&#038;title=Primer%20Encuentro%20Interregional%20de%20Fotograf%C3%ADa%20An%C3%A1loga%20de%20Ays%C3%A9n%20%28EIFA%29%202025&#038;url=https:\/\/radiorevelacionfm.cl\/?p=53327' aria-hidden='false' data-av_icon='\ue8fc' data-av_iconfont='entypo-fontello' title='' data-avia-related-tooltip='Compartir en LinkedIn' rel=\"noopener\"><span class='avia_hidden_link_text'>Compartir en LinkedIn<\/span><\/a><\/li><li class='av-share-link av-social-link-mail' ><a  aria-label=\"Compartir por correo\" href='mailto:?subject=Primer%20Encuentro%20Interregional%20de%20Fotograf%C3%ADa%20An%C3%A1loga%20de%20Ays%C3%A9n%20%28EIFA%29%202025&#038;body=https:\/\/radiorevelacionfm.cl\/?p=53327' aria-hidden='false' data-av_icon='\ue805' data-av_iconfont='entypo-fontello' title='' data-avia-related-tooltip='Compartir por correo'><span class='avia_hidden_link_text'>Compartir por correo<\/span><\/a><\/li><\/ul><\/div><\/div>\n<div  style='height:50px' class='hr hr-invisible   avia-builder-el-8  el_after_av_social_share  el_before_av_comments_list '><span class='hr-inner ' ><span class='hr-inner-style'><\/span><\/span><\/div>\n<div  class='av-buildercomment  av-blog-meta-html-info-disabled av-blog-meta-tag-disabled  '><\/div>\n","protected":false},"excerpt":{"rendered":"","protected":false},"author":1,"featured_media":53328,"comment_status":"closed","ping_status":"closed","sticky":false,"template":"","format":"standard","meta":{"footnotes":""},"categories":[52],"tags":[],"class_list":["post-53327","post","type-post","status-publish","format-standard","has-post-thumbnail","hentry","category-cultura"],"jetpack_featured_media_url":"https:\/\/radiorevelacionfm.cl\/wp-content\/uploads\/2025\/04\/WhatsApp-Image-2025-04-29-at-12.20.46-1-1.jpeg","_links":{"self":[{"href":"https:\/\/radiorevelacionfm.cl\/index.php?rest_route=\/wp\/v2\/posts\/53327","targetHints":{"allow":["GET"]}}],"collection":[{"href":"https:\/\/radiorevelacionfm.cl\/index.php?rest_route=\/wp\/v2\/posts"}],"about":[{"href":"https:\/\/radiorevelacionfm.cl\/index.php?rest_route=\/wp\/v2\/types\/post"}],"author":[{"embeddable":true,"href":"https:\/\/radiorevelacionfm.cl\/index.php?rest_route=\/wp\/v2\/users\/1"}],"replies":[{"embeddable":true,"href":"https:\/\/radiorevelacionfm.cl\/index.php?rest_route=%2Fwp%2Fv2%2Fcomments&post=53327"}],"version-history":[{"count":2,"href":"https:\/\/radiorevelacionfm.cl\/index.php?rest_route=\/wp\/v2\/posts\/53327\/revisions"}],"predecessor-version":[{"id":53392,"href":"https:\/\/radiorevelacionfm.cl\/index.php?rest_route=\/wp\/v2\/posts\/53327\/revisions\/53392"}],"wp:featuredmedia":[{"embeddable":true,"href":"https:\/\/radiorevelacionfm.cl\/index.php?rest_route=\/wp\/v2\/media\/53328"}],"wp:attachment":[{"href":"https:\/\/radiorevelacionfm.cl\/index.php?rest_route=%2Fwp%2Fv2%2Fmedia&parent=53327"}],"wp:term":[{"taxonomy":"category","embeddable":true,"href":"https:\/\/radiorevelacionfm.cl\/index.php?rest_route=%2Fwp%2Fv2%2Fcategories&post=53327"},{"taxonomy":"post_tag","embeddable":true,"href":"https:\/\/radiorevelacionfm.cl\/index.php?rest_route=%2Fwp%2Fv2%2Ftags&post=53327"}],"curies":[{"name":"wp","href":"https:\/\/api.w.org\/{rel}","templated":true}]}}