{"id":53321,"date":"2025-04-30T12:10:12","date_gmt":"2025-04-30T15:10:12","guid":{"rendered":"https:\/\/radiorevelacionfm.cl\/?p=53321"},"modified":"2025-04-30T12:10:12","modified_gmt":"2025-04-30T15:10:12","slug":"universidad-de-aysen-apoya-prometedor-proyecto-de-liceo-politecnico-a-1-de-puerto-aysen","status":"publish","type":"post","link":"https:\/\/radiorevelacionfm.cl\/?p=53321","title":{"rendered":"Universidad de Ays\u00e9n apoya prometedor proyecto de Liceo Polit\u00e9cnico A-1 de Puerto Ays\u00e9n"},"content":{"rendered":"<div class=\"flex_column av_one_full  flex_column_div av-zero-column-padding first  avia-builder-el-0  el_before_av_one_full  avia-builder-el-first  \" style='border-radius:0px; '><div  class='avia-image-container  av-styling-    avia-builder-el-1  avia-builder-el-no-sibling  avia-align-center '  itemprop=\"image\" itemscope=\"itemscope\" itemtype=\"https:\/\/schema.org\/ImageObject\"  ><div class='avia-image-container-inner'><div class='avia-image-overlay-wrap'><img decoding=\"async\" class='wp-image-53323 avia-img-lazy-loading-not-53323 avia_image' src=\"https:\/\/radiorevelacionfm.cl\/wp-content\/uploads\/2025\/04\/WhatsApp-Image-2025-04-29-at-09.48.33-1-1.jpeg\" alt='' title='WhatsApp Image 2025-04-29 at 09.48.33 (1) (1)' height=\"600\" width=\"1066\"  itemprop=\"thumbnailUrl\" srcset=\"https:\/\/radiorevelacionfm.cl\/wp-content\/uploads\/2025\/04\/WhatsApp-Image-2025-04-29-at-09.48.33-1-1.jpeg 1066w, https:\/\/radiorevelacionfm.cl\/wp-content\/uploads\/2025\/04\/WhatsApp-Image-2025-04-29-at-09.48.33-1-1-300x169.jpeg 300w, https:\/\/radiorevelacionfm.cl\/wp-content\/uploads\/2025\/04\/WhatsApp-Image-2025-04-29-at-09.48.33-1-1-1030x580.jpeg 1030w, https:\/\/radiorevelacionfm.cl\/wp-content\/uploads\/2025\/04\/WhatsApp-Image-2025-04-29-at-09.48.33-1-1-768x432.jpeg 768w, https:\/\/radiorevelacionfm.cl\/wp-content\/uploads\/2025\/04\/WhatsApp-Image-2025-04-29-at-09.48.33-1-1-705x397.jpeg 705w, https:\/\/radiorevelacionfm.cl\/wp-content\/uploads\/2025\/04\/WhatsApp-Image-2025-04-29-at-09.48.33-1-1-450x253.jpeg 450w, https:\/\/radiorevelacionfm.cl\/wp-content\/uploads\/2025\/04\/WhatsApp-Image-2025-04-29-at-09.48.33-1-1-600x338.jpeg 600w\" sizes=\"(max-width: 1066px) 100vw, 1066px\" \/><\/div><\/div><\/div><\/div><div class=\"flex_column av_one_full  flex_column_div av-zero-column-padding first  avia-builder-el-2  el_after_av_one_full  el_before_av_one_full  column-top-margin\" style='border-radius:0px; '><section class=\"av_textblock_section \"  itemscope=\"itemscope\" itemtype=\"https:\/\/schema.org\/BlogPosting\" itemprop=\"blogPost\" ><div class='avia_textblock  '   itemprop=\"text\" ><p style=\"text-align: center;\"><strong><span style=\"font-size: 18pt;\">Universidad de Ays\u00e9n apoya prometedor proyecto de Liceo Polit\u00e9cnico A-1 de Puerto Ays\u00e9n<\/span><\/strong><\/p>\n<div id=\"gtx-trans\" style=\"position: absolute; left: -50px; top: 4.31534px;\">\n<div class=\"gtx-trans-icon\"><\/div>\n<\/div>\n<\/div><\/section><\/div><\/p>\n<div class=\"flex_column av_one_full  flex_column_div av-zero-column-padding first  avia-builder-el-4  el_after_av_one_full  el_before_av_hr  column-top-margin\" style='border-radius:0px; '><section class=\"av_textblock_section \"  itemscope=\"itemscope\" itemtype=\"https:\/\/schema.org\/BlogPosting\" itemprop=\"blogPost\" ><div class='avia_textblock  '   itemprop=\"text\" ><p style=\"text-align: justify;\">Durante la tarde del d\u00eda lunes 28 de abril se realiz\u00f3 la primera reuni\u00f3n de asesoramiento cient\u00edfico a trav\u00e9s de \u201cTalleres de Vinculaci\u00f3n Escolar Cient\u00edfica\u201d por parte de la Universidad de Ays\u00e9n, a cargo de la profesional Javiera Beltr\u00e1n Iglesias, Encargada de Programa Vinculaci\u00f3n Escolar Cient\u00edfica.<\/p>\n<p style=\"text-align: justify;\">Dicha actividad se centr\u00f3 en apoyar el proyecto incorporado en el Programa Explora 2025 \u2013 2026. Este proyecto est\u00e1 liderado por equipo de estudiantes de 2\u00b0 y 3\u00b0 medio, el cual tiene por nombre \u201cSOS: Desalinizador de agua\u201d.<\/p>\n<p style=\"text-align: justify;\">Este primer taller impartido por la Universidad de Ays\u00e9n se denomin\u00f3 \u201cTaller comprensi\u00f3n ciclo del agua y desalinizaci\u00f3n\u201d, el que estuvo lleno de preguntas y respuestas que permitieron a nuestros estudiantes profundizar en directrices a seguir con su investigaci\u00f3n ligada a innovaci\u00f3n.<\/p>\n<p style=\"text-align: justify;\">Jos\u00e9 Vera Yefe, estudiante de 3\u00b0 Medio \u201cC\u201d de la especialidad de Mec\u00e1nica, indic\u00f3 lo siguiente \u201cLa experiencia fue muy interesante ya que nos permiti\u00f3 darnos cuenta de c\u00f3mo poder mejorar nuestro prototipo y ver materiales a utilizar en la futura investigaci\u00f3n e innovaci\u00f3n\u201d.<\/p>\n<p style=\"text-align: justify;\">Mientras que la estudiante Yirlen Vasquez Mayorga, perteneciente a 2\u00b0 Medio \u201cA\u201d de especialidad Enfermer\u00eda, comento lo siguiente \u201cLa actividad nos ense\u00f1\u00f3 sobre algunos materiales como la zeolita y sus caracter\u00edsticas, adem\u00e1s quedamos con la tarea de poder buscar otras alternativas de filtrado, idealmente materiales de f\u00e1cil acceso para poder experimentar en los diferentes talleres que tendremos\u201d.<\/p>\n<p style=\"text-align: justify;\">El Profesor Marcel Barrientos, quien lidera a los estudiantes en este innovador proyecto comenta: \u201cEsta experiencia es muy significativa para todo nuestro equipo, el que busca una soluci\u00f3n ante el problema ya constante de falta de agua dulce para nuestros vecinos de Islas Huichas. Nuestros estudiantes est\u00e1n muy motivados en ser parte de dicha soluci\u00f3n o en la obtenci\u00f3n de una parte de ella que permita a otro equipo o investigadores en poder colaborar a trav\u00e9s de la ciencia y tecnolog\u00eda en mejorar la calidad de vida de las personas de nuestra comunidad.<\/p>\n<p style=\"text-align: justify;\">Durante los siguientes meses se trabajar\u00e1 en paralelo entre PAR Explora, a trav\u00e9s de la Universidad Austral Campus Patagonia y con el Programa VEC \u201cPrograma Vinculaci\u00f3n Escolar Cient\u00edfica\u201d de la Universidad de Ays\u00e9n. Ambas instituciones apoyando a nuestros destacados estudiantes en el mundo de ciencias y tecnolog\u00edas ligadas al \u00e1rea STEM.<\/p>\n<\/div><\/section><\/div>\n<div  style='height:50px' class='hr hr-invisible   avia-builder-el-6  el_after_av_one_full  el_before_av_social_share '><span class='hr-inner ' ><span class='hr-inner-style'><\/span><\/span><\/div>\n<div  class='av-social-sharing-box  avia-builder-el-7  el_after_av_hr  el_before_av_hr  '><div class='av-share-box'><h5 class='av-share-link-description av-no-toc '>Compartir esta noticia<\/h5><ul class='av-share-box-list noLightbox'><li class='av-share-link av-social-link-facebook' ><a target=\"_blank\" aria-label=\"Compartir en Facebook\" href='https:\/\/www.facebook.com\/sharer.php?u=https:\/\/radiorevelacionfm.cl\/?p=53321&#038;t=Universidad%20de%20Ays%C3%A9n%20apoya%20prometedor%20proyecto%20de%20Liceo%20Polit%C3%A9cnico%20A-1%20de%20Puerto%20Ays%C3%A9n' aria-hidden='false' data-av_icon='\ue8f3' data-av_iconfont='entypo-fontello' title='' data-avia-related-tooltip='Compartir en Facebook' rel=\"noopener\"><span class='avia_hidden_link_text'>Compartir en Facebook<\/span><\/a><\/li><li class='av-share-link av-social-link-twitter' ><a target=\"_blank\" aria-label=\"Compartir en Twitter\" href='https:\/\/twitter.com\/share?text=Universidad%20de%20Ays%C3%A9n%20apoya%20prometedor%20proyecto%20de%20Liceo%20Polit%C3%A9cnico%20A-1%20de%20Puerto%20Ays%C3%A9n&#038;url=https:\/\/radiorevelacionfm.cl\/?p=53321' aria-hidden='false' data-av_icon='\ue8f1' data-av_iconfont='entypo-fontello' title='' data-avia-related-tooltip='Compartir en Twitter' rel=\"noopener\"><span class='avia_hidden_link_text'>Compartir en Twitter<\/span><\/a><\/li><li class='av-share-link av-social-link-whatsapp' ><a target=\"_blank\" aria-label=\"Compartir en Whatsapp\" href='https:\/\/api.whatsapp.com\/send?text=https:\/\/radiorevelacionfm.cl\/?p=53321' aria-hidden='false' data-av_icon='\uf232' data-av_iconfont='entypo-fontello' title='' data-avia-related-tooltip='Compartir en Whatsapp' rel=\"noopener\"><span class='avia_hidden_link_text'>Compartir en Whatsapp<\/span><\/a><\/li><li class='av-share-link av-social-link-linkedin' ><a target=\"_blank\" aria-label=\"Compartir en LinkedIn\" href='https:\/\/linkedin.com\/shareArticle?mini=true&#038;title=Universidad%20de%20Ays%C3%A9n%20apoya%20prometedor%20proyecto%20de%20Liceo%20Polit%C3%A9cnico%20A-1%20de%20Puerto%20Ays%C3%A9n&#038;url=https:\/\/radiorevelacionfm.cl\/?p=53321' aria-hidden='false' data-av_icon='\ue8fc' data-av_iconfont='entypo-fontello' title='' data-avia-related-tooltip='Compartir en LinkedIn' rel=\"noopener\"><span class='avia_hidden_link_text'>Compartir en LinkedIn<\/span><\/a><\/li><li class='av-share-link av-social-link-mail' ><a  aria-label=\"Compartir por correo\" href='mailto:?subject=Universidad%20de%20Ays%C3%A9n%20apoya%20prometedor%20proyecto%20de%20Liceo%20Polit%C3%A9cnico%20A-1%20de%20Puerto%20Ays%C3%A9n&#038;body=https:\/\/radiorevelacionfm.cl\/?p=53321' aria-hidden='false' data-av_icon='\ue805' data-av_iconfont='entypo-fontello' title='' data-avia-related-tooltip='Compartir por correo'><span class='avia_hidden_link_text'>Compartir por correo<\/span><\/a><\/li><\/ul><\/div><\/div>\n<div  style='height:50px' class='hr hr-invisible   avia-builder-el-8  el_after_av_social_share  el_before_av_comments_list '><span class='hr-inner ' ><span class='hr-inner-style'><\/span><\/span><\/div>\n<div  class='av-buildercomment  av-blog-meta-html-info-disabled av-blog-meta-tag-disabled  '><\/div>\n","protected":false},"excerpt":{"rendered":"","protected":false},"author":1,"featured_media":53323,"comment_status":"closed","ping_status":"closed","sticky":false,"template":"","format":"standard","meta":{"footnotes":""},"categories":[49],"tags":[],"class_list":["post-53321","post","type-post","status-publish","format-standard","has-post-thumbnail","hentry","category-educacion"],"jetpack_featured_media_url":"https:\/\/radiorevelacionfm.cl\/wp-content\/uploads\/2025\/04\/WhatsApp-Image-2025-04-29-at-09.48.33-1-1.jpeg","_links":{"self":[{"href":"https:\/\/radiorevelacionfm.cl\/index.php?rest_route=\/wp\/v2\/posts\/53321","targetHints":{"allow":["GET"]}}],"collection":[{"href":"https:\/\/radiorevelacionfm.cl\/index.php?rest_route=\/wp\/v2\/posts"}],"about":[{"href":"https:\/\/radiorevelacionfm.cl\/index.php?rest_route=\/wp\/v2\/types\/post"}],"author":[{"embeddable":true,"href":"https:\/\/radiorevelacionfm.cl\/index.php?rest_route=\/wp\/v2\/users\/1"}],"replies":[{"embeddable":true,"href":"https:\/\/radiorevelacionfm.cl\/index.php?rest_route=%2Fwp%2Fv2%2Fcomments&post=53321"}],"version-history":[{"count":3,"href":"https:\/\/radiorevelacionfm.cl\/index.php?rest_route=\/wp\/v2\/posts\/53321\/revisions"}],"predecessor-version":[{"id":53330,"href":"https:\/\/radiorevelacionfm.cl\/index.php?rest_route=\/wp\/v2\/posts\/53321\/revisions\/53330"}],"wp:featuredmedia":[{"embeddable":true,"href":"https:\/\/radiorevelacionfm.cl\/index.php?rest_route=\/wp\/v2\/media\/53323"}],"wp:attachment":[{"href":"https:\/\/radiorevelacionfm.cl\/index.php?rest_route=%2Fwp%2Fv2%2Fmedia&parent=53321"}],"wp:term":[{"taxonomy":"category","embeddable":true,"href":"https:\/\/radiorevelacionfm.cl\/index.php?rest_route=%2Fwp%2Fv2%2Fcategories&post=53321"},{"taxonomy":"post_tag","embeddable":true,"href":"https:\/\/radiorevelacionfm.cl\/index.php?rest_route=%2Fwp%2Fv2%2Ftags&post=53321"}],"curies":[{"name":"wp","href":"https:\/\/api.w.org\/{rel}","templated":true}]}}