{"id":53317,"date":"2025-04-30T10:25:48","date_gmt":"2025-04-30T13:25:48","guid":{"rendered":"https:\/\/radiorevelacionfm.cl\/?p=53317"},"modified":"2025-04-30T10:25:48","modified_gmt":"2025-04-30T13:25:48","slug":"en-valle-simpson-inauguran-proyecto-pionero-en-chile-de-secador-de-lena-con-sistema-fotovoltaico","status":"publish","type":"post","link":"https:\/\/radiorevelacionfm.cl\/?p=53317","title":{"rendered":"En Valle Simpson inauguran proyecto pionero en Chile de secador de le\u00f1a con sistema fotovoltaico"},"content":{"rendered":"<div class=\"flex_column av_one_full  flex_column_div av-zero-column-padding first  avia-builder-el-0  el_before_av_one_full  avia-builder-el-first  \" style='border-radius:0px; '><div  class='avia-image-container  av-styling-    avia-builder-el-1  avia-builder-el-no-sibling  avia-align-center '  itemprop=\"image\" itemscope=\"itemscope\" itemtype=\"https:\/\/schema.org\/ImageObject\"  ><div class='avia-image-container-inner'><div class='avia-image-overlay-wrap'><img decoding=\"async\" class='wp-image-53318 avia-img-lazy-loading-not-53318 avia_image' src=\"https:\/\/radiorevelacionfm.cl\/wp-content\/uploads\/2025\/04\/energia1-9-1-1.jpeg\" alt='' title='energ\u00eda1 (9) (1) (1)' height=\"600\" width=\"800\"  itemprop=\"thumbnailUrl\" srcset=\"https:\/\/radiorevelacionfm.cl\/wp-content\/uploads\/2025\/04\/energia1-9-1-1.jpeg 800w, https:\/\/radiorevelacionfm.cl\/wp-content\/uploads\/2025\/04\/energia1-9-1-1-300x225.jpeg 300w, https:\/\/radiorevelacionfm.cl\/wp-content\/uploads\/2025\/04\/energia1-9-1-1-768x576.jpeg 768w, https:\/\/radiorevelacionfm.cl\/wp-content\/uploads\/2025\/04\/energia1-9-1-1-705x529.jpeg 705w, https:\/\/radiorevelacionfm.cl\/wp-content\/uploads\/2025\/04\/energia1-9-1-1-450x338.jpeg 450w, https:\/\/radiorevelacionfm.cl\/wp-content\/uploads\/2025\/04\/energia1-9-1-1-600x450.jpeg 600w\" sizes=\"(max-width: 800px) 100vw, 800px\" \/><\/div><\/div><\/div><\/div><div class=\"flex_column av_one_full  flex_column_div av-zero-column-padding first  avia-builder-el-2  el_after_av_one_full  el_before_av_one_full  column-top-margin\" style='border-radius:0px; '><section class=\"av_textblock_section \"  itemscope=\"itemscope\" itemtype=\"https:\/\/schema.org\/BlogPosting\" itemprop=\"blogPost\" ><div class='avia_textblock  '   itemprop=\"text\" ><p style=\"text-align: center;\"><strong><span style=\"font-size: 18pt;\">En Valle Simpson inauguran proyecto pionero en Chile de secador de le\u00f1a con sistema fotovoltaico<\/span><\/strong><\/p>\n<div id=\"gtx-trans\" style=\"position: absolute; left: -50px; top: 4.31534px;\">\n<div class=\"gtx-trans-icon\"><\/div>\n<\/div>\n<\/div><\/section><\/div><\/p>\n<div class=\"flex_column av_one_full  flex_column_div av-zero-column-padding first  avia-builder-el-4  el_after_av_one_full  el_before_av_hr  column-top-margin\" style='border-radius:0px; '><section class=\"av_textblock_section \"  itemscope=\"itemscope\" itemtype=\"https:\/\/schema.org\/BlogPosting\" itemprop=\"blogPost\" ><div class='avia_textblock  '   itemprop=\"text\" ><p style=\"text-align: justify;\">En una emocionante ceremonia, en la localidad de Valle Simpson, la se\u00f1ora Alicia Baeza -emprendedora del rubro de la le\u00f1a- junto a su familia y autoridades regionales y nacionales: Rosa Riquelme, directora ejecutiva de la Agencia de Sostenibilidad Energ\u00e9tica (AgenciaSE), Tom\u00e1s Laibe, Seremi de Energ\u00eda y Julio Maturana, Jefe Divisi\u00f3n de Energ\u00edas Sostenibles del Ministerio de Energ\u00eda, realizaron el tradicional corte de cinta de una planta de secado de le\u00f1a con sistema fotovoltaico.<\/p>\n<p style=\"text-align: justify;\">\u201cHemos inaugurado un Centro Integral de Biomasa o centro de procesamiento de le\u00f1a, de la se\u00f1ora Alicia Baeza, que fue beneficiada por uno de los instrumentos del Ministerio de Energ\u00eda, para permitir la instalaci\u00f3n de un secador y de un sistema fotovoltaico. La importancia que tiene esto para la regi\u00f3n, es que este secador permite aumentar sustancialmente la eficiencia del proceso de secado. Ya no va a demorar d\u00edas, semanas o meses, sino en cuesti\u00f3n de horas puede entrar le\u00f1a h\u00fameda y salir un producto de mayor calidad para los consumidores que est\u00e1 acorde a la nueva Ley de Biocombustibles y, por otro lado tiene un sistema fotovoltaico que reduce los costos de energ\u00eda y permite que sea mucho m\u00e1s sostenible en t\u00e9rminos medioambientales, pero tambi\u00e9n financieros\u201d, se\u00f1al\u00f3 Tom\u00e1s Laibe, Seremi de Energ\u00eda regi\u00f3n de Ays\u00e9n.<\/p>\n<p style=\"text-align: justify;\">El Programa Centros Integrales de Biomasa (CIB), del Ministerio de Energ\u00eda, implementado por la AgenciaSE busca fortalecer la producci\u00f3n de biocombustibles s\u00f3lidos de calidad, mediante financiamiento y asistencia t\u00e9cnica a productores de biocombustibles s\u00f3lidos. Cada proyecto puede recibir un cofinanciamiento de hasta 50 millones de pesos.<\/p>\n<p style=\"text-align: justify;\">\u201cEste es un proyecto hist\u00f3rico, que adem\u00e1s de ser pionero en la regi\u00f3n, demuestra c\u00f3mo las personas pueden ir cambiando sus vidas con la energ\u00eda. Yo conoc\u00ed hace mucho tiempo este centro y al matrimonio que est\u00e1 detr\u00e1s del proyecto. ellos partieron con un galp\u00f3n y unas m\u00e1quinas, con mucho esfuerzo y convencidos que la le\u00f1a hay que venderla seca. Hoy tienen una soluci\u00f3n muy innovadora que incorpora aerotermia y energ\u00eda fotovoltaica, que permite secar en 65 horas a un costo de la energ\u00eda muy bajo gracias a los paneles solares. Emociona ver estos cambios y la perseverancia de quienes est\u00e1n en el rubro de la le\u00f1a y que hoy, enfocados en entregar un buen producto, est\u00e1n buscando soluciones innovadoras. Este es un proyecto que se fabric\u00f3 ac\u00e1 en Chile y est\u00e1 adaptado a la lenga y a condiciones ambientales locales, lo que emociona por el talento que hay en Chile, el cual -si\u00a0 se pone a disposici\u00f3n de estos objetivos- puede cambiar la vida de estas personas y de quienes habitan el pa\u00eds\u201d expres\u00f3 Rosa Riquelme, Directora Ejecutiva de la Agencia de Sostenibilidad Energ\u00e9tica.<\/p>\n<p style=\"text-align: justify;\">Julio Maturana, Jefe de la Divisi\u00f3n de Energ\u00edas Sostenibles del Ministerio de Energ\u00eda, precis\u00f3: \u201cEste es un proyecto s\u00faper importante para el ministerio, porque es parte de la innovaci\u00f3n, de la tecnolog\u00eda. Son mejores recursos especialmente para los le\u00f1eros, pero que adem\u00e1s combina el tema fotovoltaico. Estamos combinando las energ\u00edas renovables con la producci\u00f3n de le\u00f1a, a trav\u00e9s de su secado. No s\u00f3lo estamos haciendo un producto mucho mejor, sino adem\u00e1s con cero emisiones y con la introducci\u00f3n de las energ\u00edas renovables en los procesos productivos\u201d.<\/p>\n<p style=\"text-align: justify;\">Alicia Baeza Aguilar posee una empresa familiar, que cuenta con 40 a\u00f1os de experiencia en el rubro de la le\u00f1a y madera y desde aproximadamente 10 a\u00f1os ella dirige el \u00e1rea de producci\u00f3n de le\u00f1a, empleando a siete personas, la mayor\u00eda mujeres. El a\u00f1o 2014 fue beneficiaria del Programa M\u00e1s Le\u00f1a Seca y desde el a\u00f1o 2024 cuenta con Sello de Calidad de Le\u00f1a. La iniciativa busca mejorar la producci\u00f3n de le\u00f1a seca en Coyhaique, mediante la implementaci\u00f3n de un sistema innovador que combina un secador TROCKNNER con un sistema fotovoltaico.<\/p>\n<p style=\"text-align: justify;\">El sistema de secado permite procesar hasta 12 metros c\u00fabicos de le\u00f1a en cada ciclo, reduciendo su humedad en un plazo de 40 a 60 horas, sustancialmente m\u00e1s r\u00e1pido y eficiente que el proceso de secado tradicional. Adem\u00e1s, se habilit\u00f3 un sistema fotovoltaico de 6 kW conectado a la red el\u00e9ctrica, que permite realizar hasta 24 ciclos de secado al a\u00f1o sin costo de electricidad, reduciendo gastos y haciendo el negocio m\u00e1s rentable.<\/p>\n<p style=\"text-align: justify;\">La beneficiaria del proyecto indic\u00f3: \u201cEstoy emocionada porque es un proyecto hermoso, que es una tremenda ayuda sobre todo para la ciudad de Coyhaique y alrededores. Nos va ayudar a tener la le\u00f1a seca y a trabajar menos, porque el tiempo siempre nos juega en contra para poder secar m\u00e1s. Pero ahora, con este secador, los plazos van a ser m\u00e1s cortos\u201d.<\/p>\n<\/div><\/section><\/div><div  style='height:50px' class='hr hr-invisible   avia-builder-el-6  el_after_av_one_full  el_before_av_social_share '><span class='hr-inner ' ><span class='hr-inner-style'><\/span><\/span><\/div><\/p>\n<div  class='av-social-sharing-box  avia-builder-el-7  el_after_av_hr  el_before_av_hr  '><div class='av-share-box'><h5 class='av-share-link-description av-no-toc '>Compartir esta noticia<\/h5><ul class='av-share-box-list noLightbox'><li class='av-share-link av-social-link-facebook' ><a target=\"_blank\" aria-label=\"Compartir en Facebook\" href='https:\/\/www.facebook.com\/sharer.php?u=https:\/\/radiorevelacionfm.cl\/?p=53317&#038;t=En%20Valle%20Simpson%20inauguran%20proyecto%20pionero%20en%20Chile%20de%20secador%20de%20le%C3%B1a%20con%20sistema%20fotovoltaico' aria-hidden='false' data-av_icon='\ue8f3' data-av_iconfont='entypo-fontello' title='' data-avia-related-tooltip='Compartir en Facebook' rel=\"noopener\"><span class='avia_hidden_link_text'>Compartir en Facebook<\/span><\/a><\/li><li class='av-share-link av-social-link-twitter' ><a target=\"_blank\" aria-label=\"Compartir en Twitter\" href='https:\/\/twitter.com\/share?text=En%20Valle%20Simpson%20inauguran%20proyecto%20pionero%20en%20Chile%20de%20secador%20de%20le%C3%B1a%20con%20sistema%20fotovoltaico&#038;url=https:\/\/radiorevelacionfm.cl\/?p=53317' aria-hidden='false' data-av_icon='\ue8f1' data-av_iconfont='entypo-fontello' title='' data-avia-related-tooltip='Compartir en Twitter' rel=\"noopener\"><span class='avia_hidden_link_text'>Compartir en Twitter<\/span><\/a><\/li><li class='av-share-link av-social-link-whatsapp' ><a target=\"_blank\" aria-label=\"Compartir en Whatsapp\" href='https:\/\/api.whatsapp.com\/send?text=https:\/\/radiorevelacionfm.cl\/?p=53317' aria-hidden='false' data-av_icon='\uf232' data-av_iconfont='entypo-fontello' title='' data-avia-related-tooltip='Compartir en Whatsapp' rel=\"noopener\"><span class='avia_hidden_link_text'>Compartir en Whatsapp<\/span><\/a><\/li><li class='av-share-link av-social-link-linkedin' ><a target=\"_blank\" aria-label=\"Compartir en LinkedIn\" href='https:\/\/linkedin.com\/shareArticle?mini=true&#038;title=En%20Valle%20Simpson%20inauguran%20proyecto%20pionero%20en%20Chile%20de%20secador%20de%20le%C3%B1a%20con%20sistema%20fotovoltaico&#038;url=https:\/\/radiorevelacionfm.cl\/?p=53317' aria-hidden='false' data-av_icon='\ue8fc' data-av_iconfont='entypo-fontello' title='' data-avia-related-tooltip='Compartir en LinkedIn' rel=\"noopener\"><span class='avia_hidden_link_text'>Compartir en LinkedIn<\/span><\/a><\/li><li class='av-share-link av-social-link-mail' ><a  aria-label=\"Compartir por correo\" href='mailto:?subject=En%20Valle%20Simpson%20inauguran%20proyecto%20pionero%20en%20Chile%20de%20secador%20de%20le%C3%B1a%20con%20sistema%20fotovoltaico&#038;body=https:\/\/radiorevelacionfm.cl\/?p=53317' aria-hidden='false' data-av_icon='\ue805' data-av_iconfont='entypo-fontello' title='' data-avia-related-tooltip='Compartir por correo'><span class='avia_hidden_link_text'>Compartir por correo<\/span><\/a><\/li><\/ul><\/div><\/div>\n<div  style='height:50px' class='hr hr-invisible   avia-builder-el-8  el_after_av_social_share  el_before_av_comments_list '><span class='hr-inner ' ><span class='hr-inner-style'><\/span><\/span><\/div>\n<div  class='av-buildercomment  av-blog-meta-html-info-disabled av-blog-meta-tag-disabled  '><\/div>\n","protected":false},"excerpt":{"rendered":"","protected":false},"author":1,"featured_media":53318,"comment_status":"closed","ping_status":"closed","sticky":false,"template":"","format":"standard","meta":{"footnotes":""},"categories":[38],"tags":[],"class_list":["post-53317","post","type-post","status-publish","format-standard","has-post-thumbnail","hentry","category-regional"],"jetpack_featured_media_url":"https:\/\/radiorevelacionfm.cl\/wp-content\/uploads\/2025\/04\/energia1-9-1-1.jpeg","_links":{"self":[{"href":"https:\/\/radiorevelacionfm.cl\/index.php?rest_route=\/wp\/v2\/posts\/53317","targetHints":{"allow":["GET"]}}],"collection":[{"href":"https:\/\/radiorevelacionfm.cl\/index.php?rest_route=\/wp\/v2\/posts"}],"about":[{"href":"https:\/\/radiorevelacionfm.cl\/index.php?rest_route=\/wp\/v2\/types\/post"}],"author":[{"embeddable":true,"href":"https:\/\/radiorevelacionfm.cl\/index.php?rest_route=\/wp\/v2\/users\/1"}],"replies":[{"embeddable":true,"href":"https:\/\/radiorevelacionfm.cl\/index.php?rest_route=%2Fwp%2Fv2%2Fcomments&post=53317"}],"version-history":[{"count":2,"href":"https:\/\/radiorevelacionfm.cl\/index.php?rest_route=\/wp\/v2\/posts\/53317\/revisions"}],"predecessor-version":[{"id":53320,"href":"https:\/\/radiorevelacionfm.cl\/index.php?rest_route=\/wp\/v2\/posts\/53317\/revisions\/53320"}],"wp:featuredmedia":[{"embeddable":true,"href":"https:\/\/radiorevelacionfm.cl\/index.php?rest_route=\/wp\/v2\/media\/53318"}],"wp:attachment":[{"href":"https:\/\/radiorevelacionfm.cl\/index.php?rest_route=%2Fwp%2Fv2%2Fmedia&parent=53317"}],"wp:term":[{"taxonomy":"category","embeddable":true,"href":"https:\/\/radiorevelacionfm.cl\/index.php?rest_route=%2Fwp%2Fv2%2Fcategories&post=53317"},{"taxonomy":"post_tag","embeddable":true,"href":"https:\/\/radiorevelacionfm.cl\/index.php?rest_route=%2Fwp%2Fv2%2Ftags&post=53317"}],"curies":[{"name":"wp","href":"https:\/\/api.w.org\/{rel}","templated":true}]}}