{"id":53313,"date":"2025-04-30T10:04:57","date_gmt":"2025-04-30T13:04:57","guid":{"rendered":"https:\/\/radiorevelacionfm.cl\/?p=53313"},"modified":"2025-04-30T10:04:57","modified_gmt":"2025-04-30T13:04:57","slug":"monitorean-fenomeno-en-bahia-de-aysen-por-posible-presencia-de-microalgas","status":"publish","type":"post","link":"https:\/\/radiorevelacionfm.cl\/?p=53313","title":{"rendered":"Monitorean fen\u00f3meno en bah\u00eda de Ays\u00e9n por posible presencia de microalgas"},"content":{"rendered":"<div class=\"flex_column av_one_full  flex_column_div av-zero-column-padding first  avia-builder-el-0  el_before_av_one_full  avia-builder-el-first  \" style='border-radius:0px; '><div  class='avia-image-container  av-styling-    avia-builder-el-1  avia-builder-el-no-sibling  avia-align-center '  itemprop=\"image\" itemscope=\"itemscope\" itemtype=\"https:\/\/schema.org\/ImageObject\"  ><div class='avia-image-container-inner'><div class='avia-image-overlay-wrap'><img decoding=\"async\" class='wp-image-53314 avia-img-lazy-loading-not-53314 avia_image' src=\"https:\/\/radiorevelacionfm.cl\/wp-content\/uploads\/2025\/04\/47-2-1-1.jpg\" alt='' title='47 (2) (1) (1)' height=\"600\" width=\"1067\"  itemprop=\"thumbnailUrl\" srcset=\"https:\/\/radiorevelacionfm.cl\/wp-content\/uploads\/2025\/04\/47-2-1-1.jpg 1067w, https:\/\/radiorevelacionfm.cl\/wp-content\/uploads\/2025\/04\/47-2-1-1-300x169.jpg 300w, https:\/\/radiorevelacionfm.cl\/wp-content\/uploads\/2025\/04\/47-2-1-1-1030x579.jpg 1030w, https:\/\/radiorevelacionfm.cl\/wp-content\/uploads\/2025\/04\/47-2-1-1-768x432.jpg 768w, https:\/\/radiorevelacionfm.cl\/wp-content\/uploads\/2025\/04\/47-2-1-1-705x396.jpg 705w, https:\/\/radiorevelacionfm.cl\/wp-content\/uploads\/2025\/04\/47-2-1-1-450x253.jpg 450w, https:\/\/radiorevelacionfm.cl\/wp-content\/uploads\/2025\/04\/47-2-1-1-600x337.jpg 600w\" sizes=\"(max-width: 1067px) 100vw, 1067px\" \/><\/div><\/div><\/div><\/div><div class=\"flex_column av_one_full  flex_column_div av-zero-column-padding first  avia-builder-el-2  el_after_av_one_full  el_before_av_one_full  column-top-margin\" style='border-radius:0px; '><section class=\"av_textblock_section \"  itemscope=\"itemscope\" itemtype=\"https:\/\/schema.org\/BlogPosting\" itemprop=\"blogPost\" ><div class='avia_textblock  '   itemprop=\"text\" ><p class=\"v1MsoNormal\" style=\"text-align: center;\" align=\"center\"><strong><span style=\"font-size: 18pt;\">Monitorean fen\u00f3meno en bah\u00eda de Ays\u00e9n por posible presencia de microalgas<\/span><\/strong><\/p>\n<p class=\"v1MsoNormal\"><b>\u00a0<\/b><\/p>\n<div id=\"gtx-trans\" style=\"position: absolute; left: -50px; top: 4.31534px;\">\n<div class=\"gtx-trans-icon\"><\/div>\n<\/div>\n<\/div><\/section><\/div><\/p>\n<div class=\"flex_column av_one_full  flex_column_div av-zero-column-padding first  avia-builder-el-4  el_after_av_one_full  el_before_av_hr  column-top-margin\" style='border-radius:0px; '><section class=\"av_textblock_section \"  itemscope=\"itemscope\" itemtype=\"https:\/\/schema.org\/BlogPosting\" itemprop=\"blogPost\" ><div class='avia_textblock  '   itemprop=\"text\" ><p class=\"v1MsoNormal\" style=\"text-align: justify;\">Tras una alerta recibida por la presencia de una mancha de color rojizo en las aguas de la bah\u00eda de Puerto Chacabuco, funcionarios del Servicio Nacional de Pesca y Acuicultura (Sernapesca) de la regi\u00f3n de Ays\u00e9n, en coordinaci\u00f3n con la Autoridad Mar\u00edtima y la Brigada de Delitos Ambientales de la Polic\u00eda de Investigaciones (BIDEMA), se trasladaron al sector con el objetivo de tomar muestras, determinar el origen y evaluar eventuales implicancias ambientales del fen\u00f3meno.<\/p>\n<p class=\"v1MsoNormal\" style=\"text-align: justify;\">Las primeras observaciones, y en base a eventos anteriores, indican que el evento podr\u00eda tratarse de una floraci\u00f3n algal asociada a la proliferaci\u00f3n de la microalga\u00a0<i>Mesodinium rubrum<\/i>, sin embargo, a\u00fan no se confirma con resultados de las muestras obtenidas. Esta especie puede aumentar significativamente su concentraci\u00f3n bajo condiciones ambientales favorables, como la presencia de nutrientes, radiaci\u00f3n solar, temperatura adecuada y condiciones de viento espec\u00edficas, generando una coloraci\u00f3n rojiza en la columna de agua.<\/p>\n<p class=\"v1MsoNormal\" style=\"text-align: justify;\">Daniela Leiva, directora regional de Sernapesca en Ays\u00e9n, destac\u00f3 que \u00abeste fen\u00f3meno es de car\u00e1cter estacional y ha sido registrado en a\u00f1os anteriores en la misma \u00e1rea, con variaciones en su intensidad. Asimismo, es importante precisar que este tipo de floraci\u00f3n no es nociva, por lo que no representa riesgos para el medio ambiente ni para la salud p\u00fablica\u00bb.<\/p>\n<p class=\"v1MsoNormal\" style=\"text-align: justify;\">Desde la Armada, el Capit\u00e1n de Puerto de Puerto Chacabuco, Sim\u00f3n Stuven coment\u00f3: \u00abJunto a Sernapesca continuaremos monitoreando esta situaci\u00f3n en conjunto y mantendremos informada a la comunidad ante cualquier cambio relevante. Actualmente la bah\u00eda sigue presentando esta coloraci\u00f3n anormal, sin embargo, no hemos recibido reportes de problemas por parte de personal mar\u00edtimo, naves, ni centros de cultivo.<\/p>\n<p class=\"v1MsoNormal\" style=\"text-align: justify;\">Desde Sernapesca y la Autoridad Mar\u00edtima confirmaron que continuar\u00e1n monitoreando la situaci\u00f3n en conjunto con las autoridades competentes y mantendr\u00e1n informada a la comunidad ante cualquier cambio relevante.<\/p>\n<\/div><\/section><\/div>\n<div  style='height:50px' class='hr hr-invisible   avia-builder-el-6  el_after_av_one_full  el_before_av_social_share '><span class='hr-inner ' ><span class='hr-inner-style'><\/span><\/span><\/div>\n<div  class='av-social-sharing-box  avia-builder-el-7  el_after_av_hr  el_before_av_hr  '><div class='av-share-box'><h5 class='av-share-link-description av-no-toc '>Compartir esta noticia<\/h5><ul class='av-share-box-list noLightbox'><li class='av-share-link av-social-link-facebook' ><a target=\"_blank\" aria-label=\"Compartir en Facebook\" href='https:\/\/www.facebook.com\/sharer.php?u=https:\/\/radiorevelacionfm.cl\/?p=53313&#038;t=Monitorean%20fen%C3%B3meno%20en%20bah%C3%ADa%20de%20Ays%C3%A9n%20por%20posible%20presencia%20de%20microalgas' aria-hidden='false' data-av_icon='\ue8f3' data-av_iconfont='entypo-fontello' title='' data-avia-related-tooltip='Compartir en Facebook' rel=\"noopener\"><span class='avia_hidden_link_text'>Compartir en Facebook<\/span><\/a><\/li><li class='av-share-link av-social-link-twitter' ><a target=\"_blank\" aria-label=\"Compartir en Twitter\" href='https:\/\/twitter.com\/share?text=Monitorean%20fen%C3%B3meno%20en%20bah%C3%ADa%20de%20Ays%C3%A9n%20por%20posible%20presencia%20de%20microalgas&#038;url=https:\/\/radiorevelacionfm.cl\/?p=53313' aria-hidden='false' data-av_icon='\ue8f1' data-av_iconfont='entypo-fontello' title='' data-avia-related-tooltip='Compartir en Twitter' rel=\"noopener\"><span class='avia_hidden_link_text'>Compartir en Twitter<\/span><\/a><\/li><li class='av-share-link av-social-link-whatsapp' ><a target=\"_blank\" aria-label=\"Compartir en Whatsapp\" href='https:\/\/api.whatsapp.com\/send?text=https:\/\/radiorevelacionfm.cl\/?p=53313' aria-hidden='false' data-av_icon='\uf232' data-av_iconfont='entypo-fontello' title='' data-avia-related-tooltip='Compartir en Whatsapp' rel=\"noopener\"><span class='avia_hidden_link_text'>Compartir en Whatsapp<\/span><\/a><\/li><li class='av-share-link av-social-link-linkedin' ><a target=\"_blank\" aria-label=\"Compartir en LinkedIn\" href='https:\/\/linkedin.com\/shareArticle?mini=true&#038;title=Monitorean%20fen%C3%B3meno%20en%20bah%C3%ADa%20de%20Ays%C3%A9n%20por%20posible%20presencia%20de%20microalgas&#038;url=https:\/\/radiorevelacionfm.cl\/?p=53313' aria-hidden='false' data-av_icon='\ue8fc' data-av_iconfont='entypo-fontello' title='' data-avia-related-tooltip='Compartir en LinkedIn' rel=\"noopener\"><span class='avia_hidden_link_text'>Compartir en LinkedIn<\/span><\/a><\/li><li class='av-share-link av-social-link-mail' ><a  aria-label=\"Compartir por correo\" href='mailto:?subject=Monitorean%20fen%C3%B3meno%20en%20bah%C3%ADa%20de%20Ays%C3%A9n%20por%20posible%20presencia%20de%20microalgas&#038;body=https:\/\/radiorevelacionfm.cl\/?p=53313' aria-hidden='false' data-av_icon='\ue805' data-av_iconfont='entypo-fontello' title='' data-avia-related-tooltip='Compartir por correo'><span class='avia_hidden_link_text'>Compartir por correo<\/span><\/a><\/li><\/ul><\/div><\/div>\n<div  style='height:50px' class='hr hr-invisible   avia-builder-el-8  el_after_av_social_share  el_before_av_comments_list '><span class='hr-inner ' ><span class='hr-inner-style'><\/span><\/span><\/div>\n<div  class='av-buildercomment  av-blog-meta-html-info-disabled av-blog-meta-tag-disabled  '><\/div>\n","protected":false},"excerpt":{"rendered":"","protected":false},"author":1,"featured_media":53314,"comment_status":"closed","ping_status":"closed","sticky":false,"template":"","format":"standard","meta":{"footnotes":""},"categories":[60],"tags":[],"class_list":["post-53313","post","type-post","status-publish","format-standard","has-post-thumbnail","hentry","category-pesca"],"jetpack_featured_media_url":"https:\/\/radiorevelacionfm.cl\/wp-content\/uploads\/2025\/04\/47-2-1-1.jpg","_links":{"self":[{"href":"https:\/\/radiorevelacionfm.cl\/index.php?rest_route=\/wp\/v2\/posts\/53313","targetHints":{"allow":["GET"]}}],"collection":[{"href":"https:\/\/radiorevelacionfm.cl\/index.php?rest_route=\/wp\/v2\/posts"}],"about":[{"href":"https:\/\/radiorevelacionfm.cl\/index.php?rest_route=\/wp\/v2\/types\/post"}],"author":[{"embeddable":true,"href":"https:\/\/radiorevelacionfm.cl\/index.php?rest_route=\/wp\/v2\/users\/1"}],"replies":[{"embeddable":true,"href":"https:\/\/radiorevelacionfm.cl\/index.php?rest_route=%2Fwp%2Fv2%2Fcomments&post=53313"}],"version-history":[{"count":2,"href":"https:\/\/radiorevelacionfm.cl\/index.php?rest_route=\/wp\/v2\/posts\/53313\/revisions"}],"predecessor-version":[{"id":53316,"href":"https:\/\/radiorevelacionfm.cl\/index.php?rest_route=\/wp\/v2\/posts\/53313\/revisions\/53316"}],"wp:featuredmedia":[{"embeddable":true,"href":"https:\/\/radiorevelacionfm.cl\/index.php?rest_route=\/wp\/v2\/media\/53314"}],"wp:attachment":[{"href":"https:\/\/radiorevelacionfm.cl\/index.php?rest_route=%2Fwp%2Fv2%2Fmedia&parent=53313"}],"wp:term":[{"taxonomy":"category","embeddable":true,"href":"https:\/\/radiorevelacionfm.cl\/index.php?rest_route=%2Fwp%2Fv2%2Fcategories&post=53313"},{"taxonomy":"post_tag","embeddable":true,"href":"https:\/\/radiorevelacionfm.cl\/index.php?rest_route=%2Fwp%2Fv2%2Ftags&post=53313"}],"curies":[{"name":"wp","href":"https:\/\/api.w.org\/{rel}","templated":true}]}}