{"id":53306,"date":"2025-04-30T15:01:16","date_gmt":"2025-04-30T18:01:16","guid":{"rendered":"https:\/\/radiorevelacionfm.cl\/?p=53306"},"modified":"2025-04-30T15:01:16","modified_gmt":"2025-04-30T18:01:16","slug":"edelaysen-fue-parte-de-la-1-feria-de-energia-comunitaria-en-coyhaique-con-atencion-a-clientes-y-stand-interactivo","status":"publish","type":"post","link":"https:\/\/radiorevelacionfm.cl\/?p=53306","title":{"rendered":"Edelaysen fue parte de la 1\u00b0 Feria de Energ\u00eda Comunitaria en Coyhaique con atenci\u00f3n a clientes y stand interactivo"},"content":{"rendered":"<div class=\"flex_column av_one_full  flex_column_div av-zero-column-padding first  avia-builder-el-0  el_before_av_one_full  avia-builder-el-first  \" style='border-radius:0px; '><div  class='avia-image-container  av-styling-    avia-builder-el-1  avia-builder-el-no-sibling  avia-align-center '  itemprop=\"image\" itemscope=\"itemscope\" itemtype=\"https:\/\/schema.org\/ImageObject\"  ><div class='avia-image-container-inner'><div class='avia-image-overlay-wrap'><img decoding=\"async\" class='wp-image-53307 avia-img-lazy-loading-not-53307 avia_image' src=\"https:\/\/radiorevelacionfm.cl\/wp-content\/uploads\/2025\/04\/29_optimized.04.2025-feria-de-energia0-1.jpeg\" alt='' title='29_optimized.04.2025-feria-de-energ\u00eda0-(1)' height=\"600\" width=\"919\"  itemprop=\"thumbnailUrl\" srcset=\"https:\/\/radiorevelacionfm.cl\/wp-content\/uploads\/2025\/04\/29_optimized.04.2025-feria-de-energia0-1.jpeg 919w, https:\/\/radiorevelacionfm.cl\/wp-content\/uploads\/2025\/04\/29_optimized.04.2025-feria-de-energia0-1-300x196.jpeg 300w, https:\/\/radiorevelacionfm.cl\/wp-content\/uploads\/2025\/04\/29_optimized.04.2025-feria-de-energia0-1-768x501.jpeg 768w, https:\/\/radiorevelacionfm.cl\/wp-content\/uploads\/2025\/04\/29_optimized.04.2025-feria-de-energia0-1-705x460.jpeg 705w, https:\/\/radiorevelacionfm.cl\/wp-content\/uploads\/2025\/04\/29_optimized.04.2025-feria-de-energia0-1-450x294.jpeg 450w, https:\/\/radiorevelacionfm.cl\/wp-content\/uploads\/2025\/04\/29_optimized.04.2025-feria-de-energia0-1-600x392.jpeg 600w\" sizes=\"(max-width: 919px) 100vw, 919px\" \/><\/div><\/div><\/div><\/div><div class=\"flex_column av_one_full  flex_column_div av-zero-column-padding first  avia-builder-el-2  el_after_av_one_full  el_before_av_one_full  column-top-margin\" style='border-radius:0px; '><section class=\"av_textblock_section \"  itemscope=\"itemscope\" itemtype=\"https:\/\/schema.org\/BlogPosting\" itemprop=\"blogPost\" ><div class='avia_textblock  '   itemprop=\"text\" ><p style=\"text-align: center;\"><strong><span style=\"font-size: 18pt;\">Edelaysen fue parte de la 1\u00b0 Feria de Energ\u00eda Comunitaria en Coyhaique con atenci\u00f3n a clientes y stand interactivo<\/span><\/strong><\/p>\n<div id=\"gtx-trans\" style=\"position: absolute; left: -50px; top: 4.31534px;\">\n<div class=\"gtx-trans-icon\"><\/div>\n<\/div>\n<\/div><\/section><\/div><div class=\"flex_column av_one_full  flex_column_div av-zero-column-padding first  avia-builder-el-4  el_after_av_one_full  el_before_av_hr  column-top-margin\" style='border-radius:0px; '><section class=\"av_textblock_section \"  itemscope=\"itemscope\" itemtype=\"https:\/\/schema.org\/BlogPosting\" itemprop=\"blogPost\" ><div class='avia_textblock  '   itemprop=\"text\" ><p style=\"text-align: justify;\"><em>La actividad, organizada por la Seremi de Energ\u00eda de Ays\u00e9n junto al Centro CIEP y financiada por el Gobierno Regional de Ays\u00e9n, reuni\u00f3 m\u00e1s de 20 stands y paneles de conversaci\u00f3n abiertos a la comunidad.<\/em><\/p>\n<p style=\"text-align: justify;\">La el\u00e9ctrica fue parte de la 1\u00aa Feria de Energ\u00eda Comunitaria realizada en Coyhaique, evento que se llev\u00f3 a cabo en el Centro Cultural, con el objetivo de acercar los temas energ\u00e9ticos a la comunidad.<\/p>\n<p style=\"text-align: justify;\">La feria, organizada por la Seremi de Energ\u00eda junto al Centro de investigaci\u00f3n de Ecosistemas de la Patagonia (CIEP), cont\u00f3 con la participaci\u00f3n de m\u00e1s de 20 instituciones p\u00fablicas y privadas, generando un espacio de di\u00e1logo abierto sobre el desarrollo energ\u00e9tico de la regi\u00f3n.<\/p>\n<p style=\"text-align: justify;\">El seremi de Energ\u00eda Tom\u00e1s Laibe destac\u00f3 la jornada de manera positiva, agregando qu\u00e9: \u201cEstamos muy contentos con el resultado, tuvimos m\u00e1s de 20 stands funcionando de forma permanente, 15 charlistas y cerca de 300 personas estuvieron presentes durante toda la jornada. Esto no hubiese sido posible sin el patrocinio de empresas como Edelaysen que apoyaron con el desarrollo de esta feria y que nos ayudaron a relevar la importancia de las energ\u00edas renovables con proyectos tan importantes como la Central Fotovoltaica El Blanco, Ampliaci\u00f3n del Parque E\u00f3lico Alto Baguales, y otros proyectos que tiene en cartera la el\u00e9ctrica\u201d.<\/p>\n<p style=\"text-align: justify;\">Durante la jornada, Edelaysen cont\u00f3 con un stand donde ofreci\u00f3 distintos servicios para los asistentes, tales como recarga gratuita de celulares, atenci\u00f3n de consultas y requerimientos de clientes, una inducci\u00f3n sobre el funcionamiento del auto el\u00e9ctrico, adem\u00e1s de informaci\u00f3n sobre el uso de energ\u00edas renovables y proyectos impulsados por la empresa.<\/p>\n<p style=\"text-align: justify;\">Como parte de la actividad, Arturo Coronado, jefe de Proyectos de Generaci\u00f3n de Edelaysen, fue reconocido p\u00fablicamente por su labor y compromiso con el desarrollo regional sustentable, en el marco de su activa participaci\u00f3n en proyectos de energ\u00edas renovables impulsados en Ays\u00e9n.<\/p>\n<p style=\"text-align: justify;\">\u201cParticipar en esta primera Feria de Energ\u00eda Comunitaria en Coyhaique, fue una gran oportunidad para acercarnos a\u00fan m\u00e1s a nuestros clientes y a la comunidad. Nos enorgullece poder compartir el trabajo que realizamos para promover las energ\u00edas renovables y el desarrollo sostenible de la regi\u00f3n. Agradezco sinceramente el reconocimiento recibido, que refleja el compromiso que tenemos como equipo con el futuro energ\u00e9tico de la Regi\u00f3n de Ays\u00e9n. Muchas gracias al Seremi por este reconocimiento\u201d, indic\u00f3 Arturo Coronado de Edelaysen.<\/p>\n<p style=\"text-align: justify;\">Cabe destacar que esta primera versi\u00f3n de la Feria de Energ\u00eda Comunitaria destaca la importancia de promover proyectos de generaci\u00f3n, energ\u00edas renovables no convencionales (ERNC) y el fortalecimiento del v\u00ednculo entre la comunidad y el desarrollo regional.<\/p>\n<\/div><\/section><\/div><div  style='height:50px' class='hr hr-invisible   avia-builder-el-6  el_after_av_one_full  el_before_av_social_share '><span class='hr-inner ' ><span class='hr-inner-style'><\/span><\/span><\/div><\/p>\n<div  class='av-social-sharing-box  avia-builder-el-7  el_after_av_hr  el_before_av_hr  '><div class='av-share-box'><h5 class='av-share-link-description av-no-toc '>Compartir esta noticia<\/h5><ul class='av-share-box-list noLightbox'><li class='av-share-link av-social-link-facebook' ><a target=\"_blank\" aria-label=\"Compartir en Facebook\" href='https:\/\/www.facebook.com\/sharer.php?u=https:\/\/radiorevelacionfm.cl\/?p=53306&#038;t=Edelaysen%20fue%20parte%20de%20la%201%C2%B0%20Feria%20de%20Energ%C3%ADa%20Comunitaria%20en%20Coyhaique%20con%20atenci%C3%B3n%20a%20clientes%20y%20stand%20interactivo' aria-hidden='false' data-av_icon='\ue8f3' data-av_iconfont='entypo-fontello' title='' data-avia-related-tooltip='Compartir en Facebook' rel=\"noopener\"><span class='avia_hidden_link_text'>Compartir en Facebook<\/span><\/a><\/li><li class='av-share-link av-social-link-twitter' ><a target=\"_blank\" aria-label=\"Compartir en Twitter\" href='https:\/\/twitter.com\/share?text=Edelaysen%20fue%20parte%20de%20la%201%C2%B0%20Feria%20de%20Energ%C3%ADa%20Comunitaria%20en%20Coyhaique%20con%20atenci%C3%B3n%20a%20clientes%20y%20stand%20interactivo&#038;url=https:\/\/radiorevelacionfm.cl\/?p=53306' aria-hidden='false' data-av_icon='\ue8f1' data-av_iconfont='entypo-fontello' title='' data-avia-related-tooltip='Compartir en Twitter' rel=\"noopener\"><span class='avia_hidden_link_text'>Compartir en Twitter<\/span><\/a><\/li><li class='av-share-link av-social-link-whatsapp' ><a target=\"_blank\" aria-label=\"Compartir en Whatsapp\" href='https:\/\/api.whatsapp.com\/send?text=https:\/\/radiorevelacionfm.cl\/?p=53306' aria-hidden='false' data-av_icon='\uf232' data-av_iconfont='entypo-fontello' title='' data-avia-related-tooltip='Compartir en Whatsapp' rel=\"noopener\"><span class='avia_hidden_link_text'>Compartir en Whatsapp<\/span><\/a><\/li><li class='av-share-link av-social-link-linkedin' ><a target=\"_blank\" aria-label=\"Compartir en LinkedIn\" href='https:\/\/linkedin.com\/shareArticle?mini=true&#038;title=Edelaysen%20fue%20parte%20de%20la%201%C2%B0%20Feria%20de%20Energ%C3%ADa%20Comunitaria%20en%20Coyhaique%20con%20atenci%C3%B3n%20a%20clientes%20y%20stand%20interactivo&#038;url=https:\/\/radiorevelacionfm.cl\/?p=53306' aria-hidden='false' data-av_icon='\ue8fc' data-av_iconfont='entypo-fontello' title='' data-avia-related-tooltip='Compartir en LinkedIn' rel=\"noopener\"><span class='avia_hidden_link_text'>Compartir en LinkedIn<\/span><\/a><\/li><li class='av-share-link av-social-link-mail' ><a  aria-label=\"Compartir por correo\" href='mailto:?subject=Edelaysen%20fue%20parte%20de%20la%201%C2%B0%20Feria%20de%20Energ%C3%ADa%20Comunitaria%20en%20Coyhaique%20con%20atenci%C3%B3n%20a%20clientes%20y%20stand%20interactivo&#038;body=https:\/\/radiorevelacionfm.cl\/?p=53306' aria-hidden='false' data-av_icon='\ue805' data-av_iconfont='entypo-fontello' title='' data-avia-related-tooltip='Compartir por correo'><span class='avia_hidden_link_text'>Compartir por correo<\/span><\/a><\/li><\/ul><\/div><\/div>\n<div  style='height:50px' class='hr hr-invisible   avia-builder-el-8  el_after_av_social_share  el_before_av_comments_list '><span class='hr-inner ' ><span class='hr-inner-style'><\/span><\/span><\/div>\n<div  class='av-buildercomment  av-blog-meta-html-info-disabled av-blog-meta-tag-disabled  '><\/div>\n","protected":false},"excerpt":{"rendered":"","protected":false},"author":1,"featured_media":53307,"comment_status":"closed","ping_status":"closed","sticky":false,"template":"","format":"standard","meta":{"footnotes":""},"categories":[38],"tags":[],"class_list":["post-53306","post","type-post","status-publish","format-standard","has-post-thumbnail","hentry","category-regional"],"jetpack_featured_media_url":"https:\/\/radiorevelacionfm.cl\/wp-content\/uploads\/2025\/04\/29_optimized.04.2025-feria-de-energia0-1.jpeg","_links":{"self":[{"href":"https:\/\/radiorevelacionfm.cl\/index.php?rest_route=\/wp\/v2\/posts\/53306","targetHints":{"allow":["GET"]}}],"collection":[{"href":"https:\/\/radiorevelacionfm.cl\/index.php?rest_route=\/wp\/v2\/posts"}],"about":[{"href":"https:\/\/radiorevelacionfm.cl\/index.php?rest_route=\/wp\/v2\/types\/post"}],"author":[{"embeddable":true,"href":"https:\/\/radiorevelacionfm.cl\/index.php?rest_route=\/wp\/v2\/users\/1"}],"replies":[{"embeddable":true,"href":"https:\/\/radiorevelacionfm.cl\/index.php?rest_route=%2Fwp%2Fv2%2Fcomments&post=53306"}],"version-history":[{"count":2,"href":"https:\/\/radiorevelacionfm.cl\/index.php?rest_route=\/wp\/v2\/posts\/53306\/revisions"}],"predecessor-version":[{"id":53337,"href":"https:\/\/radiorevelacionfm.cl\/index.php?rest_route=\/wp\/v2\/posts\/53306\/revisions\/53337"}],"wp:featuredmedia":[{"embeddable":true,"href":"https:\/\/radiorevelacionfm.cl\/index.php?rest_route=\/wp\/v2\/media\/53307"}],"wp:attachment":[{"href":"https:\/\/radiorevelacionfm.cl\/index.php?rest_route=%2Fwp%2Fv2%2Fmedia&parent=53306"}],"wp:term":[{"taxonomy":"category","embeddable":true,"href":"https:\/\/radiorevelacionfm.cl\/index.php?rest_route=%2Fwp%2Fv2%2Fcategories&post=53306"},{"taxonomy":"post_tag","embeddable":true,"href":"https:\/\/radiorevelacionfm.cl\/index.php?rest_route=%2Fwp%2Fv2%2Ftags&post=53306"}],"curies":[{"name":"wp","href":"https:\/\/api.w.org\/{rel}","templated":true}]}}