{"id":53301,"date":"2025-04-30T18:01:24","date_gmt":"2025-04-30T21:01:24","guid":{"rendered":"https:\/\/radiorevelacionfm.cl\/?p=53301"},"modified":"2025-04-30T18:01:24","modified_gmt":"2025-04-30T21:01:24","slug":"reafirman-compromiso-en-la-celeridad-de-proyectos-estrategicos-en-la-comuna-de-cochrane","status":"publish","type":"post","link":"https:\/\/radiorevelacionfm.cl\/?p=53301","title":{"rendered":"Reafirman compromiso en la celeridad de proyectos estrat\u00e9gicos en la comuna de Cochrane"},"content":{"rendered":"<div class=\"flex_column av_one_full  flex_column_div av-zero-column-padding first  avia-builder-el-0  el_before_av_one_full  avia-builder-el-first  \" style='border-radius:0px; '><div  class='avia-image-container  av-styling-    avia-builder-el-1  avia-builder-el-no-sibling  avia-align-center '  itemprop=\"image\" itemscope=\"itemscope\" itemtype=\"https:\/\/schema.org\/ImageObject\"  ><div class='avia-image-container-inner'><div class='avia-image-overlay-wrap'><img decoding=\"async\" class='wp-image-53302 avia-img-lazy-loading-not-53302 avia_image' src=\"https:\/\/radiorevelacionfm.cl\/wp-content\/uploads\/2025\/04\/GOBERNADOR_ALCALDE-DE-COCHRANE-1-1-1.jpg\" alt='' title='GOBERNADOR_ALCALDE DE COCHRANE (1) (1) (1)' height=\"600\" width=\"900\"  itemprop=\"thumbnailUrl\" srcset=\"https:\/\/radiorevelacionfm.cl\/wp-content\/uploads\/2025\/04\/GOBERNADOR_ALCALDE-DE-COCHRANE-1-1-1.jpg 900w, https:\/\/radiorevelacionfm.cl\/wp-content\/uploads\/2025\/04\/GOBERNADOR_ALCALDE-DE-COCHRANE-1-1-1-300x200.jpg 300w, https:\/\/radiorevelacionfm.cl\/wp-content\/uploads\/2025\/04\/GOBERNADOR_ALCALDE-DE-COCHRANE-1-1-1-768x512.jpg 768w, https:\/\/radiorevelacionfm.cl\/wp-content\/uploads\/2025\/04\/GOBERNADOR_ALCALDE-DE-COCHRANE-1-1-1-705x470.jpg 705w, https:\/\/radiorevelacionfm.cl\/wp-content\/uploads\/2025\/04\/GOBERNADOR_ALCALDE-DE-COCHRANE-1-1-1-450x300.jpg 450w, https:\/\/radiorevelacionfm.cl\/wp-content\/uploads\/2025\/04\/GOBERNADOR_ALCALDE-DE-COCHRANE-1-1-1-600x400.jpg 600w\" sizes=\"(max-width: 900px) 100vw, 900px\" \/><\/div><\/div><\/div><\/div><div class=\"flex_column av_one_full  flex_column_div av-zero-column-padding first  avia-builder-el-2  el_after_av_one_full  el_before_av_one_full  column-top-margin\" style='border-radius:0px; '><section class=\"av_textblock_section \"  itemscope=\"itemscope\" itemtype=\"https:\/\/schema.org\/BlogPosting\" itemprop=\"blogPost\" ><div class='avia_textblock  '   itemprop=\"text\" ><p style=\"text-align: center;\"><strong><span style=\"font-size: 18pt;\">Reafirman compromiso en la celeridad de proyectos estrat\u00e9gicos en la comuna de Cochrane<\/span><\/strong><\/p>\n<div id=\"gtx-trans\" style=\"position: absolute; left: -50px; top: 4.31534px;\">\n<div class=\"gtx-trans-icon\"><\/div>\n<\/div>\n<\/div><\/section><\/div><div class=\"flex_column av_one_full  flex_column_div av-zero-column-padding first  avia-builder-el-4  el_after_av_one_full  el_before_av_hr  column-top-margin\" style='border-radius:0px; '><section class=\"av_textblock_section \"  itemscope=\"itemscope\" itemtype=\"https:\/\/schema.org\/BlogPosting\" itemprop=\"blogPost\" ><div class='avia_textblock  '   itemprop=\"text\" ><p style=\"text-align: justify;\">El alcalde de Cochrane,\u00a0Patricio Ulloa Georgia, junto al Gobernador Regional de Ays\u00e9n,\u00a0Marcelo Santana, y el equipo t\u00e9cnico del Gobierno Regional de Ays\u00e9n, sostuvieron un importante encuentro enfocado en acelerar los proyectos estrat\u00e9gicos para la comuna, con especial \u00e9nfasis en la\u00a0reactivaci\u00f3n econ\u00f3mica\u00a0y el desarrollo sostenible de la\u00a0Provincia Capit\u00e1n Prat.<\/p>\n<p style=\"text-align: justify;\">En la cita, donde participaron jefes de las divisiones del Gobierno Regional de Ays\u00e9n, se abord\u00f3 con especial preocupaci\u00f3n el lento avance del Ex Plan de Zonas de Rezago, que tras casi cinco a\u00f1os de implementaci\u00f3n a\u00fan no logra traducirse en obras concretas que impacten positivamente a las comunidades.<\/p>\n<p style=\"text-align: justify;\">Desde la Municipalidad de Cochrane, se mantiene la firme convicci\u00f3n de que acelerar la ejecuci\u00f3n de estos proyectos es clave para activar la econom\u00eda local, mejorar la calidad de vida de los vecinos, e impulsar a Cochrane como referente de desarrollo y puerta de entrada a la provincia de los glaciares.<\/p>\n<p style=\"text-align: justify;\">\u00abEstamos preocupados porque necesitamos avanzar. Al iniciar nuestro per\u00edodo, hemos sostenido que Cochrane requiere que las iniciativas comprometidas se desarrollen, y desde la Municipalidad estamos actuando con rapidez, aportando t\u00e9cnicamente para destrabar estos proyectos\u00bb,\u00a0expres\u00f3 el alcalde Patricio Ulloa Georgia.<\/p>\n<p style=\"text-align: justify;\">En este sentido, se solicit\u00f3 al Gobernador priorizar y acelerar proyectos esenciales como el nuevo Plan Regulador, el Programa de Fomento Productivo y Turismo, y la ejecuci\u00f3n de infraestructura p\u00fablica de acceso al Glaciar Cayuqueo, todas iniciativas incluidas en el ex Plan de Rezago.<\/p>\n<p style=\"text-align: justify;\">Cabe destacar que este plan fue construido junto a la comunidad, proyectando soluciones concretas a 8 a\u00f1os, pero actualmente presenta un bajo nivel de avance. Esto ha generado preocupaci\u00f3n, motivo por el cual desde la Municipalidad se asume el compromiso de liderar con fuerza su implementaci\u00f3n, en coordinaci\u00f3n con las unidades t\u00e9cnicas correspondientes.<\/p>\n<p style=\"text-align: justify;\">Sin embargo, existe una cr\u00edtica especial al poco involucramiento de los servicios p\u00fablicos del Estado, y al bajo compromiso mostrado por parte de estos organismos para poner este tema como prioridad. \u00abNecesitamos que todos los actores del Estado se involucren de verdad. No basta con reuniones, necesitamos acci\u00f3n concreta y voluntad pol\u00edtica para llevar adelante lo que la comunidad defini\u00f3 como urgente y necesario\u00bb, agreg\u00f3 el alcalde Ulloa Georgia.<\/p>\n<p style=\"text-align: justify;\">Por su parte, el Gobernador regional\u00a0Marcelo Santana Vargas\u00a0reafirm\u00f3 su compromiso:\u00a0\u00abSabemos como Gobierno Regional de Ays\u00e9n lo importante que es para Cochrane contar con proyectos que no solo generen empleo, sino que ayuden a cambiar la calidad de vida de las personas y as\u00ed lo ha hecho saber su alcalde. Vamos a fortalecer los equipos t\u00e9cnicos, seguir avanzando con celeridad en iniciativas que beneficien a todo el sur de nuestra regi\u00f3n y as\u00ed asegurar que los proyectos avancen y se concreten. La reactivaci\u00f3n econ\u00f3mica insistimos, no pueden esperar, por lo tanto, hay que poner el m\u00e1ximo de premura, el m\u00e1ximo de velocidad, el m\u00e1ximo de compromiso en los equipo para que la gente vea que las cosas se concretan durante nuestra administraci\u00f3n.\u00bb<\/p>\n<p style=\"text-align: justify;\">Otro de los temas destacados fue la licitaci\u00f3n del\u00a0Centro de Gesti\u00f3n de Residuos S\u00f3lidos Cochrane &#8211; Tortel, un proyecto vanguardista que se posiciona como uno de los m\u00e1s innovadores a nivel regional y nacional. Esta iniciativa, que se desarrollar\u00e1 en Cochrane, busca dotar a la provincia de una infraestructura moderna para el manejo de residuos, a la altura de los est\u00e1ndares de pa\u00edses desarrollados.<\/p>\n<p style=\"text-align: justify;\">\u00abEstamos hablando de un proyecto que marcar\u00e1 un antes y un despu\u00e9s en la gesti\u00f3n ambiental de nuestra regi\u00f3n. Un proyecto que se encuentra en licitaci\u00f3n, pero como han pasado los a\u00f1os queremos saber cu\u00e1l ser\u00e1 su costo real y comprometerlo a trav\u00e9s del Gobierno Regional, asegurando financiamiento y comprometernos para llevarlo adelante. Es un hito para Cochrane, y para toda la regi\u00f3n de Ays\u00e9n, inclusive Chile\u00bb,\u00a0agreg\u00f3 el alcalde Patricio Ulloa Georgia.<\/p>\n<p style=\"text-align: justify;\">Durante la reuni\u00f3n tambi\u00e9n se abordaron materias como la\u00a0oferta program\u00e1tica de subsidios, el fortalecimiento del\u00a0fomento productivo, la mejora de\u00a0\u00e1reas verdes como el proyecto emblem\u00e1tico del primer Parque Urbano de Cochrane, y el impulso a programas sociales como el de\u00a0Apoyo a Cuidadores, todos fundamentales para una reactivaci\u00f3n que alcance tanto el desarrollo econ\u00f3mico como el bienestar social.<\/p>\n<p style=\"text-align: justify;\">Ambas autoridades coincidieron en que\u00a0la reactivaci\u00f3n econ\u00f3mica\u00a0debe ser inmediata, visible y con impactos reales en las comunidades. Cochrane, por su ubicaci\u00f3n estrat\u00e9gica y su rol como entrada a la\u00a0Provincia Capit\u00e1n Prat, debe liderar este proceso con proyectos emblem\u00e1ticos y soluciones concretas.<\/p>\n<\/div><\/section><\/div><div  style='height:50px' class='hr hr-invisible   avia-builder-el-6  el_after_av_one_full  el_before_av_social_share '><span class='hr-inner ' ><span class='hr-inner-style'><\/span><\/span><\/div><\/p>\n<div  class='av-social-sharing-box  avia-builder-el-7  el_after_av_hr  el_before_av_hr  '><div class='av-share-box'><h5 class='av-share-link-description av-no-toc '>Compartir esta noticia<\/h5><ul class='av-share-box-list noLightbox'><li class='av-share-link av-social-link-facebook' ><a target=\"_blank\" aria-label=\"Compartir en Facebook\" href='https:\/\/www.facebook.com\/sharer.php?u=https:\/\/radiorevelacionfm.cl\/?p=53301&#038;t=Reafirman%20compromiso%20en%20la%20celeridad%20de%20proyectos%20estrat%C3%A9gicos%20en%20la%20comuna%20de%20Cochrane' aria-hidden='false' data-av_icon='\ue8f3' data-av_iconfont='entypo-fontello' title='' data-avia-related-tooltip='Compartir en Facebook' rel=\"noopener\"><span class='avia_hidden_link_text'>Compartir en Facebook<\/span><\/a><\/li><li class='av-share-link av-social-link-twitter' ><a target=\"_blank\" aria-label=\"Compartir en Twitter\" href='https:\/\/twitter.com\/share?text=Reafirman%20compromiso%20en%20la%20celeridad%20de%20proyectos%20estrat%C3%A9gicos%20en%20la%20comuna%20de%20Cochrane&#038;url=https:\/\/radiorevelacionfm.cl\/?p=53301' aria-hidden='false' data-av_icon='\ue8f1' data-av_iconfont='entypo-fontello' title='' data-avia-related-tooltip='Compartir en Twitter' rel=\"noopener\"><span class='avia_hidden_link_text'>Compartir en Twitter<\/span><\/a><\/li><li class='av-share-link av-social-link-whatsapp' ><a target=\"_blank\" aria-label=\"Compartir en Whatsapp\" href='https:\/\/api.whatsapp.com\/send?text=https:\/\/radiorevelacionfm.cl\/?p=53301' aria-hidden='false' data-av_icon='\uf232' data-av_iconfont='entypo-fontello' title='' data-avia-related-tooltip='Compartir en Whatsapp' rel=\"noopener\"><span class='avia_hidden_link_text'>Compartir en Whatsapp<\/span><\/a><\/li><li class='av-share-link av-social-link-linkedin' ><a target=\"_blank\" aria-label=\"Compartir en LinkedIn\" href='https:\/\/linkedin.com\/shareArticle?mini=true&#038;title=Reafirman%20compromiso%20en%20la%20celeridad%20de%20proyectos%20estrat%C3%A9gicos%20en%20la%20comuna%20de%20Cochrane&#038;url=https:\/\/radiorevelacionfm.cl\/?p=53301' aria-hidden='false' data-av_icon='\ue8fc' data-av_iconfont='entypo-fontello' title='' data-avia-related-tooltip='Compartir en LinkedIn' rel=\"noopener\"><span class='avia_hidden_link_text'>Compartir en LinkedIn<\/span><\/a><\/li><li class='av-share-link av-social-link-mail' ><a  aria-label=\"Compartir por correo\" href='mailto:?subject=Reafirman%20compromiso%20en%20la%20celeridad%20de%20proyectos%20estrat%C3%A9gicos%20en%20la%20comuna%20de%20Cochrane&#038;body=https:\/\/radiorevelacionfm.cl\/?p=53301' aria-hidden='false' data-av_icon='\ue805' data-av_iconfont='entypo-fontello' title='' data-avia-related-tooltip='Compartir por correo'><span class='avia_hidden_link_text'>Compartir por correo<\/span><\/a><\/li><\/ul><\/div><\/div>\n<div  style='height:50px' class='hr hr-invisible   avia-builder-el-8  el_after_av_social_share  el_before_av_comments_list '><span class='hr-inner ' ><span class='hr-inner-style'><\/span><\/span><\/div>\n<div  class='av-buildercomment  av-blog-meta-html-info-disabled av-blog-meta-tag-disabled  '><\/div>\n","protected":false},"excerpt":{"rendered":"","protected":false},"author":1,"featured_media":53302,"comment_status":"closed","ping_status":"closed","sticky":false,"template":"","format":"standard","meta":{"footnotes":""},"categories":[38],"tags":[],"class_list":["post-53301","post","type-post","status-publish","format-standard","has-post-thumbnail","hentry","category-regional"],"jetpack_featured_media_url":"https:\/\/radiorevelacionfm.cl\/wp-content\/uploads\/2025\/04\/GOBERNADOR_ALCALDE-DE-COCHRANE-1-1-1.jpg","_links":{"self":[{"href":"https:\/\/radiorevelacionfm.cl\/index.php?rest_route=\/wp\/v2\/posts\/53301","targetHints":{"allow":["GET"]}}],"collection":[{"href":"https:\/\/radiorevelacionfm.cl\/index.php?rest_route=\/wp\/v2\/posts"}],"about":[{"href":"https:\/\/radiorevelacionfm.cl\/index.php?rest_route=\/wp\/v2\/types\/post"}],"author":[{"embeddable":true,"href":"https:\/\/radiorevelacionfm.cl\/index.php?rest_route=\/wp\/v2\/users\/1"}],"replies":[{"embeddable":true,"href":"https:\/\/radiorevelacionfm.cl\/index.php?rest_route=%2Fwp%2Fv2%2Fcomments&post=53301"}],"version-history":[{"count":2,"href":"https:\/\/radiorevelacionfm.cl\/index.php?rest_route=\/wp\/v2\/posts\/53301\/revisions"}],"predecessor-version":[{"id":53374,"href":"https:\/\/radiorevelacionfm.cl\/index.php?rest_route=\/wp\/v2\/posts\/53301\/revisions\/53374"}],"wp:featuredmedia":[{"embeddable":true,"href":"https:\/\/radiorevelacionfm.cl\/index.php?rest_route=\/wp\/v2\/media\/53302"}],"wp:attachment":[{"href":"https:\/\/radiorevelacionfm.cl\/index.php?rest_route=%2Fwp%2Fv2%2Fmedia&parent=53301"}],"wp:term":[{"taxonomy":"category","embeddable":true,"href":"https:\/\/radiorevelacionfm.cl\/index.php?rest_route=%2Fwp%2Fv2%2Fcategories&post=53301"},{"taxonomy":"post_tag","embeddable":true,"href":"https:\/\/radiorevelacionfm.cl\/index.php?rest_route=%2Fwp%2Fv2%2Ftags&post=53301"}],"curies":[{"name":"wp","href":"https:\/\/api.w.org\/{rel}","templated":true}]}}