{"id":53298,"date":"2025-04-29T18:57:38","date_gmt":"2025-04-29T21:57:38","guid":{"rendered":"https:\/\/radiorevelacionfm.cl\/?p=53298"},"modified":"2025-04-29T18:57:38","modified_gmt":"2025-04-29T21:57:38","slug":"detienen-a-presunto-autor-de-robos-ocurridos-a-establecimientos-educacionales-en-puerto-aysen","status":"publish","type":"post","link":"https:\/\/radiorevelacionfm.cl\/?p=53298","title":{"rendered":"Detienen a presunto autor de robos ocurridos a establecimientos educacionales en Puerto Ays\u00e9n"},"content":{"rendered":"<div class=\"flex_column av_one_full  flex_column_div av-zero-column-padding first  avia-builder-el-0  el_before_av_one_full  avia-builder-el-first  \" style='border-radius:0px; '><div  class='avia-image-container  av-styling-    avia-builder-el-1  avia-builder-el-no-sibling  avia-align-center '  itemprop=\"image\" itemscope=\"itemscope\" itemtype=\"https:\/\/schema.org\/ImageObject\"  ><div class='avia-image-container-inner'><div class='avia-image-overlay-wrap'><img decoding=\"async\" class='wp-image-32379 avia-img-lazy-loading-not-32379 avia_image' src=\"https:\/\/radiorevelacionfm.cl\/wp-content\/uploads\/2023\/06\/pdi-aysen-1-1_optimized.jpeg\" alt='' title='pdi-aysen-1-(1)_optimized' height=\"600\" width=\"900\"  itemprop=\"thumbnailUrl\" srcset=\"https:\/\/radiorevelacionfm.cl\/wp-content\/uploads\/2023\/06\/pdi-aysen-1-1_optimized.jpeg 900w, https:\/\/radiorevelacionfm.cl\/wp-content\/uploads\/2023\/06\/pdi-aysen-1-1_optimized-300x200.jpeg 300w, https:\/\/radiorevelacionfm.cl\/wp-content\/uploads\/2023\/06\/pdi-aysen-1-1_optimized-768x512.jpeg 768w, https:\/\/radiorevelacionfm.cl\/wp-content\/uploads\/2023\/06\/pdi-aysen-1-1_optimized-705x470.jpeg 705w, https:\/\/radiorevelacionfm.cl\/wp-content\/uploads\/2023\/06\/pdi-aysen-1-1_optimized-450x300.jpeg 450w, https:\/\/radiorevelacionfm.cl\/wp-content\/uploads\/2023\/06\/pdi-aysen-1-1_optimized-600x400.jpeg 600w\" sizes=\"(max-width: 900px) 100vw, 900px\" \/><\/div><\/div><\/div><\/div><div class=\"flex_column av_one_full  flex_column_div av-zero-column-padding first  avia-builder-el-2  el_after_av_one_full  el_before_av_one_full  column-top-margin\" style='border-radius:0px; '><section class=\"av_textblock_section \"  itemscope=\"itemscope\" itemtype=\"https:\/\/schema.org\/BlogPosting\" itemprop=\"blogPost\" ><div class='avia_textblock  '   itemprop=\"text\" ><p style=\"text-align: center;\"><strong><span style=\"font-size: 18pt;\">Detienen a presunto autor de robos ocurridos a establecimientos educacionales en Puerto Ays\u00e9n<\/span><\/strong><\/p>\n<div id=\"gtx-trans\" style=\"position: absolute; left: -50px; top: 4.31534px;\">\n<div class=\"gtx-trans-icon\"><\/div>\n<\/div>\n<\/div><\/section><\/div><div class=\"flex_column av_one_full  flex_column_div av-zero-column-padding first  avia-builder-el-4  el_after_av_one_full  el_before_av_hr  column-top-margin\" style='border-radius:0px; '><section class=\"av_textblock_section \"  itemscope=\"itemscope\" itemtype=\"https:\/\/schema.org\/BlogPosting\" itemprop=\"blogPost\" ><div class='avia_textblock  '   itemprop=\"text\" ><p style=\"text-align: justify;\">Detectives de la Brigada de Investigaci\u00f3n Criminal Ays\u00e9n (Bicrim Ays\u00e9n), en un trabajo conjunto con el Ministerio P\u00fablico, lograron la detenci\u00f3n de una persona, de 22 a\u00f1os de edad, qui\u00e9n ser\u00eda el presunto autor de una serie de robos ocurridos durante este mes en diferentes establecimientos educacionales de Puerto Ays\u00e9n.<\/p>\n<p style=\"text-align: justify;\">El prefecto inspector Javier Valenzuela Riquelme, jefe de la Regi\u00f3n Policial de Ays\u00e9n, coment\u00f3 que, esta diligencia inicia por una serie de delitos ocurridos entre el 13 y 27 de abril, es por esto que, \u201cA partir de ah\u00ed se hizo un trabajo investigativo, dirigido por el Ministerio P\u00fablico de Ays\u00e9n, lo que nos permiti\u00f3 determinar, en base al conocimiento, a la evidencia cient\u00edfica y al levantamiento criminal\u00edstico, la existencia de una persona, un sujeto de inter\u00e9s, que estaba detr\u00e1s de estos robos. Principalmente el <em>modus operandi<\/em> de esta persona es radicado en ingresar bajo la fuerza de estos establecimientos y sustraer algunas especies, entre alimentos perecibles, electrodom\u00e9sticos, art\u00edculos electr\u00f3nicos, computadores, tel\u00e9fonos, incluso una impresora 3D. A partir de all\u00ed se entreg\u00f3 a lo antecedente del sujeto de inter\u00e9s al Ministerio P\u00fablico, quienes tramitan en una orden de detenci\u00f3n en contra del sujeto, resultando detenido el d\u00eda de ayer.\u201d<\/p>\n<p style=\"text-align: justify;\">Por su parte el fiscal adjunto de Puerto Ays\u00e9n, Fernando Pino, explic\u00f3 que \u201choy se puso a disposici\u00f3n del Tribunal de Garant\u00eda de Ays\u00e9n a un imputado por su participaci\u00f3n en siete delitos, seis delitos de robo en lugares no habitados, en el Liceo San Jos\u00e9, Litoral Austral, colegio Gabriela Mistral y colegio Santa Teresa y un robo con intimidaci\u00f3n que sucedi\u00f3 tambi\u00e9n en el Colegio Santa Teresa\u201d.<\/p>\n<p style=\"text-align: justify;\">El persecutor penal a\u00f1adi\u00f3 que \u201cse rindi\u00f3 la prueba recabada por el BICRIM de Ays\u00e9n junto con la BIRO de Coyhaique y el tribunal tuvo por legal la detenci\u00f3n. Se formaliz\u00f3 la investigaci\u00f3n por estos delitos y se estableci\u00f3 la participaci\u00f3n del imputado como la existencia de dichos delitos y por lo tanto se decret\u00f3 la medida cautelar\u201d.<\/p>\n<p style=\"text-align: justify;\">El fiscal Pino precis\u00f3 que \u201crespecto del imputado, actualmente est\u00e1 sometido a la medida cautelar de prisi\u00f3n preventiva decretada por el Tribunal y un plazo de investigaci\u00f3n de 60 d\u00edas. Es importante se\u00f1alar que el imputado manten\u00eda una orden de detenci\u00f3n vigente por el Juzgado de Garant\u00eda que fue emitida el mismo d\u00eda de ayer por causa diversa\u201d.<\/p>\n<p style=\"text-align: justify;\">Sobre el imputado de 22 a\u00f1os, \u201cse encontraba cumpliendo una pena en libertad, de libertad vigilada intensiva por su participaci\u00f3n en hurtos reiterados\u201d, dijo el fiscal Pino. \u201cLa polic\u00eda realiz\u00f3 un muy buen trabajo pudiendo vincular todos los robos denunciados, con la participaci\u00f3n del imputado hoy formalizado\u201d, finaliz\u00f3 el abogado.<\/p>\n<p style=\"text-align: justify;\">Desde el la Seremi de Seguridad y de Gobierno agradecieron el trabajo realizado por ambas instituciones enfatizando en la rapidez y profesionalismo para dar con este resultado. \u201cAntes que nada felicitar el actuar profesional de la PDI que bajo la direcci\u00f3n del Ministerio P\u00fablico dio soluci\u00f3n a cuatro v\u00edctimas de siete hechos policiales, en este caso estamos hablando de v\u00edctimas no menos importantes, son cuatro colegios(\u2026) relevar la importancia de una investigaci\u00f3n r\u00e1pida, diez d\u00edas de investigaci\u00f3n para lograr una soluci\u00f3n a v\u00edctimas muy importantes y en ese sentido insistir en que el profesionalismo y la rapidez que demuestra esta causa tambi\u00e9n nos puede dar la tranquilidad de dar una r\u00e1pida soluci\u00f3n a todos estos casos policiales\u201d, expres\u00f3 la seremi de Seguridad Ruth Vallejos Cuiti\u00f1o. Por otro lado, adem\u00e1s, la seremi de Gobierno \u00darsula Mix Jim\u00e9nez expres\u00f3 que, \u201cEran espacios escolares, espacios donde nuestros ni\u00f1os y ni\u00f1as van. Esto afect\u00f3 la continuidad de las clases, por ejemplo. Afect\u00f3 tambi\u00e9n la alimentaci\u00f3n de nuestros alumnos, por lo tanto, igual fueron hechos graves que afectaron a la comunidad. Y vimos ac\u00e1, con la eficiencia que la polic\u00eda actu\u00f3, y agradecemos esta actuar, y esperamos que eso se siga manteniendo en el tiempo.(\u2026) Le podemos dar la tranquilidad a la comunidad que estamos trabajando para ustedes, y es que estamos cuid\u00e1ndolos de buena manera.\u201d<\/p>\n<\/div><\/section><\/div><div  style='height:50px' class='hr hr-invisible   avia-builder-el-6  el_after_av_one_full  el_before_av_social_share '><span class='hr-inner ' ><span class='hr-inner-style'><\/span><\/span><\/div><\/p>\n<div  class='av-social-sharing-box  avia-builder-el-7  el_after_av_hr  el_before_av_hr  '><div class='av-share-box'><h5 class='av-share-link-description av-no-toc '>Compartir esta noticia<\/h5><ul class='av-share-box-list noLightbox'><li class='av-share-link av-social-link-facebook' ><a target=\"_blank\" aria-label=\"Compartir en Facebook\" href='https:\/\/www.facebook.com\/sharer.php?u=https:\/\/radiorevelacionfm.cl\/?p=53298&#038;t=Detienen%20a%20presunto%20autor%20de%20robos%20ocurridos%20a%20establecimientos%20educacionales%20en%20Puerto%20Ays%C3%A9n' aria-hidden='false' data-av_icon='\ue8f3' data-av_iconfont='entypo-fontello' title='' data-avia-related-tooltip='Compartir en Facebook' rel=\"noopener\"><span class='avia_hidden_link_text'>Compartir en Facebook<\/span><\/a><\/li><li class='av-share-link av-social-link-twitter' ><a target=\"_blank\" aria-label=\"Compartir en Twitter\" href='https:\/\/twitter.com\/share?text=Detienen%20a%20presunto%20autor%20de%20robos%20ocurridos%20a%20establecimientos%20educacionales%20en%20Puerto%20Ays%C3%A9n&#038;url=https:\/\/radiorevelacionfm.cl\/?p=53298' aria-hidden='false' data-av_icon='\ue8f1' data-av_iconfont='entypo-fontello' title='' data-avia-related-tooltip='Compartir en Twitter' rel=\"noopener\"><span class='avia_hidden_link_text'>Compartir en Twitter<\/span><\/a><\/li><li class='av-share-link av-social-link-whatsapp' ><a target=\"_blank\" aria-label=\"Compartir en Whatsapp\" href='https:\/\/api.whatsapp.com\/send?text=https:\/\/radiorevelacionfm.cl\/?p=53298' aria-hidden='false' data-av_icon='\uf232' data-av_iconfont='entypo-fontello' title='' data-avia-related-tooltip='Compartir en Whatsapp' rel=\"noopener\"><span class='avia_hidden_link_text'>Compartir en Whatsapp<\/span><\/a><\/li><li class='av-share-link av-social-link-linkedin' ><a target=\"_blank\" aria-label=\"Compartir en LinkedIn\" href='https:\/\/linkedin.com\/shareArticle?mini=true&#038;title=Detienen%20a%20presunto%20autor%20de%20robos%20ocurridos%20a%20establecimientos%20educacionales%20en%20Puerto%20Ays%C3%A9n&#038;url=https:\/\/radiorevelacionfm.cl\/?p=53298' aria-hidden='false' data-av_icon='\ue8fc' data-av_iconfont='entypo-fontello' title='' data-avia-related-tooltip='Compartir en LinkedIn' rel=\"noopener\"><span class='avia_hidden_link_text'>Compartir en LinkedIn<\/span><\/a><\/li><li class='av-share-link av-social-link-mail' ><a  aria-label=\"Compartir por correo\" href='mailto:?subject=Detienen%20a%20presunto%20autor%20de%20robos%20ocurridos%20a%20establecimientos%20educacionales%20en%20Puerto%20Ays%C3%A9n&#038;body=https:\/\/radiorevelacionfm.cl\/?p=53298' aria-hidden='false' data-av_icon='\ue805' data-av_iconfont='entypo-fontello' title='' data-avia-related-tooltip='Compartir por correo'><span class='avia_hidden_link_text'>Compartir por correo<\/span><\/a><\/li><\/ul><\/div><\/div>\n<div  style='height:50px' class='hr hr-invisible   avia-builder-el-8  el_after_av_social_share  el_before_av_comments_list '><span class='hr-inner ' ><span class='hr-inner-style'><\/span><\/span><\/div>\n<div  class='av-buildercomment  av-blog-meta-html-info-disabled av-blog-meta-tag-disabled  '><\/div>\n","protected":false},"excerpt":{"rendered":"","protected":false},"author":1,"featured_media":32379,"comment_status":"closed","ping_status":"closed","sticky":false,"template":"","format":"standard","meta":{"footnotes":""},"categories":[36],"tags":[],"class_list":["post-53298","post","type-post","status-publish","format-standard","has-post-thumbnail","hentry","category-policial"],"jetpack_featured_media_url":"https:\/\/radiorevelacionfm.cl\/wp-content\/uploads\/2023\/06\/pdi-aysen-1-1_optimized.jpeg","_links":{"self":[{"href":"https:\/\/radiorevelacionfm.cl\/index.php?rest_route=\/wp\/v2\/posts\/53298","targetHints":{"allow":["GET"]}}],"collection":[{"href":"https:\/\/radiorevelacionfm.cl\/index.php?rest_route=\/wp\/v2\/posts"}],"about":[{"href":"https:\/\/radiorevelacionfm.cl\/index.php?rest_route=\/wp\/v2\/types\/post"}],"author":[{"embeddable":true,"href":"https:\/\/radiorevelacionfm.cl\/index.php?rest_route=\/wp\/v2\/users\/1"}],"replies":[{"embeddable":true,"href":"https:\/\/radiorevelacionfm.cl\/index.php?rest_route=%2Fwp%2Fv2%2Fcomments&post=53298"}],"version-history":[{"count":2,"href":"https:\/\/radiorevelacionfm.cl\/index.php?rest_route=\/wp\/v2\/posts\/53298\/revisions"}],"predecessor-version":[{"id":53300,"href":"https:\/\/radiorevelacionfm.cl\/index.php?rest_route=\/wp\/v2\/posts\/53298\/revisions\/53300"}],"wp:featuredmedia":[{"embeddable":true,"href":"https:\/\/radiorevelacionfm.cl\/index.php?rest_route=\/wp\/v2\/media\/32379"}],"wp:attachment":[{"href":"https:\/\/radiorevelacionfm.cl\/index.php?rest_route=%2Fwp%2Fv2%2Fmedia&parent=53298"}],"wp:term":[{"taxonomy":"category","embeddable":true,"href":"https:\/\/radiorevelacionfm.cl\/index.php?rest_route=%2Fwp%2Fv2%2Fcategories&post=53298"},{"taxonomy":"post_tag","embeddable":true,"href":"https:\/\/radiorevelacionfm.cl\/index.php?rest_route=%2Fwp%2Fv2%2Ftags&post=53298"}],"curies":[{"name":"wp","href":"https:\/\/api.w.org\/{rel}","templated":true}]}}