{"id":53295,"date":"2025-04-30T09:56:16","date_gmt":"2025-04-30T12:56:16","guid":{"rendered":"https:\/\/radiorevelacionfm.cl\/?p=53295"},"modified":"2025-04-30T09:56:16","modified_gmt":"2025-04-30T12:56:16","slug":"confirman-asignacion-de-recursos-adicionales-del-minvu-para-adquirir-terreno-para-154-familias-de-puerto-aysen","status":"publish","type":"post","link":"https:\/\/radiorevelacionfm.cl\/?p=53295","title":{"rendered":"Confirman asignaci\u00f3n de recursos adicionales del Minvu para adquirir terreno para 154 familias de Puerto Ays\u00e9n"},"content":{"rendered":"<div class=\"flex_column av_one_full  flex_column_div av-zero-column-padding first  avia-builder-el-0  el_before_av_one_full  avia-builder-el-first  \" style='border-radius:0px; '><div  class='avia-image-container  av-styling-    avia-builder-el-1  avia-builder-el-no-sibling  avia-align-center '  itemprop=\"image\" itemscope=\"itemscope\" itemtype=\"https:\/\/schema.org\/ImageObject\"  ><div class='avia-image-container-inner'><div class='avia-image-overlay-wrap'><img decoding=\"async\" class='wp-image-53296 avia-img-lazy-loading-not-53296 avia_image' src=\"https:\/\/radiorevelacionfm.cl\/wp-content\/uploads\/2025\/04\/foto-archivo-entrega-subsidios-a-154-familias-del-proyecti-Hogar-y-familia-de-Puerto-Aysen-1-1.jpg\" alt='' title='foto archivo entrega subsidios a 154 familias del proyecti Hogar y familia de Puerto Ays\u00e9n (1) (1)' height=\"600\" width=\"899\"  itemprop=\"thumbnailUrl\" srcset=\"https:\/\/radiorevelacionfm.cl\/wp-content\/uploads\/2025\/04\/foto-archivo-entrega-subsidios-a-154-familias-del-proyecti-Hogar-y-familia-de-Puerto-Aysen-1-1.jpg 899w, https:\/\/radiorevelacionfm.cl\/wp-content\/uploads\/2025\/04\/foto-archivo-entrega-subsidios-a-154-familias-del-proyecti-Hogar-y-familia-de-Puerto-Aysen-1-1-300x200.jpg 300w, https:\/\/radiorevelacionfm.cl\/wp-content\/uploads\/2025\/04\/foto-archivo-entrega-subsidios-a-154-familias-del-proyecti-Hogar-y-familia-de-Puerto-Aysen-1-1-768x513.jpg 768w, https:\/\/radiorevelacionfm.cl\/wp-content\/uploads\/2025\/04\/foto-archivo-entrega-subsidios-a-154-familias-del-proyecti-Hogar-y-familia-de-Puerto-Aysen-1-1-705x471.jpg 705w, https:\/\/radiorevelacionfm.cl\/wp-content\/uploads\/2025\/04\/foto-archivo-entrega-subsidios-a-154-familias-del-proyecti-Hogar-y-familia-de-Puerto-Aysen-1-1-450x300.jpg 450w, https:\/\/radiorevelacionfm.cl\/wp-content\/uploads\/2025\/04\/foto-archivo-entrega-subsidios-a-154-familias-del-proyecti-Hogar-y-familia-de-Puerto-Aysen-1-1-600x400.jpg 600w\" sizes=\"(max-width: 899px) 100vw, 899px\" \/><\/div><\/div><\/div><\/div><div class=\"flex_column av_one_full  flex_column_div av-zero-column-padding first  avia-builder-el-2  el_after_av_one_full  el_before_av_one_full  column-top-margin\" style='border-radius:0px; '><section class=\"av_textblock_section \"  itemscope=\"itemscope\" itemtype=\"https:\/\/schema.org\/BlogPosting\" itemprop=\"blogPost\" ><div class='avia_textblock  '   itemprop=\"text\" ><p style=\"text-align: center;\"><strong><span style=\"font-size: 18pt;\">Confirman asignaci\u00f3n de recursos adicionales del Minvu para adquirir terreno para 154 familias de Puerto Ays\u00e9n<\/span><\/strong><\/p>\n<div id=\"gtx-trans\" style=\"position: absolute; left: -50px; top: 4.31534px;\">\n<div class=\"gtx-trans-icon\"><\/div>\n<\/div>\n<\/div><\/section><\/div><div class=\"flex_column av_one_full  flex_column_div av-zero-column-padding first  avia-builder-el-4  el_after_av_one_full  el_before_av_hr  column-top-margin\" style='border-radius:0px; '><section class=\"av_textblock_section \"  itemscope=\"itemscope\" itemtype=\"https:\/\/schema.org\/BlogPosting\" itemprop=\"blogPost\" ><div class='avia_textblock  '   itemprop=\"text\" ><p style=\"text-align: justify;\">Una excelente noticia para 154 familias de Puerto Ays\u00e9n dio a conocer en los \u00faltimos d\u00edas la Seremi de Vivienda y Urbanismo, Paulina Ruz Delf\u00edn, quien confirmo la asignaci\u00f3n de m\u00e1s de mil 300 millones de pesos como recursos extraordinarios por parte del Ministerio de Vivienda y Urbanismo (Minvu), para adquirir el terreno en que se podr\u00e1 construir las viviendas para las familias que integran los comit\u00e9s \u201cChimehuin\u201d, \u201cLa Revancha\u201d y \u201cLl\u00e9vame al futuro\u201d, las que esperaban con ansias el resultado de las solicitudes realizadas por la autoridad.<\/p>\n<p style=\"text-align: justify;\">Detall\u00f3 la autoridad regional que producto de las gestiones que se han venido realizando desde hace meses desde la Seremi y el Serviu, se recibi\u00f3 hace algunos d\u00edas la resoluci\u00f3n exenta n\u00famero 472 del Ministerio de Vivienda y Urbanismo, donde se confirma que se han otorgado subsidios adicionales del Programa Fondo Solidario de Elecci\u00f3n de Vivienda, los que permitir\u00e1n completar el monto que se requer\u00eda para concretar la esperada compra del terreno para los integrantes del proyecto Hogar y Familia, que re\u00fane a 154 familias de Puerto Ays\u00e9n.<\/p>\n<p style=\"text-align: justify;\">\u201cEste logro es fruto del trabajo sostenido y del compromiso compartido que tuvo como hito previo la aprobaci\u00f3n t\u00e9cnica del terreno por parte del Serviu Ays\u00e9n en la Mesa Nacional de Suelos del a\u00f1o 2024, donde gracias a este avance podemos seguir cumpliendo los compromisos que hemos suscrito con estas familias, dando un paso fundamental para alcanzar la ansiada ejecuci\u00f3n del proyecto habitacional para las m\u00e1s de 150 familias. En concreto quiero confirmar que se han asignado por parte del Ministerio de Vivienda y Urbanismo casi mil 320 millones de pesos en subsidios adicionales, recursos que van a permitir financiar en la totalidad la adquisici\u00f3n del terreno destinado al proyecto habitacional. Esto es algo que nos alegra y nos llena de orgullo, ya que sabemos como Ministerio que cada paso representa un anhelo y un esfuerzo de a\u00f1os para cada una de estas familias\u201d, indic\u00f3.<\/p>\n<p style=\"text-align: justify;\">Agreg\u00f3 la Seremi Paulina Ruz que hay gran satisfacci\u00f3n de poder dar esta noticia porque es parte tambi\u00e9n de una gesti\u00f3n importante que se ha hecho desde la regi\u00f3n, donde destaca en forma especial el trabajo de la Delegaci\u00f3n Presidencial Provincial de Ays\u00e9n, que apoy\u00f3 las gestiones durante todo el proceso y que se suma al compromiso sectorial de seguir avanzando junto a las familias y su Entidad Patrocinante hasta lograr la ejecuci\u00f3n de sus so\u00f1adas viviendas.<\/p>\n<p style=\"text-align: justify;\">Finalmente, Paulina Ruz record\u00f3 que estos avances y estos logros son parte de un trabajo serio y responsable que se ha venido realizando en el marco del Plan de Emergencia Habitacional del Gobierno, donde ya se cuentan m\u00e1s de mil 200 viviendas entregadas en el periodo. Con esto se alcanza casi un 95 por ciento de la meta regional, la cual consiste en entregar m\u00e1s de mil 293 viviendas en toda la regi\u00f3n hasta marzo del pr\u00f3ximo a\u00f1o.<\/p>\n<\/div><\/section><\/div><div  style='height:50px' class='hr hr-invisible   avia-builder-el-6  el_after_av_one_full  el_before_av_social_share '><span class='hr-inner ' ><span class='hr-inner-style'><\/span><\/span><\/div><\/p>\n<div  class='av-social-sharing-box  avia-builder-el-7  el_after_av_hr  el_before_av_hr  '><div class='av-share-box'><h5 class='av-share-link-description av-no-toc '>Compartir esta noticia<\/h5><ul class='av-share-box-list noLightbox'><li class='av-share-link av-social-link-facebook' ><a target=\"_blank\" aria-label=\"Compartir en Facebook\" href='https:\/\/www.facebook.com\/sharer.php?u=https:\/\/radiorevelacionfm.cl\/?p=53295&#038;t=Confirman%20asignaci%C3%B3n%20de%20recursos%20adicionales%20del%20Minvu%20para%20adquirir%20terreno%20para%20154%20familias%20de%20Puerto%20Ays%C3%A9n' aria-hidden='false' data-av_icon='\ue8f3' data-av_iconfont='entypo-fontello' title='' data-avia-related-tooltip='Compartir en Facebook' rel=\"noopener\"><span class='avia_hidden_link_text'>Compartir en Facebook<\/span><\/a><\/li><li class='av-share-link av-social-link-twitter' ><a target=\"_blank\" aria-label=\"Compartir en Twitter\" href='https:\/\/twitter.com\/share?text=Confirman%20asignaci%C3%B3n%20de%20recursos%20adicionales%20del%20Minvu%20para%20adquirir%20terreno%20para%20154%20familias%20de%20Puerto%20Ays%C3%A9n&#038;url=https:\/\/radiorevelacionfm.cl\/?p=53295' aria-hidden='false' data-av_icon='\ue8f1' data-av_iconfont='entypo-fontello' title='' data-avia-related-tooltip='Compartir en Twitter' rel=\"noopener\"><span class='avia_hidden_link_text'>Compartir en Twitter<\/span><\/a><\/li><li class='av-share-link av-social-link-whatsapp' ><a target=\"_blank\" aria-label=\"Compartir en Whatsapp\" href='https:\/\/api.whatsapp.com\/send?text=https:\/\/radiorevelacionfm.cl\/?p=53295' aria-hidden='false' data-av_icon='\uf232' data-av_iconfont='entypo-fontello' title='' data-avia-related-tooltip='Compartir en Whatsapp' rel=\"noopener\"><span class='avia_hidden_link_text'>Compartir en Whatsapp<\/span><\/a><\/li><li class='av-share-link av-social-link-linkedin' ><a target=\"_blank\" aria-label=\"Compartir en LinkedIn\" href='https:\/\/linkedin.com\/shareArticle?mini=true&#038;title=Confirman%20asignaci%C3%B3n%20de%20recursos%20adicionales%20del%20Minvu%20para%20adquirir%20terreno%20para%20154%20familias%20de%20Puerto%20Ays%C3%A9n&#038;url=https:\/\/radiorevelacionfm.cl\/?p=53295' aria-hidden='false' data-av_icon='\ue8fc' data-av_iconfont='entypo-fontello' title='' data-avia-related-tooltip='Compartir en LinkedIn' rel=\"noopener\"><span class='avia_hidden_link_text'>Compartir en LinkedIn<\/span><\/a><\/li><li class='av-share-link av-social-link-mail' ><a  aria-label=\"Compartir por correo\" href='mailto:?subject=Confirman%20asignaci%C3%B3n%20de%20recursos%20adicionales%20del%20Minvu%20para%20adquirir%20terreno%20para%20154%20familias%20de%20Puerto%20Ays%C3%A9n&#038;body=https:\/\/radiorevelacionfm.cl\/?p=53295' aria-hidden='false' data-av_icon='\ue805' data-av_iconfont='entypo-fontello' title='' data-avia-related-tooltip='Compartir por correo'><span class='avia_hidden_link_text'>Compartir por correo<\/span><\/a><\/li><\/ul><\/div><\/div>\n<div  style='height:50px' class='hr hr-invisible   avia-builder-el-8  el_after_av_social_share  el_before_av_comments_list '><span class='hr-inner ' ><span class='hr-inner-style'><\/span><\/span><\/div>\n<div  class='av-buildercomment  av-blog-meta-html-info-disabled av-blog-meta-tag-disabled  '><\/div>\n","protected":false},"excerpt":{"rendered":"","protected":false},"author":1,"featured_media":53296,"comment_status":"closed","ping_status":"closed","sticky":false,"template":"","format":"standard","meta":{"footnotes":""},"categories":[57],"tags":[],"class_list":["post-53295","post","type-post","status-publish","format-standard","has-post-thumbnail","hentry","category-vivienda"],"jetpack_featured_media_url":"https:\/\/radiorevelacionfm.cl\/wp-content\/uploads\/2025\/04\/foto-archivo-entrega-subsidios-a-154-familias-del-proyecti-Hogar-y-familia-de-Puerto-Aysen-1-1.jpg","_links":{"self":[{"href":"https:\/\/radiorevelacionfm.cl\/index.php?rest_route=\/wp\/v2\/posts\/53295","targetHints":{"allow":["GET"]}}],"collection":[{"href":"https:\/\/radiorevelacionfm.cl\/index.php?rest_route=\/wp\/v2\/posts"}],"about":[{"href":"https:\/\/radiorevelacionfm.cl\/index.php?rest_route=\/wp\/v2\/types\/post"}],"author":[{"embeddable":true,"href":"https:\/\/radiorevelacionfm.cl\/index.php?rest_route=\/wp\/v2\/users\/1"}],"replies":[{"embeddable":true,"href":"https:\/\/radiorevelacionfm.cl\/index.php?rest_route=%2Fwp%2Fv2%2Fcomments&post=53295"}],"version-history":[{"count":2,"href":"https:\/\/radiorevelacionfm.cl\/index.php?rest_route=\/wp\/v2\/posts\/53295\/revisions"}],"predecessor-version":[{"id":53312,"href":"https:\/\/radiorevelacionfm.cl\/index.php?rest_route=\/wp\/v2\/posts\/53295\/revisions\/53312"}],"wp:featuredmedia":[{"embeddable":true,"href":"https:\/\/radiorevelacionfm.cl\/index.php?rest_route=\/wp\/v2\/media\/53296"}],"wp:attachment":[{"href":"https:\/\/radiorevelacionfm.cl\/index.php?rest_route=%2Fwp%2Fv2%2Fmedia&parent=53295"}],"wp:term":[{"taxonomy":"category","embeddable":true,"href":"https:\/\/radiorevelacionfm.cl\/index.php?rest_route=%2Fwp%2Fv2%2Fcategories&post=53295"},{"taxonomy":"post_tag","embeddable":true,"href":"https:\/\/radiorevelacionfm.cl\/index.php?rest_route=%2Fwp%2Fv2%2Ftags&post=53295"}],"curies":[{"name":"wp","href":"https:\/\/api.w.org\/{rel}","templated":true}]}}