{"id":53287,"date":"2025-04-29T20:34:04","date_gmt":"2025-04-29T23:34:04","guid":{"rendered":"https:\/\/radiorevelacionfm.cl\/?p=53287"},"modified":"2025-04-29T20:34:04","modified_gmt":"2025-04-29T23:34:04","slug":"danzaike-y-culturas-aysen-celebran-el-dia-internacional-de-la-danza","status":"publish","type":"post","link":"https:\/\/radiorevelacionfm.cl\/?p=53287","title":{"rendered":"DanzAike y Culturas Ays\u00e9n celebran el D\u00eda Internacional de la Danza"},"content":{"rendered":"<div class=\"flex_column av_one_full  flex_column_div av-zero-column-padding first  avia-builder-el-0  el_before_av_one_full  avia-builder-el-first  \" style='border-radius:0px; '><div  class='avia-image-container  av-styling-    avia-builder-el-1  avia-builder-el-no-sibling  avia-align-center '  itemprop=\"image\" itemscope=\"itemscope\" itemtype=\"https:\/\/schema.org\/ImageObject\"  ><div class='avia-image-container-inner'><div class='avia-image-overlay-wrap'><img decoding=\"async\" class='wp-image-53288 avia-img-lazy-loading-not-53288 avia_image' src=\"https:\/\/radiorevelacionfm.cl\/wp-content\/uploads\/2025\/04\/dia-de-la-danza13-1-1.jpg\" alt='' title='dia de la danza13 (1) (1)' height=\"600\" width=\"900\"  itemprop=\"thumbnailUrl\" srcset=\"https:\/\/radiorevelacionfm.cl\/wp-content\/uploads\/2025\/04\/dia-de-la-danza13-1-1.jpg 900w, https:\/\/radiorevelacionfm.cl\/wp-content\/uploads\/2025\/04\/dia-de-la-danza13-1-1-300x200.jpg 300w, https:\/\/radiorevelacionfm.cl\/wp-content\/uploads\/2025\/04\/dia-de-la-danza13-1-1-768x512.jpg 768w, https:\/\/radiorevelacionfm.cl\/wp-content\/uploads\/2025\/04\/dia-de-la-danza13-1-1-705x470.jpg 705w, https:\/\/radiorevelacionfm.cl\/wp-content\/uploads\/2025\/04\/dia-de-la-danza13-1-1-450x300.jpg 450w, https:\/\/radiorevelacionfm.cl\/wp-content\/uploads\/2025\/04\/dia-de-la-danza13-1-1-600x400.jpg 600w\" sizes=\"(max-width: 900px) 100vw, 900px\" \/><\/div><\/div><\/div><\/div><div class=\"flex_column av_one_full  flex_column_div av-zero-column-padding first  avia-builder-el-2  el_after_av_one_full  el_before_av_one_full  column-top-margin\" style='border-radius:0px; '><section class=\"av_textblock_section \"  itemscope=\"itemscope\" itemtype=\"https:\/\/schema.org\/BlogPosting\" itemprop=\"blogPost\" ><div class='avia_textblock  '   itemprop=\"text\" ><p style=\"text-align: center;\"><strong><span style=\"font-size: 18pt;\">DanzAike y Culturas Ays\u00e9n celebran el D\u00eda Internacional de la Danza<\/span><\/strong><\/p>\n<div id=\"gtx-trans\" style=\"position: absolute; left: -50px; top: 4.31534px;\">\n<div class=\"gtx-trans-icon\"><\/div>\n<\/div>\n<\/div><\/section><\/div><div class=\"flex_column av_one_full  flex_column_div av-zero-column-padding first  avia-builder-el-4  el_after_av_one_full  el_before_av_hr  column-top-margin\" style='border-radius:0px; '><section class=\"av_textblock_section \"  itemscope=\"itemscope\" itemtype=\"https:\/\/schema.org\/BlogPosting\" itemprop=\"blogPost\" ><div class='avia_textblock  '   itemprop=\"text\" ><p style=\"text-align: justify;\">Diversos estilos de baile recorrieron parte del centro de la capital regional para celebrar un nuevo D\u00eda Internacional de la Danza, fecha establecida por Unesco en 1982 para poner en valor todo el significado y el profundo alcance que tiene esta disciplina, desde sus expresiones m\u00e1s dom\u00e9sticas hasta las m\u00e1s profesionales; desde sus comprobadas aplicaciones pedag\u00f3gicas, hasta un veh\u00edculo de bienestar.<\/p>\n<p style=\"text-align: justify;\">Desde el Centro Cultural Coyhaique, el colectivo Danzaike, que agrupa a la Academia de Danzas Z\u00edngara, al Espacio S y B, y a Danzays\u00e9n, inici\u00f3 un recorrido que abrieron bailes polin\u00e9sicos y culmin\u00f3 en el Paseo Horn con folclor patag\u00f3n y ritmos urbanos. Rodeados de p\u00fablico, en el centro de la Plaza Pentagonal se vivi\u00f3 un intenso momento con una tradicional rueda de salsa a la cubana con m\u00e1s de 20 bailarines y bailarinas en escena.<\/p>\n<p style=\"text-align: justify;\">Para el seremi de Culturas Ays\u00e9n, Felipe Quiroz, \u201cla comunidad se volc\u00f3 y se tom\u00f3 el espacio p\u00fablico. Es importante cuando la danza se toma los espacios p\u00fablicos y se hace parte integral de la ciudadan\u00eda. Adem\u00e1s, logramos descentralizar estas celebraciones y en Cochrane la Agrupaci\u00f3n Alma y Sue\u00f1o celebr\u00f3 la danza y el folklore en esa ciudad de la regi\u00f3n\u201d.<\/p>\n<p style=\"text-align: justify;\">Previamente, el colectivo DanzAike ofreci\u00f3 clases abiertas y gratuitas en los espacios de S y B y Z\u00edngara, adem\u00e1s de la exhibici\u00f3n de una videodanza en el Microcine del Centro Cultural Coyhaique.<\/p>\n<p style=\"text-align: justify;\">Ivon Lejonagoitia, directora de la Academia de Danzas Z\u00edngara, dijo que \u201cestamos muy contentas porque hoy es nuestro d\u00eda, a pesar de que siempre decimos que todos los d\u00edas del a\u00f1o son los d\u00edas de la danza. Estamos muy contentas porque despu\u00e9s de muchos a\u00f1os, despu\u00e9s de pandemia, estamos celebrando la danza en la calle junto con el Colectivo de Danza de la Regi\u00f3n de Aysen que ahora nos estructuramos y somos el colectivo DanzAike que agrupa profesores, int\u00e9rpretes y bailarines de diferentes agrupaciones de la ciudad de Coyhaique. Logramos armar actividades durante cinco d\u00edas que comenzaron el 26 de abril y culminan ma\u00f1ana\u201d.<\/p>\n<p style=\"text-align: justify;\">Ivonne se refiere al cierre magistral que tendr\u00e1n las celebraciones del D\u00eda de la Danza este mi\u00e9rcoles 30 de abril a las 18:30 horas con una muestra de diversos estilos de la disciplina y un reconocimiento a exponentes regionales.<\/p>\n<\/div><\/section><\/div><div  style='height:50px' class='hr hr-invisible   avia-builder-el-6  el_after_av_one_full  el_before_av_social_share '><span class='hr-inner ' ><span class='hr-inner-style'><\/span><\/span><\/div><\/p>\n<div  class='av-social-sharing-box  avia-builder-el-7  el_after_av_hr  el_before_av_hr  '><div class='av-share-box'><h5 class='av-share-link-description av-no-toc '>Compartir esta noticia<\/h5><ul class='av-share-box-list noLightbox'><li class='av-share-link av-social-link-facebook' ><a target=\"_blank\" aria-label=\"Compartir en Facebook\" href='https:\/\/www.facebook.com\/sharer.php?u=https:\/\/radiorevelacionfm.cl\/?p=53287&#038;t=DanzAike%20y%20Culturas%20Ays%C3%A9n%20celebran%20el%20D%C3%ADa%20Internacional%20de%20la%20Danza' aria-hidden='false' data-av_icon='\ue8f3' data-av_iconfont='entypo-fontello' title='' data-avia-related-tooltip='Compartir en Facebook' rel=\"noopener\"><span class='avia_hidden_link_text'>Compartir en Facebook<\/span><\/a><\/li><li class='av-share-link av-social-link-twitter' ><a target=\"_blank\" aria-label=\"Compartir en Twitter\" href='https:\/\/twitter.com\/share?text=DanzAike%20y%20Culturas%20Ays%C3%A9n%20celebran%20el%20D%C3%ADa%20Internacional%20de%20la%20Danza&#038;url=https:\/\/radiorevelacionfm.cl\/?p=53287' aria-hidden='false' data-av_icon='\ue8f1' data-av_iconfont='entypo-fontello' title='' data-avia-related-tooltip='Compartir en Twitter' rel=\"noopener\"><span class='avia_hidden_link_text'>Compartir en Twitter<\/span><\/a><\/li><li class='av-share-link av-social-link-whatsapp' ><a target=\"_blank\" aria-label=\"Compartir en Whatsapp\" href='https:\/\/api.whatsapp.com\/send?text=https:\/\/radiorevelacionfm.cl\/?p=53287' aria-hidden='false' data-av_icon='\uf232' data-av_iconfont='entypo-fontello' title='' data-avia-related-tooltip='Compartir en Whatsapp' rel=\"noopener\"><span class='avia_hidden_link_text'>Compartir en Whatsapp<\/span><\/a><\/li><li class='av-share-link av-social-link-linkedin' ><a target=\"_blank\" aria-label=\"Compartir en LinkedIn\" href='https:\/\/linkedin.com\/shareArticle?mini=true&#038;title=DanzAike%20y%20Culturas%20Ays%C3%A9n%20celebran%20el%20D%C3%ADa%20Internacional%20de%20la%20Danza&#038;url=https:\/\/radiorevelacionfm.cl\/?p=53287' aria-hidden='false' data-av_icon='\ue8fc' data-av_iconfont='entypo-fontello' title='' data-avia-related-tooltip='Compartir en LinkedIn' rel=\"noopener\"><span class='avia_hidden_link_text'>Compartir en LinkedIn<\/span><\/a><\/li><li class='av-share-link av-social-link-mail' ><a  aria-label=\"Compartir por correo\" href='mailto:?subject=DanzAike%20y%20Culturas%20Ays%C3%A9n%20celebran%20el%20D%C3%ADa%20Internacional%20de%20la%20Danza&#038;body=https:\/\/radiorevelacionfm.cl\/?p=53287' aria-hidden='false' data-av_icon='\ue805' data-av_iconfont='entypo-fontello' title='' data-avia-related-tooltip='Compartir por correo'><span class='avia_hidden_link_text'>Compartir por correo<\/span><\/a><\/li><\/ul><\/div><\/div>\n<div  style='height:50px' class='hr hr-invisible   avia-builder-el-8  el_after_av_social_share  el_before_av_comments_list '><span class='hr-inner ' ><span class='hr-inner-style'><\/span><\/span><\/div>\n<div  class='av-buildercomment  av-blog-meta-html-info-disabled av-blog-meta-tag-disabled  '><\/div>\n","protected":false},"excerpt":{"rendered":"","protected":false},"author":1,"featured_media":53288,"comment_status":"closed","ping_status":"closed","sticky":false,"template":"","format":"standard","meta":{"footnotes":""},"categories":[52],"tags":[],"class_list":["post-53287","post","type-post","status-publish","format-standard","has-post-thumbnail","hentry","category-cultura"],"jetpack_featured_media_url":"https:\/\/radiorevelacionfm.cl\/wp-content\/uploads\/2025\/04\/dia-de-la-danza13-1-1.jpg","_links":{"self":[{"href":"https:\/\/radiorevelacionfm.cl\/index.php?rest_route=\/wp\/v2\/posts\/53287","targetHints":{"allow":["GET"]}}],"collection":[{"href":"https:\/\/radiorevelacionfm.cl\/index.php?rest_route=\/wp\/v2\/posts"}],"about":[{"href":"https:\/\/radiorevelacionfm.cl\/index.php?rest_route=\/wp\/v2\/types\/post"}],"author":[{"embeddable":true,"href":"https:\/\/radiorevelacionfm.cl\/index.php?rest_route=\/wp\/v2\/users\/1"}],"replies":[{"embeddable":true,"href":"https:\/\/radiorevelacionfm.cl\/index.php?rest_route=%2Fwp%2Fv2%2Fcomments&post=53287"}],"version-history":[{"count":2,"href":"https:\/\/radiorevelacionfm.cl\/index.php?rest_route=\/wp\/v2\/posts\/53287\/revisions"}],"predecessor-version":[{"id":53310,"href":"https:\/\/radiorevelacionfm.cl\/index.php?rest_route=\/wp\/v2\/posts\/53287\/revisions\/53310"}],"wp:featuredmedia":[{"embeddable":true,"href":"https:\/\/radiorevelacionfm.cl\/index.php?rest_route=\/wp\/v2\/media\/53288"}],"wp:attachment":[{"href":"https:\/\/radiorevelacionfm.cl\/index.php?rest_route=%2Fwp%2Fv2%2Fmedia&parent=53287"}],"wp:term":[{"taxonomy":"category","embeddable":true,"href":"https:\/\/radiorevelacionfm.cl\/index.php?rest_route=%2Fwp%2Fv2%2Fcategories&post=53287"},{"taxonomy":"post_tag","embeddable":true,"href":"https:\/\/radiorevelacionfm.cl\/index.php?rest_route=%2Fwp%2Fv2%2Ftags&post=53287"}],"curies":[{"name":"wp","href":"https:\/\/api.w.org\/{rel}","templated":true}]}}