{"id":53284,"date":"2025-04-30T11:24:04","date_gmt":"2025-04-30T14:24:04","guid":{"rendered":"https:\/\/radiorevelacionfm.cl\/?p=53284"},"modified":"2025-04-30T11:24:04","modified_gmt":"2025-04-30T14:24:04","slug":"en-el-ceia-de-coyhaique-se-desarrollo-conversatorio-para-destacar-el-dia-de-la-convivencia-educativa","status":"publish","type":"post","link":"https:\/\/radiorevelacionfm.cl\/?p=53284","title":{"rendered":"En el CEIA de Coyhaique se desarroll\u00f3 conversatorio para destacar el D\u00eda de la Convivencia Educativa"},"content":{"rendered":"<div class=\"flex_column av_one_full  flex_column_div av-zero-column-padding first  avia-builder-el-0  el_before_av_one_full  avia-builder-el-first  \" style='border-radius:0px; '><div  class='avia-image-container  av-styling-    avia-builder-el-1  avia-builder-el-no-sibling  avia-align-center '  itemprop=\"image\" itemscope=\"itemscope\" itemtype=\"https:\/\/schema.org\/ImageObject\"  ><div class='avia-image-container-inner'><div class='avia-image-overlay-wrap'><img decoding=\"async\" class='wp-image-53285 avia-img-lazy-loading-not-53285 avia_image' src=\"https:\/\/radiorevelacionfm.cl\/wp-content\/uploads\/2025\/04\/Grupal-8-1-1.jpeg\" alt='' title='Grupal (8) (1) (1)' height=\"600\" width=\"898\"  itemprop=\"thumbnailUrl\" srcset=\"https:\/\/radiorevelacionfm.cl\/wp-content\/uploads\/2025\/04\/Grupal-8-1-1.jpeg 898w, https:\/\/radiorevelacionfm.cl\/wp-content\/uploads\/2025\/04\/Grupal-8-1-1-300x200.jpeg 300w, https:\/\/radiorevelacionfm.cl\/wp-content\/uploads\/2025\/04\/Grupal-8-1-1-768x513.jpeg 768w, https:\/\/radiorevelacionfm.cl\/wp-content\/uploads\/2025\/04\/Grupal-8-1-1-705x471.jpeg 705w, https:\/\/radiorevelacionfm.cl\/wp-content\/uploads\/2025\/04\/Grupal-8-1-1-450x301.jpeg 450w, https:\/\/radiorevelacionfm.cl\/wp-content\/uploads\/2025\/04\/Grupal-8-1-1-600x401.jpeg 600w\" sizes=\"(max-width: 898px) 100vw, 898px\" \/><\/div><\/div><\/div><\/div><div class=\"flex_column av_one_full  flex_column_div av-zero-column-padding first  avia-builder-el-2  el_after_av_one_full  el_before_av_one_full  column-top-margin\" style='border-radius:0px; '><section class=\"av_textblock_section \"  itemscope=\"itemscope\" itemtype=\"https:\/\/schema.org\/BlogPosting\" itemprop=\"blogPost\" ><div class='avia_textblock  '   itemprop=\"text\" ><p style=\"text-align: center;\"><span style=\"font-size: 18pt;\"><b>En el CEIA de Coyhaique se desarroll\u00f3 conversatorio para destacar el D\u00eda de la Convivencia Educativa<\/b><\/span><\/p>\n<div id=\"gtx-trans\" style=\"position: absolute; left: -50px; top: 4.31534px;\">\n<div class=\"gtx-trans-icon\"><\/div>\n<\/div>\n<\/div><\/section><\/div><div class=\"flex_column av_one_full  flex_column_div av-zero-column-padding first  avia-builder-el-4  el_after_av_one_full  el_before_av_hr  column-top-margin\" style='border-radius:0px; '><section class=\"av_textblock_section \"  itemscope=\"itemscope\" itemtype=\"https:\/\/schema.org\/BlogPosting\" itemprop=\"blogPost\" ><div class='avia_textblock  '   itemprop=\"text\" ><p class=\"v1MsoNormal\" style=\"text-align: justify;\">Con la participaci\u00f3n del Seremi(s) de Educaci\u00f3n Claudio Rivera, la Coordinadora del programa A Convivir se Aprende Romina Aranda, implementado por la Universidad de Ays\u00e9n,\u00a0docentes, y estudiantes del Centro de Educaci\u00f3n Integrada de Adultos CEIA Slep Ays\u00e9n de Coyhaique se desarroll\u00f3 esta ma\u00f1ana\u00a0el\u00a0di\u00e1logo por el D\u00eda de la Convivencia Educativa.<\/p>\n<p class=\"v1MsoNormal\" style=\"text-align: justify;\">Esta iniciativa permiti\u00f3\u00a0conocer y destacar la experiencia en convivencia educativa y desarrollo de habilidades socioemocionales\u00a0en los y las estudiantes\u00a0de este establecimiento educativo, que ha trabajado para abordar el reconocimiento y el manejo de las emociones, adem\u00e1s de fomentar fuertemente la asistencia a clases y la participaci\u00f3n de los distintos actores de la comunidad educativa.<\/p>\n<p class=\"v1MsoNormal\" style=\"text-align: justify;\">En la instancia, Claudio Rivera comparti\u00f3 con los j\u00f3venes\u00a0del\u00a0\u00a0establecimiento \u00a0se\u00f1al\u00f3 que \u201cHoy todas las escuelas y liceos del pa\u00eds y regi\u00f3n est\u00e1n conversando y reflexionando de distintas formas sobre su convivencia y hemos querido acompa\u00f1ar a la comunidad del CEIA del Slep Ays\u00e9n\u201d.<\/p>\n<p class=\"v1MsoNormal\" style=\"text-align: justify;\">Agreg\u00f3 que \u201cComo Gobierno y Ministerio de Educaci\u00f3n ha sido una prioridad desde el a\u00f1o 2022 recuperar la convivencia escolar como parte del fundamental del proceso educativo y para el logro de los aprendizajes en las salas de clases. En el \u00e1mbito legislativo sigue avanzando en el Congreso Nacional, el\u00a0<a href=\"https:\/\/www.mineduc.cl\/comision-del-senado-aprobo-de-forma-unanime-el-proyecto-de-convivencia\/\" target=\"_blank\" rel=\"noopener noreferrer\">Proyecto de Ley sobre Convivencia, Buen Trato y Bienestar de las Comunidades Educativas<\/a>\u00a0que se encuentra en segundo tr\u00e1mite constitucional, el cual busca establecer un marco legal robusto que asegure que todos los establecimientos educativos promuevan activamente un ambiente seguro e inclusivo. Al consagrar la\u00a0<a href=\"https:\/\/convivenciaparaciudadania.mineduc.cl\/pnce2024-2030\/\" target=\"_blank\" rel=\"noopener noreferrer\">Pol\u00edtica Nacional de Convivencia Educativa\u00a0<\/a>y al establecer la figura del coordinador de convivencia, se sientan las bases para una gesti\u00f3n efectiva de la convivencia escolar\u201d.<\/p>\n<p class=\"v1MsoNormal\" style=\"text-align: justify;\">Por su parte, Romina Aranda acad\u00e9mica de la Universidad de Ays\u00e9n y Coordinadora Regional del programa A Convivir se Aprende (ACSA)del Mineduc destac\u00f3 que: \u201cDesde el 2023 hemos venido desarrollando el programa A convivir se aprende en distintas comunas de la regi\u00f3n, entre ellas Coyhaique, Cochrane, Ib\u00e1\u00f1ez, Cisnes y Guaitecas. Hoy estamos en el CEIA del Slep Ays\u00e9n establecimiento en el que trabajamos el programa ACSA de muy buena manera sobre todo en formaci\u00f3n de docentes y acompa\u00f1amiento y se destaca por plantearse metas ambiciosas en convivencia y logrando resultados muy sorprendentes\u201d.<\/p>\n<p class=\"v1MsoNormal\" style=\"text-align: justify;\">Natalia Herrera, docente encargada de Convivencia del CEIA SLEP se\u00f1al\u00f3 que: \u201cHoy estamos compartiendo una actividad participativa con nuestros estudiantes para demostrar que la Convivencia Escolar se trabaja, se ense\u00f1a y se aprende. Hoy reflexionamos y trabajamos con ellos tem\u00e1ticas como la resoluci\u00f3n no violenta de conflictos, la eliminaci\u00f3n de prejuicios y etiquetas y tambi\u00e9n derribar algunos mitos sobre la Convivencia Educativa\u201d.<\/p>\n<p class=\"v1MsoNormal\" style=\"text-align: justify;\"><b>Cultura de respeto y bienestar<\/b><\/p>\n<p class=\"v1MsoNormal\" style=\"text-align: justify;\">La actividad desarrollada en el CEIA de Coyhaique es parte de una serie de iniciativas desarrolladas durante abril por el Ministerio de Educaci\u00f3n como parte del\u00a0<a href=\"https:\/\/convivenciaparaciudadania.mineduc.cl\/mes-de-la-convivencia\/\" target=\"_blank\" rel=\"noopener noreferrer\">Mes de la Convivencia Educativa<\/a>, instancia que tuvo como objetivo contribuir a transformar la din\u00e1mica dentro de los establecimientos educacionales, con reflexi\u00f3n y acci\u00f3n, en el que se busc\u00f3 arraigar una cultura de respeto y bienestar. Las actividades programadas a nivel nacional, desde webinars formativos hasta Seminarios Regionales, fueron dise\u00f1adas para involucrar a todos los miembros de la comunidad educativa, fomentando un di\u00e1logo abierto y constructivo sobre la importancia de la convivencia.<\/p>\n<p class=\"v1MsoNormal\" style=\"text-align: justify;\"><b>A Convivir se Aprende<\/b><\/p>\n<p class=\"v1MsoNormal\" style=\"text-align: justify;\">Este programa, que forma parte del\u00a0<a href=\"https:\/\/reactivacioneducativa.mineduc.cl\/\" target=\"_blank\" rel=\"noopener noreferrer\">Plan de Reactivaci\u00f3n Educativa<\/a>, busca fortalecer a los equipos de gesti\u00f3n y de convivencia escolar de los establecimientos que reciben subvenci\u00f3n del Estado (municipales, de Servicios Locales de Educaci\u00f3n P\u00fablica y particulares subvencionados) con el fin de que desarrollen las competencias y habilidades necesarias para enfrentar y prevenir situaciones de violencia, as\u00ed como promover la convivencia educativa y el bienestar socioemocional, a partir de un modelo de acompa\u00f1amiento con enfoque territorial y de Escuela Total, promoviendo la participaci\u00f3n de los miembros de la comunidad escolar.<\/p>\n<p class=\"v1MsoNormal\" style=\"text-align: justify;\">Para llevarlo a cabo se definen \u201ccomunas prioritarias\u201d, en base a un \u00edndice construido a partir de las denuncias de la Superintendencia de Educaci\u00f3n en materias asociadas a la convivencia y la violencia escolar; el \u00cdndice de Vulnerabilidad Educativa (IVE) y un proceso de levantamiento con equipos Mineduc.<\/p>\n<p class=\"v1MsoNormal\" style=\"text-align: justify;\">Se implement\u00f3 durante el 2024 en 93 comunas, apoyando a 1.726 comunidades educativas, de las cuales 338 recibieron atenci\u00f3n focalizada. El programa desde 2022 a la fecha se ha implementado en 156 comunas del pa\u00eds, En nuestra regi\u00f3n se ha implementado en 7 comunas de las 10 que tenemos., lo que significa un total de 81 establecimientos.<\/p>\n<\/div><\/section><\/div><div  style='height:50px' class='hr hr-invisible   avia-builder-el-6  el_after_av_one_full  el_before_av_social_share '><span class='hr-inner ' ><span class='hr-inner-style'><\/span><\/span><\/div><\/p>\n<div  class='av-social-sharing-box  avia-builder-el-7  el_after_av_hr  el_before_av_hr  '><div class='av-share-box'><h5 class='av-share-link-description av-no-toc '>Compartir esta noticia<\/h5><ul class='av-share-box-list noLightbox'><li class='av-share-link av-social-link-facebook' ><a target=\"_blank\" aria-label=\"Compartir en Facebook\" href='https:\/\/www.facebook.com\/sharer.php?u=https:\/\/radiorevelacionfm.cl\/?p=53284&#038;t=En%20el%20CEIA%20de%20Coyhaique%20se%20desarroll%C3%B3%20conversatorio%20para%20destacar%20el%20D%C3%ADa%20de%20la%20Convivencia%20Educativa' aria-hidden='false' data-av_icon='\ue8f3' data-av_iconfont='entypo-fontello' title='' data-avia-related-tooltip='Compartir en Facebook' rel=\"noopener\"><span class='avia_hidden_link_text'>Compartir en Facebook<\/span><\/a><\/li><li class='av-share-link av-social-link-twitter' ><a target=\"_blank\" aria-label=\"Compartir en Twitter\" href='https:\/\/twitter.com\/share?text=En%20el%20CEIA%20de%20Coyhaique%20se%20desarroll%C3%B3%20conversatorio%20para%20destacar%20el%20D%C3%ADa%20de%20la%20Convivencia%20Educativa&#038;url=https:\/\/radiorevelacionfm.cl\/?p=53284' aria-hidden='false' data-av_icon='\ue8f1' data-av_iconfont='entypo-fontello' title='' data-avia-related-tooltip='Compartir en Twitter' rel=\"noopener\"><span class='avia_hidden_link_text'>Compartir en Twitter<\/span><\/a><\/li><li class='av-share-link av-social-link-whatsapp' ><a target=\"_blank\" aria-label=\"Compartir en Whatsapp\" href='https:\/\/api.whatsapp.com\/send?text=https:\/\/radiorevelacionfm.cl\/?p=53284' aria-hidden='false' data-av_icon='\uf232' data-av_iconfont='entypo-fontello' title='' data-avia-related-tooltip='Compartir en Whatsapp' rel=\"noopener\"><span class='avia_hidden_link_text'>Compartir en Whatsapp<\/span><\/a><\/li><li class='av-share-link av-social-link-linkedin' ><a target=\"_blank\" aria-label=\"Compartir en LinkedIn\" href='https:\/\/linkedin.com\/shareArticle?mini=true&#038;title=En%20el%20CEIA%20de%20Coyhaique%20se%20desarroll%C3%B3%20conversatorio%20para%20destacar%20el%20D%C3%ADa%20de%20la%20Convivencia%20Educativa&#038;url=https:\/\/radiorevelacionfm.cl\/?p=53284' aria-hidden='false' data-av_icon='\ue8fc' data-av_iconfont='entypo-fontello' title='' data-avia-related-tooltip='Compartir en LinkedIn' rel=\"noopener\"><span class='avia_hidden_link_text'>Compartir en LinkedIn<\/span><\/a><\/li><li class='av-share-link av-social-link-mail' ><a  aria-label=\"Compartir por correo\" href='mailto:?subject=En%20el%20CEIA%20de%20Coyhaique%20se%20desarroll%C3%B3%20conversatorio%20para%20destacar%20el%20D%C3%ADa%20de%20la%20Convivencia%20Educativa&#038;body=https:\/\/radiorevelacionfm.cl\/?p=53284' aria-hidden='false' data-av_icon='\ue805' data-av_iconfont='entypo-fontello' title='' data-avia-related-tooltip='Compartir por correo'><span class='avia_hidden_link_text'>Compartir por correo<\/span><\/a><\/li><\/ul><\/div><\/div>\n<div  style='height:50px' class='hr hr-invisible   avia-builder-el-8  el_after_av_social_share  el_before_av_comments_list '><span class='hr-inner ' ><span class='hr-inner-style'><\/span><\/span><\/div>\n<div  class='av-buildercomment  av-blog-meta-html-info-disabled av-blog-meta-tag-disabled  '><\/div>\n","protected":false},"excerpt":{"rendered":"","protected":false},"author":1,"featured_media":53285,"comment_status":"closed","ping_status":"closed","sticky":false,"template":"","format":"standard","meta":{"footnotes":""},"categories":[49],"tags":[],"class_list":["post-53284","post","type-post","status-publish","format-standard","has-post-thumbnail","hentry","category-educacion"],"jetpack_featured_media_url":"https:\/\/radiorevelacionfm.cl\/wp-content\/uploads\/2025\/04\/Grupal-8-1-1.jpeg","_links":{"self":[{"href":"https:\/\/radiorevelacionfm.cl\/index.php?rest_route=\/wp\/v2\/posts\/53284","targetHints":{"allow":["GET"]}}],"collection":[{"href":"https:\/\/radiorevelacionfm.cl\/index.php?rest_route=\/wp\/v2\/posts"}],"about":[{"href":"https:\/\/radiorevelacionfm.cl\/index.php?rest_route=\/wp\/v2\/types\/post"}],"author":[{"embeddable":true,"href":"https:\/\/radiorevelacionfm.cl\/index.php?rest_route=\/wp\/v2\/users\/1"}],"replies":[{"embeddable":true,"href":"https:\/\/radiorevelacionfm.cl\/index.php?rest_route=%2Fwp%2Fv2%2Fcomments&post=53284"}],"version-history":[{"count":2,"href":"https:\/\/radiorevelacionfm.cl\/index.php?rest_route=\/wp\/v2\/posts\/53284\/revisions"}],"predecessor-version":[{"id":53325,"href":"https:\/\/radiorevelacionfm.cl\/index.php?rest_route=\/wp\/v2\/posts\/53284\/revisions\/53325"}],"wp:featuredmedia":[{"embeddable":true,"href":"https:\/\/radiorevelacionfm.cl\/index.php?rest_route=\/wp\/v2\/media\/53285"}],"wp:attachment":[{"href":"https:\/\/radiorevelacionfm.cl\/index.php?rest_route=%2Fwp%2Fv2%2Fmedia&parent=53284"}],"wp:term":[{"taxonomy":"category","embeddable":true,"href":"https:\/\/radiorevelacionfm.cl\/index.php?rest_route=%2Fwp%2Fv2%2Fcategories&post=53284"},{"taxonomy":"post_tag","embeddable":true,"href":"https:\/\/radiorevelacionfm.cl\/index.php?rest_route=%2Fwp%2Fv2%2Ftags&post=53284"}],"curies":[{"name":"wp","href":"https:\/\/api.w.org\/{rel}","templated":true}]}}