{"id":5328,"date":"2021-06-16T16:11:11","date_gmt":"2021-06-16T19:11:11","guid":{"rendered":"https:\/\/radiorevelacionfm.cl\/?p=5328"},"modified":"2021-06-16T16:11:11","modified_gmt":"2021-06-16T19:11:11","slug":"seremi-de-educacion-lamento-rechazo-de-kinder-obligatorio-en-comision-mixta-del-congreso-nacional","status":"publish","type":"post","link":"https:\/\/radiorevelacionfm.cl\/?p=5328","title":{"rendered":"Seremi de Educaci\u00f3n lament\u00f3 rechazo de Kinder Obligatorio en comisi\u00f3n mixta del Congreso Nacional"},"content":{"rendered":"<div class=\"flex_column av_one_full  flex_column_div av-zero-column-padding first  avia-builder-el-0  el_before_av_one_full  avia-builder-el-first  \" style='border-radius:0px; '><div  class='avia-image-container  av-styling-    avia-builder-el-1  avia-builder-el-no-sibling  avia-align-center '  itemprop=\"image\" itemscope=\"itemscope\" itemtype=\"https:\/\/schema.org\/ImageObject\"  ><div class='avia-image-container-inner'><div class='avia-image-overlay-wrap'><img decoding=\"async\" class='wp-image-5329 avia-img-lazy-loading-not-5329 avia_image' src=\"https:\/\/radiorevelacionfm.cl\/wp-content\/uploads\/2021\/06\/kinder-1_optimized.jpg\" alt='' title='kinder-(1)_optimized' height=\"600\" width=\"800\"  itemprop=\"thumbnailUrl\" srcset=\"https:\/\/radiorevelacionfm.cl\/wp-content\/uploads\/2021\/06\/kinder-1_optimized.jpg 800w, https:\/\/radiorevelacionfm.cl\/wp-content\/uploads\/2021\/06\/kinder-1_optimized-300x225.jpg 300w, https:\/\/radiorevelacionfm.cl\/wp-content\/uploads\/2021\/06\/kinder-1_optimized-768x576.jpg 768w, https:\/\/radiorevelacionfm.cl\/wp-content\/uploads\/2021\/06\/kinder-1_optimized-705x529.jpg 705w, https:\/\/radiorevelacionfm.cl\/wp-content\/uploads\/2021\/06\/kinder-1_optimized-600x450.jpg 600w\" sizes=\"(max-width: 800px) 100vw, 800px\" \/><\/div><\/div><\/div><\/div><div class=\"flex_column av_one_full  flex_column_div av-zero-column-padding first  avia-builder-el-2  el_after_av_one_full  el_before_av_one_full  column-top-margin\" style='border-radius:0px; '><section class=\"av_textblock_section \"  itemscope=\"itemscope\" itemtype=\"https:\/\/schema.org\/BlogPosting\" itemprop=\"blogPost\" ><div class='avia_textblock  '   itemprop=\"text\" ><p style=\"text-align: center;\"><span style=\"font-size: 18pt;\"><b><span lang=\"ES\">Seremi de Educaci\u00f3n lament\u00f3 rechazo de Kinder Obligatorio en comisi\u00f3n mixta del Congreso Nacional<\/span><\/b><\/span><\/p>\n<div id=\"gtx-trans\" style=\"position: absolute; left: -50px; top: 4.31534px;\">\n<div class=\"gtx-trans-icon\"><\/div>\n<\/div>\n<\/div><\/section><\/div><div class=\"flex_column av_one_full  flex_column_div av-zero-column-padding first  avia-builder-el-4  el_after_av_one_full  el_before_av_hr  column-top-margin\" style='border-radius:0px; '><section class=\"av_textblock_section \"  itemscope=\"itemscope\" itemtype=\"https:\/\/schema.org\/BlogPosting\" itemprop=\"blogPost\" ><div class='avia_textblock  '   itemprop=\"text\" ><p class=\"v1MsoNormal\" style=\"text-align: justify;\"><span lang=\"ES\">El Seremi de Educaci\u00f3n de Ays\u00e9n Sergio Becerra Mera lament\u00f3 que la comisi\u00f3n mixta del Congreso haya rechazado en votaci\u00f3n realizada el lunes pasado el articulado\u00a0 que establece la obligatoriedad del Kinder.<\/span><\/p>\n<p class=\"v1MsoNormal\" style=\"text-align: justify;\"><span lang=\"ES\">\u00abComo lo ha expresado el Ministro Ra\u00fal Figueroa una vez m\u00e1s las necesidades de los ni\u00f1os se dejaron de lado, ya que senadores y diputados de oposici\u00f3n rechazaron el \u00a0proyecto., lo que es lamentable pues \u00a0que se destruye un consenso de gobiernos anteriores, primando las diferencias pol\u00edticas por sobre el futuro de los ni\u00f1os de Chile\u00bb.<\/span><\/p>\n<p class=\"v1MsoNormal\" style=\"text-align: justify;\"><span lang=\"ES\">Sergio Becerra record\u00f3 que\u00a0<\/span>el proyecto de ley de K\u00ednder obligatorio busca aumentar de 12 a 13 a\u00f1os la escolaridad obligatoria, con el objetivo de que las familias comprendan que este nivel es fundamental para el desarrollo de los j\u00f3venes del futuro, porque as\u00ed podr\u00e1n tener trayectorias educativas exitosas.<\/p>\n<p class=\"v1MsoNormal\" style=\"text-align: justify;\">\u00abEsta decisi\u00f3n del Congreso es a\u00fan m\u00e1s lamentable en un a\u00f1o en que constatamos que la deserci\u00f3n en ese nivel es del 130 % a nivel nacional.\u00a0<span lang=\"ES\">Todo lo que hagamos o dejemos de hacer\u00a0<\/span>en la educaci\u00f3n parvularia tendr\u00e1 consecuencias importantes y de largo plazo. Es en esta etapa donde se puede nivelar la cancha y salvar las brechas educativas. La educaci\u00f3n parvularia es donde se juega el desarrollo posterior de nuestros ni\u00f1os\u00bb.<\/p>\n<p class=\"v1MsoNormal\" style=\"text-align: justify;\">Sergio Becerra afirm\u00f3 que el Gobierno insistir\u00e1 en la obligatoriedad del k\u00ednder porque ello trae m\u00e1s calidad y equidad a la educaci\u00f3n parvularia.<\/p>\n<p class=\"v1MsoNormal\" style=\"text-align: justify;\">\u00abNo bajaremos los brazos e insistiremos en reponer el coraz\u00f3n de esta iniciativa que es fundamental para la educaci\u00f3n chilena\u00bb, concluy\u00f3 la autoridad sectorial regional.<\/p>\n<\/div><\/section><\/div><div  style='height:50px' class='hr hr-invisible   avia-builder-el-6  el_after_av_one_full  el_before_av_social_share '><span class='hr-inner ' ><span class='hr-inner-style'><\/span><\/span><\/div><\/p>\n<div  class='av-social-sharing-box  avia-builder-el-7  el_after_av_hr  el_before_av_hr  '><div class='av-share-box'><h5 class='av-share-link-description av-no-toc '>Compartir esta noticia<\/h5><ul class='av-share-box-list noLightbox'><li class='av-share-link av-social-link-facebook' ><a target=\"_blank\" aria-label=\"Compartir en Facebook\" href='https:\/\/www.facebook.com\/sharer.php?u=https:\/\/radiorevelacionfm.cl\/?p=5328&#038;t=Seremi%20de%20Educaci%C3%B3n%20lament%C3%B3%20rechazo%20de%20Kinder%20Obligatorio%20en%20comisi%C3%B3n%20mixta%20del%20Congreso%20Nacional' aria-hidden='false' data-av_icon='\ue8f3' data-av_iconfont='entypo-fontello' title='' data-avia-related-tooltip='Compartir en Facebook' rel=\"noopener\"><span class='avia_hidden_link_text'>Compartir en Facebook<\/span><\/a><\/li><li class='av-share-link av-social-link-twitter' ><a target=\"_blank\" aria-label=\"Compartir en Twitter\" href='https:\/\/twitter.com\/share?text=Seremi%20de%20Educaci%C3%B3n%20lament%C3%B3%20rechazo%20de%20Kinder%20Obligatorio%20en%20comisi%C3%B3n%20mixta%20del%20Congreso%20Nacional&#038;url=https:\/\/radiorevelacionfm.cl\/?p=5328' aria-hidden='false' data-av_icon='\ue8f1' data-av_iconfont='entypo-fontello' title='' data-avia-related-tooltip='Compartir en Twitter' rel=\"noopener\"><span class='avia_hidden_link_text'>Compartir en Twitter<\/span><\/a><\/li><li class='av-share-link av-social-link-whatsapp' ><a target=\"_blank\" aria-label=\"Compartir en Whatsapp\" href='https:\/\/api.whatsapp.com\/send?text=https:\/\/radiorevelacionfm.cl\/?p=5328' aria-hidden='false' data-av_icon='\uf232' data-av_iconfont='entypo-fontello' title='' data-avia-related-tooltip='Compartir en Whatsapp' rel=\"noopener\"><span class='avia_hidden_link_text'>Compartir en Whatsapp<\/span><\/a><\/li><li class='av-share-link av-social-link-linkedin' ><a target=\"_blank\" aria-label=\"Compartir en LinkedIn\" href='https:\/\/linkedin.com\/shareArticle?mini=true&#038;title=Seremi%20de%20Educaci%C3%B3n%20lament%C3%B3%20rechazo%20de%20Kinder%20Obligatorio%20en%20comisi%C3%B3n%20mixta%20del%20Congreso%20Nacional&#038;url=https:\/\/radiorevelacionfm.cl\/?p=5328' aria-hidden='false' data-av_icon='\ue8fc' data-av_iconfont='entypo-fontello' title='' data-avia-related-tooltip='Compartir en LinkedIn' rel=\"noopener\"><span class='avia_hidden_link_text'>Compartir en LinkedIn<\/span><\/a><\/li><li class='av-share-link av-social-link-mail' ><a  aria-label=\"Compartir por correo\" href='mailto:?subject=Seremi%20de%20Educaci%C3%B3n%20lament%C3%B3%20rechazo%20de%20Kinder%20Obligatorio%20en%20comisi%C3%B3n%20mixta%20del%20Congreso%20Nacional&#038;body=https:\/\/radiorevelacionfm.cl\/?p=5328' aria-hidden='false' data-av_icon='\ue805' data-av_iconfont='entypo-fontello' title='' data-avia-related-tooltip='Compartir por correo'><span class='avia_hidden_link_text'>Compartir por correo<\/span><\/a><\/li><\/ul><\/div><\/div>\n<div  style='height:50px' class='hr hr-invisible   avia-builder-el-8  el_after_av_social_share  el_before_av_comments_list '><span class='hr-inner ' ><span class='hr-inner-style'><\/span><\/span><\/div>\n<div  class='av-buildercomment  av-blog-meta-html-info-disabled av-blog-meta-tag-disabled  '><\/div>\n","protected":false},"excerpt":{"rendered":"","protected":false},"author":1,"featured_media":5329,"comment_status":"open","ping_status":"open","sticky":false,"template":"","format":"standard","meta":{"footnotes":""},"categories":[49],"tags":[],"class_list":["post-5328","post","type-post","status-publish","format-standard","has-post-thumbnail","hentry","category-educacion"],"jetpack_featured_media_url":"https:\/\/radiorevelacionfm.cl\/wp-content\/uploads\/2021\/06\/kinder-1_optimized.jpg","_links":{"self":[{"href":"https:\/\/radiorevelacionfm.cl\/index.php?rest_route=\/wp\/v2\/posts\/5328","targetHints":{"allow":["GET"]}}],"collection":[{"href":"https:\/\/radiorevelacionfm.cl\/index.php?rest_route=\/wp\/v2\/posts"}],"about":[{"href":"https:\/\/radiorevelacionfm.cl\/index.php?rest_route=\/wp\/v2\/types\/post"}],"author":[{"embeddable":true,"href":"https:\/\/radiorevelacionfm.cl\/index.php?rest_route=\/wp\/v2\/users\/1"}],"replies":[{"embeddable":true,"href":"https:\/\/radiorevelacionfm.cl\/index.php?rest_route=%2Fwp%2Fv2%2Fcomments&post=5328"}],"version-history":[{"count":1,"href":"https:\/\/radiorevelacionfm.cl\/index.php?rest_route=\/wp\/v2\/posts\/5328\/revisions"}],"predecessor-version":[{"id":5330,"href":"https:\/\/radiorevelacionfm.cl\/index.php?rest_route=\/wp\/v2\/posts\/5328\/revisions\/5330"}],"wp:featuredmedia":[{"embeddable":true,"href":"https:\/\/radiorevelacionfm.cl\/index.php?rest_route=\/wp\/v2\/media\/5329"}],"wp:attachment":[{"href":"https:\/\/radiorevelacionfm.cl\/index.php?rest_route=%2Fwp%2Fv2%2Fmedia&parent=5328"}],"wp:term":[{"taxonomy":"category","embeddable":true,"href":"https:\/\/radiorevelacionfm.cl\/index.php?rest_route=%2Fwp%2Fv2%2Fcategories&post=5328"},{"taxonomy":"post_tag","embeddable":true,"href":"https:\/\/radiorevelacionfm.cl\/index.php?rest_route=%2Fwp%2Fv2%2Ftags&post=5328"}],"curies":[{"name":"wp","href":"https:\/\/api.w.org\/{rel}","templated":true}]}}