{"id":53278,"date":"2025-04-30T11:28:25","date_gmt":"2025-04-30T14:28:25","guid":{"rendered":"https:\/\/radiorevelacionfm.cl\/?p=53278"},"modified":"2025-04-30T11:28:25","modified_gmt":"2025-04-30T14:28:25","slug":"seremi-de-gobierno-inicia-dialogos-ciudadanos-sobre-proyecto-de-ley-que-pone-fin-al-cae","status":"publish","type":"post","link":"https:\/\/radiorevelacionfm.cl\/?p=53278","title":{"rendered":"Seremi de Gobierno inicia Di\u00e1logos Ciudadanos sobre Proyecto de Ley que pone Fin al CAE"},"content":{"rendered":"<div class=\"flex_column av_one_full  flex_column_div av-zero-column-padding first  avia-builder-el-0  el_before_av_one_full  avia-builder-el-first  \" style='border-radius:0px; '><div  class='avia-image-container  av-styling-    avia-builder-el-1  avia-builder-el-no-sibling  avia-align-center '  itemprop=\"image\" itemscope=\"itemscope\" itemtype=\"https:\/\/schema.org\/ImageObject\"  ><div class='avia-image-container-inner'><div class='avia-image-overlay-wrap'><img decoding=\"async\" class='wp-image-53279 avia-img-lazy-loading-not-53279 avia_image' src=\"https:\/\/radiorevelacionfm.cl\/wp-content\/uploads\/2025\/04\/grafica-fes-finalcae_coyhaique-1-1_optimized-1.jpg\" alt='' title='gr\u00e1fica-fes-finalcae_coyhaique-(1)-(1)_optimized (1)' height=\"1000\" width=\"799\"  itemprop=\"thumbnailUrl\" srcset=\"https:\/\/radiorevelacionfm.cl\/wp-content\/uploads\/2025\/04\/grafica-fes-finalcae_coyhaique-1-1_optimized-1.jpg 799w, https:\/\/radiorevelacionfm.cl\/wp-content\/uploads\/2025\/04\/grafica-fes-finalcae_coyhaique-1-1_optimized-1-240x300.jpg 240w, https:\/\/radiorevelacionfm.cl\/wp-content\/uploads\/2025\/04\/grafica-fes-finalcae_coyhaique-1-1_optimized-1-768x961.jpg 768w, https:\/\/radiorevelacionfm.cl\/wp-content\/uploads\/2025\/04\/grafica-fes-finalcae_coyhaique-1-1_optimized-1-563x705.jpg 563w, https:\/\/radiorevelacionfm.cl\/wp-content\/uploads\/2025\/04\/grafica-fes-finalcae_coyhaique-1-1_optimized-1-450x563.jpg 450w, https:\/\/radiorevelacionfm.cl\/wp-content\/uploads\/2025\/04\/grafica-fes-finalcae_coyhaique-1-1_optimized-1-600x751.jpg 600w\" sizes=\"(max-width: 799px) 100vw, 799px\" \/><\/div><\/div><\/div><\/div><div class=\"flex_column av_one_full  flex_column_div av-zero-column-padding first  avia-builder-el-2  el_after_av_one_full  el_before_av_one_full  column-top-margin\" style='border-radius:0px; '><section class=\"av_textblock_section \"  itemscope=\"itemscope\" itemtype=\"https:\/\/schema.org\/BlogPosting\" itemprop=\"blogPost\" ><div class='avia_textblock  '   itemprop=\"text\" ><p style=\"text-align: center;\"><span style=\"font-size: 18pt;\"><b>Seremi de Gobierno inicia Di\u00e1logos Ciudadanos sobre Proyecto de Ley que pone Fin al CAE<\/b><\/span><\/p>\n<div id=\"gtx-trans\" style=\"position: absolute; left: -50px; top: 4.31534px;\">\n<div class=\"gtx-trans-icon\"><\/div>\n<\/div>\n<\/div><\/section><\/div><div class=\"flex_column av_one_full  flex_column_div av-zero-column-padding first  avia-builder-el-4  el_after_av_one_full  el_before_av_hr  column-top-margin\" style='border-radius:0px; '><section class=\"av_textblock_section \"  itemscope=\"itemscope\" itemtype=\"https:\/\/schema.org\/BlogPosting\" itemprop=\"blogPost\" ><div class='avia_textblock  '   itemprop=\"text\" ><p class=\"v1MsoNormal\" style=\"text-align: justify;\">Este lunes 5 de mayo a las 18:30 horas en el auditorio de la Mutual de Seguridad, ubicado en Lillo N\u00b0 20, Coyhaique, la Seremi de Gobierno \u00darsula Mix Jim\u00e9nez junto al Seremi de Educaci\u00f3n (S) Claudio Rivera Zbinden, realizar\u00e1n el primer encuentro abierto a la comunidad \u00abHacia un nuevo financiamiento para la educaci\u00f3n superior\u00bb, donde se entregar\u00e1 informaci\u00f3n sobre el proyecto de ley que propone terminar con el Cr\u00e9dito con Aval del Estado (CAE) y reemplazarlo por un nuevo sistema de financiamiento p\u00fablico.<\/p>\n<p class=\"v1MsoNormal\" style=\"text-align: justify;\">En este sentido, cabe indicar que el Proyecto de Ley contempla dos elementos esenciales: un plan de reorganizaci\u00f3n y condonaci\u00f3n de deudas educativas que considera la condonaci\u00f3n total o parcial, y un nuevo instrumento de financiamiento p\u00fablico para la educaci\u00f3n superior (FES).<\/p>\n<p class=\"v1MsoNormal\" style=\"text-align: justify;\">La Seremi de Gobierno \u00darsula Mix se\u00f1al\u00f3 que \u00abcon estos di\u00e1logos el Gobierno del Presidente Gabriel Boric Font busca acercar a la ciudadan\u00eda la discusi\u00f3n legislativa a la ciudadan\u00eda y as\u00ed, fomentar su participaci\u00f3n\u00bb, por lo que la iniciativa tambi\u00e9n ser\u00e1 replicada el pr\u00f3ximo 16 de mayo a las 18:00 horas, en el sal\u00f3n auditorio del Hospital de Puerto Ays\u00e9n, para informar en los territorios sobre este instrumento de financiamiento que busca beneficiar a miles de familias, especialmente a aquellas personas endeudadas con el CAE.<\/p>\n<p class=\"v1MsoNormal\" style=\"text-align: justify;\">\u00abLos invitamos a todos y todas a participar de las distintas charlas que vamos a realizar sobre este proyecto de ley que busca poner fin al CAE. Es nuestro deber como Seremia poder acercar a la sociedad civil estas tem\u00e1ticas que son de inter\u00e9s p\u00fablico\u00bb, agreg\u00f3.<\/p>\n<p class=\"v1MsoNormal\" style=\"text-align: justify;\">Se espera poder contar con la asistencia y participaci\u00f3n de personas que cuenten con deudas estudiantiles (CAE, FSCU y Corfo), para que conozcan sobre el Plan de Reorganizaci\u00f3n y Condonaci\u00f3n de Deudas Educativas con condonaci\u00f3n total o parcial, de acuerdo a cada situaci\u00f3n socioecon\u00f3mica.<\/p>\n<p class=\"v1MsoNormal\" style=\"text-align: justify;\">Si necesitan mayor informaci\u00f3n o tienen dudas, pueden acercarse a nuestras oficinas ubicadas en Av. Ogana 798, Coyhaique, o llamar al n\u00famero de tel\u00e9fono de esta Secretar\u00eda Regional Ministerial, 672 217530.<\/p>\n<\/div><\/section><\/div><div  style='height:50px' class='hr hr-invisible   avia-builder-el-6  el_after_av_one_full  el_before_av_social_share '><span class='hr-inner ' ><span class='hr-inner-style'><\/span><\/span><\/div><\/p>\n<div  class='av-social-sharing-box  avia-builder-el-7  el_after_av_hr  el_before_av_hr  '><div class='av-share-box'><h5 class='av-share-link-description av-no-toc '>Compartir esta noticia<\/h5><ul class='av-share-box-list noLightbox'><li class='av-share-link av-social-link-facebook' ><a target=\"_blank\" aria-label=\"Compartir en Facebook\" href='https:\/\/www.facebook.com\/sharer.php?u=https:\/\/radiorevelacionfm.cl\/?p=53278&#038;t=Seremi%20de%20Gobierno%20inicia%20Di%C3%A1logos%20Ciudadanos%20sobre%20Proyecto%20de%20Ley%20que%20pone%20Fin%20al%20CAE' aria-hidden='false' data-av_icon='\ue8f3' data-av_iconfont='entypo-fontello' title='' data-avia-related-tooltip='Compartir en Facebook' rel=\"noopener\"><span class='avia_hidden_link_text'>Compartir en Facebook<\/span><\/a><\/li><li class='av-share-link av-social-link-twitter' ><a target=\"_blank\" aria-label=\"Compartir en Twitter\" href='https:\/\/twitter.com\/share?text=Seremi%20de%20Gobierno%20inicia%20Di%C3%A1logos%20Ciudadanos%20sobre%20Proyecto%20de%20Ley%20que%20pone%20Fin%20al%20CAE&#038;url=https:\/\/radiorevelacionfm.cl\/?p=53278' aria-hidden='false' data-av_icon='\ue8f1' data-av_iconfont='entypo-fontello' title='' data-avia-related-tooltip='Compartir en Twitter' rel=\"noopener\"><span class='avia_hidden_link_text'>Compartir en Twitter<\/span><\/a><\/li><li class='av-share-link av-social-link-whatsapp' ><a target=\"_blank\" aria-label=\"Compartir en Whatsapp\" href='https:\/\/api.whatsapp.com\/send?text=https:\/\/radiorevelacionfm.cl\/?p=53278' aria-hidden='false' data-av_icon='\uf232' data-av_iconfont='entypo-fontello' title='' data-avia-related-tooltip='Compartir en Whatsapp' rel=\"noopener\"><span class='avia_hidden_link_text'>Compartir en Whatsapp<\/span><\/a><\/li><li class='av-share-link av-social-link-linkedin' ><a target=\"_blank\" aria-label=\"Compartir en LinkedIn\" href='https:\/\/linkedin.com\/shareArticle?mini=true&#038;title=Seremi%20de%20Gobierno%20inicia%20Di%C3%A1logos%20Ciudadanos%20sobre%20Proyecto%20de%20Ley%20que%20pone%20Fin%20al%20CAE&#038;url=https:\/\/radiorevelacionfm.cl\/?p=53278' aria-hidden='false' data-av_icon='\ue8fc' data-av_iconfont='entypo-fontello' title='' data-avia-related-tooltip='Compartir en LinkedIn' rel=\"noopener\"><span class='avia_hidden_link_text'>Compartir en LinkedIn<\/span><\/a><\/li><li class='av-share-link av-social-link-mail' ><a  aria-label=\"Compartir por correo\" href='mailto:?subject=Seremi%20de%20Gobierno%20inicia%20Di%C3%A1logos%20Ciudadanos%20sobre%20Proyecto%20de%20Ley%20que%20pone%20Fin%20al%20CAE&#038;body=https:\/\/radiorevelacionfm.cl\/?p=53278' aria-hidden='false' data-av_icon='\ue805' data-av_iconfont='entypo-fontello' title='' data-avia-related-tooltip='Compartir por correo'><span class='avia_hidden_link_text'>Compartir por correo<\/span><\/a><\/li><\/ul><\/div><\/div>\n<div  style='height:50px' class='hr hr-invisible   avia-builder-el-8  el_after_av_social_share  el_before_av_comments_list '><span class='hr-inner ' ><span class='hr-inner-style'><\/span><\/span><\/div>\n<div  class='av-buildercomment  av-blog-meta-html-info-disabled av-blog-meta-tag-disabled  '><\/div>\n","protected":false},"excerpt":{"rendered":"","protected":false},"author":1,"featured_media":53279,"comment_status":"closed","ping_status":"closed","sticky":false,"template":"","format":"standard","meta":{"footnotes":""},"categories":[38],"tags":[],"class_list":["post-53278","post","type-post","status-publish","format-standard","has-post-thumbnail","hentry","category-regional"],"jetpack_featured_media_url":"https:\/\/radiorevelacionfm.cl\/wp-content\/uploads\/2025\/04\/grafica-fes-finalcae_coyhaique-1-1_optimized-1.jpg","_links":{"self":[{"href":"https:\/\/radiorevelacionfm.cl\/index.php?rest_route=\/wp\/v2\/posts\/53278","targetHints":{"allow":["GET"]}}],"collection":[{"href":"https:\/\/radiorevelacionfm.cl\/index.php?rest_route=\/wp\/v2\/posts"}],"about":[{"href":"https:\/\/radiorevelacionfm.cl\/index.php?rest_route=\/wp\/v2\/types\/post"}],"author":[{"embeddable":true,"href":"https:\/\/radiorevelacionfm.cl\/index.php?rest_route=\/wp\/v2\/users\/1"}],"replies":[{"embeddable":true,"href":"https:\/\/radiorevelacionfm.cl\/index.php?rest_route=%2Fwp%2Fv2%2Fcomments&post=53278"}],"version-history":[{"count":2,"href":"https:\/\/radiorevelacionfm.cl\/index.php?rest_route=\/wp\/v2\/posts\/53278\/revisions"}],"predecessor-version":[{"id":53326,"href":"https:\/\/radiorevelacionfm.cl\/index.php?rest_route=\/wp\/v2\/posts\/53278\/revisions\/53326"}],"wp:featuredmedia":[{"embeddable":true,"href":"https:\/\/radiorevelacionfm.cl\/index.php?rest_route=\/wp\/v2\/media\/53279"}],"wp:attachment":[{"href":"https:\/\/radiorevelacionfm.cl\/index.php?rest_route=%2Fwp%2Fv2%2Fmedia&parent=53278"}],"wp:term":[{"taxonomy":"category","embeddable":true,"href":"https:\/\/radiorevelacionfm.cl\/index.php?rest_route=%2Fwp%2Fv2%2Fcategories&post=53278"},{"taxonomy":"post_tag","embeddable":true,"href":"https:\/\/radiorevelacionfm.cl\/index.php?rest_route=%2Fwp%2Fv2%2Ftags&post=53278"}],"curies":[{"name":"wp","href":"https:\/\/api.w.org\/{rel}","templated":true}]}}