{"id":53274,"date":"2025-04-29T16:33:21","date_gmt":"2025-04-29T19:33:21","guid":{"rendered":"https:\/\/radiorevelacionfm.cl\/?p=53274"},"modified":"2025-04-29T16:33:21","modified_gmt":"2025-04-29T19:33:21","slug":"corfo-aysen-lanza-convocatorias-para-fortalecer-la-inversion-y-la-innovacion-en-pymes-regionales","status":"publish","type":"post","link":"https:\/\/radiorevelacionfm.cl\/?p=53274","title":{"rendered":"Corfo Ays\u00e9n lanza convocatorias para fortalecer la inversi\u00f3n y la innovaci\u00f3n en pymes regionales"},"content":{"rendered":"<div class=\"flex_column av_one_full  flex_column_div av-zero-column-padding first  avia-builder-el-0  el_before_av_one_full  avia-builder-el-first  \" style='border-radius:0px; '><div  class='avia-image-container  av-styling-    avia-builder-el-1  avia-builder-el-no-sibling  avia-align-center '  itemprop=\"image\" itemscope=\"itemscope\" itemtype=\"https:\/\/schema.org\/ImageObject\"  ><div class='avia-image-container-inner'><div class='avia-image-overlay-wrap'><img decoding=\"async\" class='wp-image-53275 avia-img-lazy-loading-not-53275 avia_image' src=\"https:\/\/radiorevelacionfm.cl\/wp-content\/uploads\/2025\/04\/01-pexels-1_optimized-1.jpg\" alt='' title='01-pexels-(1)_optimized (1)' height=\"600\" width=\"900\"  itemprop=\"thumbnailUrl\" srcset=\"https:\/\/radiorevelacionfm.cl\/wp-content\/uploads\/2025\/04\/01-pexels-1_optimized-1.jpg 900w, https:\/\/radiorevelacionfm.cl\/wp-content\/uploads\/2025\/04\/01-pexels-1_optimized-1-300x200.jpg 300w, https:\/\/radiorevelacionfm.cl\/wp-content\/uploads\/2025\/04\/01-pexels-1_optimized-1-768x512.jpg 768w, https:\/\/radiorevelacionfm.cl\/wp-content\/uploads\/2025\/04\/01-pexels-1_optimized-1-705x470.jpg 705w, https:\/\/radiorevelacionfm.cl\/wp-content\/uploads\/2025\/04\/01-pexels-1_optimized-1-450x300.jpg 450w, https:\/\/radiorevelacionfm.cl\/wp-content\/uploads\/2025\/04\/01-pexels-1_optimized-1-600x400.jpg 600w\" sizes=\"(max-width: 900px) 100vw, 900px\" \/><\/div><\/div><\/div><\/div><div class=\"flex_column av_one_full  flex_column_div av-zero-column-padding first  avia-builder-el-2  el_after_av_one_full  el_before_av_one_full  column-top-margin\" style='border-radius:0px; '><section class=\"av_textblock_section \"  itemscope=\"itemscope\" itemtype=\"https:\/\/schema.org\/BlogPosting\" itemprop=\"blogPost\" ><div class='avia_textblock  '   itemprop=\"text\" ><p style=\"text-align: center;\"><span style=\"font-size: 18pt;\"><b>Corfo Ays\u00e9n lanza convocatorias para fortalecer la inversi\u00f3n y la innovaci\u00f3n en pymes regionales<\/b><\/span><\/p>\n<div id=\"gtx-trans\" style=\"position: absolute; left: -50px; top: 4.31534px;\">\n<div class=\"gtx-trans-icon\"><\/div>\n<\/div>\n<\/div><\/section><\/div><div class=\"flex_column av_one_full  flex_column_div av-zero-column-padding first  avia-builder-el-4  el_after_av_one_full  el_before_av_hr  column-top-margin\" style='border-radius:0px; '><section class=\"av_textblock_section \"  itemscope=\"itemscope\" itemtype=\"https:\/\/schema.org\/BlogPosting\" itemprop=\"blogPost\" ><div class='avia_textblock  '   itemprop=\"text\" ><p style=\"font-weight: 400; text-align: justify;\"><em>Las postulaciones para los programas Desarrolla Inversi\u00f3n y S\u00famate a Innovar estar\u00e1n abiertas hasta el 30 de mayo de 2025 a trav\u00e9s de\u00a0<\/em><a href=\"http:\/\/www.corfo.cl\/\" data-saferedirecturl=\"https:\/\/www.google.com\/url?q=http:\/\/www.corfo.cl\/&amp;source=gmail&amp;ust=1746040234852000&amp;usg=AOvVaw3aRD-6z8L4xFNse1Np7iNE\"><em>www.corfo.cl<\/em><\/a><em>.<\/em><\/p>\n<p style=\"font-weight: 400; text-align: justify;\">Corfo Ays\u00e9n anunci\u00f3 la apertura de dos nuevas convocatorias orientadas a fortalecer el crecimiento de peque\u00f1as y medianas empresas (pymes) de la regi\u00f3n: <a href=\"https:\/\/www.corfo.cl\/sites\/cpp\/convocatorias\/movil\/desarrolla-inversion-productiva-aysen-1ra-convocatoria-2025\" data-saferedirecturl=\"https:\/\/www.google.com\/url?q=https:\/\/www.corfo.cl\/sites\/cpp\/convocatorias\/movil\/desarrolla-inversion-productiva-aysen-1ra-convocatoria-2025&amp;source=gmail&amp;ust=1746040234852000&amp;usg=AOvVaw3hoodoRWeTB2BDni37XMr1\">Desarrolla Inversi\u00f3n<\/a>\u00a0y\u00a0<a href=\"http:\/\/ddswcsprod03.corfo.cl:5203\/sites\/cpp\/convocatorias\/sumate-innovar-aysen-2025\" data-saferedirecturl=\"https:\/\/www.google.com\/url?q=http:\/\/ddswcsprod03.corfo.cl:5203\/sites\/cpp\/convocatorias\/sumate-innovar-aysen-2025&amp;source=gmail&amp;ust=1746040234852000&amp;usg=AOvVaw3odAvUg9iGubN4qKwxnxNY\">S\u00famate a Innovar<\/a>. Ambas iniciativas forman parte del trabajo impulsado por el Comit\u00e9 de Desarrollo Productivo Regional (CDPR) de Ays\u00e9n, que busca dinamizar la econom\u00eda local, fomentar la innovaci\u00f3n y apoyar el desarrollo sostenible desde los territorios.<\/p>\n<p style=\"font-weight: 400; text-align: justify;\">\u00abA trav\u00e9s de estas nuevas convocatorias, queremos reforzar nuestro compromiso con las pymes de Ays\u00e9n, entreg\u00e1ndoles herramientas concretas para crecer, innovar y generar impacto en sus comunidades. Desarrolla Inversi\u00f3n busca apoyar a quienes apuestan por fortalecer sus capacidades productivas, mientras que S\u00famate a Innovar abre la puerta para que m\u00e1s empresas incorporen la innovaci\u00f3n en sus procesos, sin importar su tama\u00f1o o trayectoria previa\u201d,<em>\u00a0<\/em>afirm\u00f3 Humberto Mar\u00edn Leiva, director regional de Corfo Ays\u00e9n.<\/p>\n<p style=\"font-weight: 400; text-align: justify;\"><strong>PROYECTOS PRODUCTIVOS<\/strong><\/p>\n<p style=\"font-weight: 400; text-align: justify;\">El programa Desarrolla Inversi\u00f3n est\u00e1 dirigido a pymes que busquen materializar proyectos en sectores estrat\u00e9gicos de la Regi\u00f3n de Ays\u00e9n. La l\u00ednea de apoyo contempla la adquisici\u00f3n de activo fijo, habilitaci\u00f3n de infraestructura productiva y capital de trabajo, priorizando sectores como la industria alimentaria, el turismo, la actividad silvoagropecuaria, la pesca y acuicultura, la construcci\u00f3n y log\u00edstica, la miner\u00eda, las industrias emergentes y tecnolog\u00edas habilitantes.<\/p>\n<p style=\"font-weight: 400; text-align: justify;\">La convocatoria contempla un cofinanciamiento de hasta un 60% del costo total del proyecto, con un tope de 30 millones de pesos. Para cooperativas o empresas de base ind\u00edgena, el apoyo podr\u00e1 alcanzar hasta el 70%, manteniendo el mismo tope. Las postulaciones deber\u00e1n considerar una inversi\u00f3n m\u00ednima de $12 millones para empresas generales y de $10 millones para cooperativas ind\u00edgenas.<\/p>\n<p style=\"font-weight: 400; text-align: justify;\"><strong>INNOVACI\u00d3N COLABORATIVA<\/strong><\/p>\n<p style=\"font-weight: 400; text-align: justify;\">En paralelo, se encuentran abiertas las postulaciones al programa S\u00famate a Innovar, orientado a empresas que a\u00fan no han incursionado activamente en procesos de innovaci\u00f3n, pero que enfrentan desaf\u00edos productivos o tecnol\u00f3gicos. Esta iniciativa busca que las empresas se vinculen con universidades, centros de investigaci\u00f3n o entidades tecnol\u00f3gicas para desarrollar soluciones ajustadas a sus necesidades espec\u00edficas.<\/p>\n<p style=\"font-weight: 400; text-align: justify;\">El programa contempla un fondo regional de hasta 20 millones de pesos, cofinanciando hasta el 80% del costo total de los proyectos seleccionados. Las propuestas ser\u00e1n evaluadas por su potencial de impacto, grado de innovaci\u00f3n y factibilidad t\u00e9cnica.<\/p>\n<p style=\"font-weight: 400; text-align: justify;\">Finalmente, Mar\u00edn hizo un llamado a las personas interesadas en estas convocatorias. \u201cCorfo Ays\u00e9n invita a las empresas de la regi\u00f3n a revisar las bases de postulaci\u00f3n, evaluar sus proyectos y aprovechar estas oportunidades para impulsar su crecimiento y competitividad. Nuestra misi\u00f3n es seguir construyendo una econom\u00eda regional m\u00e1s din\u00e1mica, sostenible y basada en el talento local\u00bb.<\/p>\n<p style=\"font-weight: 400; text-align: justify;\">Ambas convocatorias estar\u00e1n abiertas hasta las 15:00 horas del mi\u00e9rcoles 30 de mayo de 2025 a trav\u00e9s del sitio web\u00a0<a href=\"http:\/\/www.corfo.cl\/\" data-saferedirecturl=\"https:\/\/www.google.com\/url?q=http:\/\/www.corfo.cl\/&amp;source=gmail&amp;ust=1746040234853000&amp;usg=AOvVaw0iqxmfJgXEBBpYTvL6k2Hu\">www.corfo.cl<\/a>. Para consultas o apoyo en el proceso de postulaci\u00f3n, las personas interesadas pueden acercarse a la oficina regional ubicada en Sim\u00f3n Bol\u00edvar 262, Coyhaique, llamar al 67 2451250 o escribir a los correos\u00a0<a href=\"mailto:cgomez@corfo.cl\">cgomez@corfo.cl<\/a>\u00a0(Desarrolla Inversi\u00f3n) o\u00a0<a href=\"mailto:andres.sandoval@corfo.cl\">andres.sandoval@corfo.cl<\/a>\u00a0(S\u00famate a Innovar).<\/p>\n<\/div><\/section><\/div><div  style='height:50px' class='hr hr-invisible   avia-builder-el-6  el_after_av_one_full  el_before_av_social_share '><span class='hr-inner ' ><span class='hr-inner-style'><\/span><\/span><\/div><\/p>\n<div  class='av-social-sharing-box  avia-builder-el-7  el_after_av_hr  el_before_av_hr  '><div class='av-share-box'><h5 class='av-share-link-description av-no-toc '>Compartir esta noticia<\/h5><ul class='av-share-box-list noLightbox'><li class='av-share-link av-social-link-facebook' ><a target=\"_blank\" aria-label=\"Compartir en Facebook\" href='https:\/\/www.facebook.com\/sharer.php?u=https:\/\/radiorevelacionfm.cl\/?p=53274&#038;t=Corfo%20Ays%C3%A9n%20lanza%20convocatorias%20para%20fortalecer%20la%20inversi%C3%B3n%20y%20la%20innovaci%C3%B3n%20en%20pymes%20regionales' aria-hidden='false' data-av_icon='\ue8f3' data-av_iconfont='entypo-fontello' title='' data-avia-related-tooltip='Compartir en Facebook' rel=\"noopener\"><span class='avia_hidden_link_text'>Compartir en Facebook<\/span><\/a><\/li><li class='av-share-link av-social-link-twitter' ><a target=\"_blank\" aria-label=\"Compartir en Twitter\" href='https:\/\/twitter.com\/share?text=Corfo%20Ays%C3%A9n%20lanza%20convocatorias%20para%20fortalecer%20la%20inversi%C3%B3n%20y%20la%20innovaci%C3%B3n%20en%20pymes%20regionales&#038;url=https:\/\/radiorevelacionfm.cl\/?p=53274' aria-hidden='false' data-av_icon='\ue8f1' data-av_iconfont='entypo-fontello' title='' data-avia-related-tooltip='Compartir en Twitter' rel=\"noopener\"><span class='avia_hidden_link_text'>Compartir en Twitter<\/span><\/a><\/li><li class='av-share-link av-social-link-whatsapp' ><a target=\"_blank\" aria-label=\"Compartir en Whatsapp\" href='https:\/\/api.whatsapp.com\/send?text=https:\/\/radiorevelacionfm.cl\/?p=53274' aria-hidden='false' data-av_icon='\uf232' data-av_iconfont='entypo-fontello' title='' data-avia-related-tooltip='Compartir en Whatsapp' rel=\"noopener\"><span class='avia_hidden_link_text'>Compartir en Whatsapp<\/span><\/a><\/li><li class='av-share-link av-social-link-linkedin' ><a target=\"_blank\" aria-label=\"Compartir en LinkedIn\" href='https:\/\/linkedin.com\/shareArticle?mini=true&#038;title=Corfo%20Ays%C3%A9n%20lanza%20convocatorias%20para%20fortalecer%20la%20inversi%C3%B3n%20y%20la%20innovaci%C3%B3n%20en%20pymes%20regionales&#038;url=https:\/\/radiorevelacionfm.cl\/?p=53274' aria-hidden='false' data-av_icon='\ue8fc' data-av_iconfont='entypo-fontello' title='' data-avia-related-tooltip='Compartir en LinkedIn' rel=\"noopener\"><span class='avia_hidden_link_text'>Compartir en LinkedIn<\/span><\/a><\/li><li class='av-share-link av-social-link-mail' ><a  aria-label=\"Compartir por correo\" href='mailto:?subject=Corfo%20Ays%C3%A9n%20lanza%20convocatorias%20para%20fortalecer%20la%20inversi%C3%B3n%20y%20la%20innovaci%C3%B3n%20en%20pymes%20regionales&#038;body=https:\/\/radiorevelacionfm.cl\/?p=53274' aria-hidden='false' data-av_icon='\ue805' data-av_iconfont='entypo-fontello' title='' data-avia-related-tooltip='Compartir por correo'><span class='avia_hidden_link_text'>Compartir por correo<\/span><\/a><\/li><\/ul><\/div><\/div>\n<div  style='height:50px' class='hr hr-invisible   avia-builder-el-8  el_after_av_social_share  el_before_av_comments_list '><span class='hr-inner ' ><span class='hr-inner-style'><\/span><\/span><\/div>\n<div  class='av-buildercomment  av-blog-meta-html-info-disabled av-blog-meta-tag-disabled  '><\/div>\n","protected":false},"excerpt":{"rendered":"","protected":false},"author":1,"featured_media":53275,"comment_status":"closed","ping_status":"closed","sticky":false,"template":"","format":"standard","meta":{"footnotes":""},"categories":[38],"tags":[],"class_list":["post-53274","post","type-post","status-publish","format-standard","has-post-thumbnail","hentry","category-regional"],"jetpack_featured_media_url":"https:\/\/radiorevelacionfm.cl\/wp-content\/uploads\/2025\/04\/01-pexels-1_optimized-1.jpg","_links":{"self":[{"href":"https:\/\/radiorevelacionfm.cl\/index.php?rest_route=\/wp\/v2\/posts\/53274","targetHints":{"allow":["GET"]}}],"collection":[{"href":"https:\/\/radiorevelacionfm.cl\/index.php?rest_route=\/wp\/v2\/posts"}],"about":[{"href":"https:\/\/radiorevelacionfm.cl\/index.php?rest_route=\/wp\/v2\/types\/post"}],"author":[{"embeddable":true,"href":"https:\/\/radiorevelacionfm.cl\/index.php?rest_route=\/wp\/v2\/users\/1"}],"replies":[{"embeddable":true,"href":"https:\/\/radiorevelacionfm.cl\/index.php?rest_route=%2Fwp%2Fv2%2Fcomments&post=53274"}],"version-history":[{"count":2,"href":"https:\/\/radiorevelacionfm.cl\/index.php?rest_route=\/wp\/v2\/posts\/53274\/revisions"}],"predecessor-version":[{"id":53277,"href":"https:\/\/radiorevelacionfm.cl\/index.php?rest_route=\/wp\/v2\/posts\/53274\/revisions\/53277"}],"wp:featuredmedia":[{"embeddable":true,"href":"https:\/\/radiorevelacionfm.cl\/index.php?rest_route=\/wp\/v2\/media\/53275"}],"wp:attachment":[{"href":"https:\/\/radiorevelacionfm.cl\/index.php?rest_route=%2Fwp%2Fv2%2Fmedia&parent=53274"}],"wp:term":[{"taxonomy":"category","embeddable":true,"href":"https:\/\/radiorevelacionfm.cl\/index.php?rest_route=%2Fwp%2Fv2%2Fcategories&post=53274"},{"taxonomy":"post_tag","embeddable":true,"href":"https:\/\/radiorevelacionfm.cl\/index.php?rest_route=%2Fwp%2Fv2%2Ftags&post=53274"}],"curies":[{"name":"wp","href":"https:\/\/api.w.org\/{rel}","templated":true}]}}