{"id":53266,"date":"2025-04-29T16:12:06","date_gmt":"2025-04-29T19:12:06","guid":{"rendered":"https:\/\/radiorevelacionfm.cl\/?p=53266"},"modified":"2025-04-29T16:12:06","modified_gmt":"2025-04-29T19:12:06","slug":"en-coyhaique-se-exhibira-amanda-la-cinta-que-retrata-los-impactos-de-la-industria-del-salmon-en-aysen","status":"publish","type":"post","link":"https:\/\/radiorevelacionfm.cl\/?p=53266","title":{"rendered":"En Coyhaique se exhibir\u00e1 \u00abAmanda\u00bb, la cinta que retrata los impactos de la industria del salm\u00f3n en Ays\u00e9n"},"content":{"rendered":"<div class=\"flex_column av_one_full  flex_column_div av-zero-column-padding first  avia-builder-el-0  el_before_av_one_full  avia-builder-el-first  \" style='border-radius:0px; '><div  class='avia-image-container  av-styling-    avia-builder-el-1  avia-builder-el-no-sibling  avia-align-center '  itemprop=\"image\" itemscope=\"itemscope\" itemtype=\"https:\/\/schema.org\/ImageObject\"  ><div class='avia-image-container-inner'><div class='avia-image-overlay-wrap'><img decoding=\"async\" class='wp-image-53267 avia-img-lazy-loading-not-53267 avia_image' src=\"https:\/\/radiorevelacionfm.cl\/wp-content\/uploads\/2025\/04\/afiche-cinta-_amanda_-1_optimized-1.jpg\" alt='' title='afiche-cinta-_amanda_-(1)_optimized (1)' height=\"1000\" width=\"800\"  itemprop=\"thumbnailUrl\" srcset=\"https:\/\/radiorevelacionfm.cl\/wp-content\/uploads\/2025\/04\/afiche-cinta-_amanda_-1_optimized-1.jpg 800w, https:\/\/radiorevelacionfm.cl\/wp-content\/uploads\/2025\/04\/afiche-cinta-_amanda_-1_optimized-1-240x300.jpg 240w, https:\/\/radiorevelacionfm.cl\/wp-content\/uploads\/2025\/04\/afiche-cinta-_amanda_-1_optimized-1-768x960.jpg 768w, https:\/\/radiorevelacionfm.cl\/wp-content\/uploads\/2025\/04\/afiche-cinta-_amanda_-1_optimized-1-564x705.jpg 564w, https:\/\/radiorevelacionfm.cl\/wp-content\/uploads\/2025\/04\/afiche-cinta-_amanda_-1_optimized-1-450x563.jpg 450w, https:\/\/radiorevelacionfm.cl\/wp-content\/uploads\/2025\/04\/afiche-cinta-_amanda_-1_optimized-1-600x750.jpg 600w\" sizes=\"(max-width: 800px) 100vw, 800px\" \/><\/div><\/div><\/div><\/div><div class=\"flex_column av_one_full  flex_column_div av-zero-column-padding first  avia-builder-el-2  el_after_av_one_full  el_before_av_one_full  column-top-margin\" style='border-radius:0px; '><section class=\"av_textblock_section \"  itemscope=\"itemscope\" itemtype=\"https:\/\/schema.org\/BlogPosting\" itemprop=\"blogPost\" ><div class='avia_textblock  '   itemprop=\"text\" ><p style=\"text-align: center;\"><span style=\"font-size: 18pt;\"><b>En Coyhaique se exhibir\u00e1 \u00abAmanda\u00bb, la cinta que retrata los impactos de la industria del salm\u00f3n en Ays\u00e9n<\/b><\/span><\/p>\n<div id=\"gtx-trans\" style=\"position: absolute; left: -50px; top: 4.31534px;\">\n<div class=\"gtx-trans-icon\"><\/div>\n<\/div>\n<\/div><\/section><\/div><div class=\"flex_column av_one_full  flex_column_div av-zero-column-padding first  avia-builder-el-4  el_after_av_one_full  el_before_av_hr  column-top-margin\" style='border-radius:0px; '><section class=\"av_textblock_section \"  itemscope=\"itemscope\" itemtype=\"https:\/\/schema.org\/BlogPosting\" itemprop=\"blogPost\" ><div class='avia_textblock  '   itemprop=\"text\" ><ul>\n<li class=\"v1MsoNormal\" style=\"text-align: justify;\"><i>Del director italiano Cristiano Bendinelli<\/i><i>,\u00a0la pel\u00edcula -protagonizada por la actriz Sabina Sesenna y habitantes de Islas Huichas- ha sido galardonada en diversos cert\u00e1menes cinematogr\u00e1ficos.<\/i><\/li>\n<\/ul>\n<p class=\"v1MsoNormal\" style=\"text-align: justify;\"><i>Durante esa semana, adem\u00e1s, se realizar\u00e1 un conversatorio con algunos de sus protagonistas, quienes relatar\u00e1n su experiencia en la grabaci\u00f3n de la obra as\u00ed como la situaci\u00f3n que hoy se vive en el litoral de Ays\u00e9n con las operaciones de la industria del salm\u00f3n.\u00a0\u00a0Se incluir\u00e1, tambi\u00e9n, una charla sobre los impactos socioambientales de la actividad, a cargo del presidente de la Agrupaci\u00f3n Ais\u00e9n Reserva de Vida, Peter Hartmann.<\/i><\/p>\n<p class=\"v1MsoNormal\" style=\"text-align: justify;\">Tras presentarse y ser reconocida en m\u00faltiples circuitos nacionales e internacionales, por primera vez se presentar\u00e1 en la regi\u00f3n de Ays\u00e9n la\u00a0<a href=\"https:\/\/www.amandafilm.life\/es\/\" target=\"_blank\" rel=\"noopener noreferrer\">pel\u00edcula \u00abAmanda\u00bb<\/a>, del director italiano Cristiano Bendinelli.\u00a0\u00a0Es, en alguna medida, el cierre de un ciclo: fue grabada \u00edntegramente en Islas Huichas, y retrata la contaminaci\u00f3n ambiental y social a la que ha sometido la industria del salm\u00f3n al litoral austral.<\/p>\n<p class=\"v1MsoNormal\" style=\"text-align: justify;\">La cinta es protagonizada por la actriz Sabina Sesenna Aziz, quien representa a \u00ab<i>una joven ind\u00edgena mapuche huilliche que vive con su familia en una peque\u00f1a isla en el sur de la Patagonia chilena.\u00a0\u00a0Su trabajo es pescar con su t\u00edo desde el amanecer hasta el almuerzo, pero el pescado es cada vez menos: la explotaci\u00f3n intensiva del archipi\u00e9lago provocada por las multinacionales del salm\u00f3n ha hecho que la pesca sea dif\u00edcil y poco productiva<\/i>\u00ab.<\/p>\n<p class=\"v1MsoNormal\" style=\"text-align: justify;\">Se trata de una historia de amor por el lugar que se habita. Aunque es una pel\u00edcula de ficci\u00f3n, aborda lo que ocurre en la actualidad en Ays\u00e9n y releva aspectos del estallido social de 2019.<\/p>\n<p class=\"v1MsoNormal\" style=\"text-align: justify;\">Con la activa participaci\u00f3n de vecinos de Puerto Aguirre, Caleta Andrade y Estero Copa, adem\u00e1s de pobladores de sectores aleda\u00f1os, cuenta con musicalizaci\u00f3n de acad\u00e9micos del Conservatorio de M\u00fasica de la Universidad Austral de Chile.<\/p>\n<p class=\"v1MsoNormal\" style=\"text-align: justify;\">Tras su estreno en 2023 en el Festival CineUnder de Argentina, se ha presentado en distintos cert\u00e1menes, siendo galardonada en el FICAA de M\u00e9xico, SEVIFF de Espa\u00f1a, Nebrodi Cinema Doc de Italia, FECISO de Chile, el Festival Isla Verde de Cuba.<\/p>\n<p class=\"v1MsoNormal\" style=\"text-align: justify;\">\u00ab<i>Protagonizada por vecinos y vecinas de la isla junto a comunidades ind\u00edgenas, captura la esencia de navegar y vivir en estos territorios remotos, donde la defensa del territorio y el mar se mantiene vigente. A trav\u00e9s de su mirada \u00edntima, la pel\u00edcula expone el contraste entre la belleza agreste de la Patagonia y la amenaza ambiental que representa la industria salmonera<\/i>\u00bb\u00a0<a href=\"https:\/\/www.instagram.com\/p\/DI1IXRBs2by\/\" target=\"_blank\" rel=\"noopener noreferrer\">explican<\/a>\u00a0en la presentaci\u00f3n.<\/p>\n<p class=\"v1MsoNormal\" style=\"text-align: justify;\">\u00abAmanda\u00bb ser\u00e1 estrenada en una\u00a0<b>\u00fanica funci\u00f3n en la capital regional<\/b>, el\u00a0<b>mi\u00e9rcoles 7 de mayo<\/b>\u00a0a las\u00a0<b>18:00 hrs.<\/b>\u00a0en el\u00a0<b>Centro Cultural de Coyhaique<\/b>, que apoya la actividad. La entrada ser\u00e1 liberada.<\/p>\n<p class=\"v1MsoNormal\" style=\"text-align: justify;\">La presentaci\u00f3n es organizada por la\u00a0<a href=\"https:\/\/www.instagram.com\/p\/DI1IXRBs2by\/\" target=\"_blank\" rel=\"noopener noreferrer\">Red de Protecci\u00f3n y Defensa del Territorio-Patagonia<\/a>\u00a0junto la Agrupaci\u00f3n Ays\u00e9n Reserva de Vida, en el marco de una serie de actividades de reflexi\u00f3n sobre la industria del salm\u00f3n.<\/p>\n<p class=\"v1MsoNormal\" style=\"text-align: justify;\">Es as\u00ed que durante esa semana, adem\u00e1s, se realizar\u00e1 una charla sobre los impactos de la industria, a cargo del\u00a0<b>presidente de la Agrupaci\u00f3n Ais\u00e9n Reserva de Vida Peter Hartmann Samhaber<\/b>.\u00a0\u00a0Tambi\u00e9n estar\u00e1n presentes algunos de los protagonistas de la cinta, quienes relatar\u00e1n su experiencia en la grabaci\u00f3n de la pel\u00edcula as\u00ed como la situaci\u00f3n que hoy se vive en el litoral de Ays\u00e9n con las operaciones salmoneras. El d\u00eda, hora y lugar se informar\u00e1n a trav\u00e9s de las plataformas digitales de la\u00a0<a href=\"https:\/\/www.instagram.com\/redprodeterpatagonia\/\" target=\"_blank\" rel=\"noopener noreferrer\">Red de Protecci\u00f3n y Defensa del Territorio-Patagonia<\/a>.<\/p>\n<\/div><\/section><\/div><div  style='height:50px' class='hr hr-invisible   avia-builder-el-6  el_after_av_one_full  el_before_av_social_share '><span class='hr-inner ' ><span class='hr-inner-style'><\/span><\/span><\/div><\/p>\n<div  class='av-social-sharing-box  avia-builder-el-7  el_after_av_hr  el_before_av_hr  '><div class='av-share-box'><h5 class='av-share-link-description av-no-toc '>Compartir esta noticia<\/h5><ul class='av-share-box-list noLightbox'><li class='av-share-link av-social-link-facebook' ><a target=\"_blank\" aria-label=\"Compartir en Facebook\" href='https:\/\/www.facebook.com\/sharer.php?u=https:\/\/radiorevelacionfm.cl\/?p=53266&#038;t=En%20Coyhaique%20se%20exhibir%C3%A1%20%C2%ABAmanda%C2%BB%2C%20la%20cinta%20que%20retrata%20los%20impactos%20de%20la%20industria%20del%20salm%C3%B3n%20en%20Ays%C3%A9n' aria-hidden='false' data-av_icon='\ue8f3' data-av_iconfont='entypo-fontello' title='' data-avia-related-tooltip='Compartir en Facebook' rel=\"noopener\"><span class='avia_hidden_link_text'>Compartir en Facebook<\/span><\/a><\/li><li class='av-share-link av-social-link-twitter' ><a target=\"_blank\" aria-label=\"Compartir en Twitter\" href='https:\/\/twitter.com\/share?text=En%20Coyhaique%20se%20exhibir%C3%A1%20%C2%ABAmanda%C2%BB%2C%20la%20cinta%20que%20retrata%20los%20impactos%20de%20la%20industria%20del%20salm%C3%B3n%20en%20Ays%C3%A9n&#038;url=https:\/\/radiorevelacionfm.cl\/?p=53266' aria-hidden='false' data-av_icon='\ue8f1' data-av_iconfont='entypo-fontello' title='' data-avia-related-tooltip='Compartir en Twitter' rel=\"noopener\"><span class='avia_hidden_link_text'>Compartir en Twitter<\/span><\/a><\/li><li class='av-share-link av-social-link-whatsapp' ><a target=\"_blank\" aria-label=\"Compartir en Whatsapp\" href='https:\/\/api.whatsapp.com\/send?text=https:\/\/radiorevelacionfm.cl\/?p=53266' aria-hidden='false' data-av_icon='\uf232' data-av_iconfont='entypo-fontello' title='' data-avia-related-tooltip='Compartir en Whatsapp' rel=\"noopener\"><span class='avia_hidden_link_text'>Compartir en Whatsapp<\/span><\/a><\/li><li class='av-share-link av-social-link-linkedin' ><a target=\"_blank\" aria-label=\"Compartir en LinkedIn\" href='https:\/\/linkedin.com\/shareArticle?mini=true&#038;title=En%20Coyhaique%20se%20exhibir%C3%A1%20%C2%ABAmanda%C2%BB%2C%20la%20cinta%20que%20retrata%20los%20impactos%20de%20la%20industria%20del%20salm%C3%B3n%20en%20Ays%C3%A9n&#038;url=https:\/\/radiorevelacionfm.cl\/?p=53266' aria-hidden='false' data-av_icon='\ue8fc' data-av_iconfont='entypo-fontello' title='' data-avia-related-tooltip='Compartir en LinkedIn' rel=\"noopener\"><span class='avia_hidden_link_text'>Compartir en LinkedIn<\/span><\/a><\/li><li class='av-share-link av-social-link-mail' ><a  aria-label=\"Compartir por correo\" href='mailto:?subject=En%20Coyhaique%20se%20exhibir%C3%A1%20%C2%ABAmanda%C2%BB%2C%20la%20cinta%20que%20retrata%20los%20impactos%20de%20la%20industria%20del%20salm%C3%B3n%20en%20Ays%C3%A9n&#038;body=https:\/\/radiorevelacionfm.cl\/?p=53266' aria-hidden='false' data-av_icon='\ue805' data-av_iconfont='entypo-fontello' title='' data-avia-related-tooltip='Compartir por correo'><span class='avia_hidden_link_text'>Compartir por correo<\/span><\/a><\/li><\/ul><\/div><\/div>\n<div  style='height:50px' class='hr hr-invisible   avia-builder-el-8  el_after_av_social_share  el_before_av_comments_list '><span class='hr-inner ' ><span class='hr-inner-style'><\/span><\/span><\/div>\n<div  class='av-buildercomment  av-blog-meta-html-info-disabled av-blog-meta-tag-disabled  '><\/div>\n","protected":false},"excerpt":{"rendered":"","protected":false},"author":1,"featured_media":53267,"comment_status":"closed","ping_status":"closed","sticky":false,"template":"","format":"standard","meta":{"footnotes":""},"categories":[60],"tags":[],"class_list":["post-53266","post","type-post","status-publish","format-standard","has-post-thumbnail","hentry","category-pesca"],"jetpack_featured_media_url":"https:\/\/radiorevelacionfm.cl\/wp-content\/uploads\/2025\/04\/afiche-cinta-_amanda_-1_optimized-1.jpg","_links":{"self":[{"href":"https:\/\/radiorevelacionfm.cl\/index.php?rest_route=\/wp\/v2\/posts\/53266","targetHints":{"allow":["GET"]}}],"collection":[{"href":"https:\/\/radiorevelacionfm.cl\/index.php?rest_route=\/wp\/v2\/posts"}],"about":[{"href":"https:\/\/radiorevelacionfm.cl\/index.php?rest_route=\/wp\/v2\/types\/post"}],"author":[{"embeddable":true,"href":"https:\/\/radiorevelacionfm.cl\/index.php?rest_route=\/wp\/v2\/users\/1"}],"replies":[{"embeddable":true,"href":"https:\/\/radiorevelacionfm.cl\/index.php?rest_route=%2Fwp%2Fv2%2Fcomments&post=53266"}],"version-history":[{"count":2,"href":"https:\/\/radiorevelacionfm.cl\/index.php?rest_route=\/wp\/v2\/posts\/53266\/revisions"}],"predecessor-version":[{"id":53273,"href":"https:\/\/radiorevelacionfm.cl\/index.php?rest_route=\/wp\/v2\/posts\/53266\/revisions\/53273"}],"wp:featuredmedia":[{"embeddable":true,"href":"https:\/\/radiorevelacionfm.cl\/index.php?rest_route=\/wp\/v2\/media\/53267"}],"wp:attachment":[{"href":"https:\/\/radiorevelacionfm.cl\/index.php?rest_route=%2Fwp%2Fv2%2Fmedia&parent=53266"}],"wp:term":[{"taxonomy":"category","embeddable":true,"href":"https:\/\/radiorevelacionfm.cl\/index.php?rest_route=%2Fwp%2Fv2%2Fcategories&post=53266"},{"taxonomy":"post_tag","embeddable":true,"href":"https:\/\/radiorevelacionfm.cl\/index.php?rest_route=%2Fwp%2Fv2%2Ftags&post=53266"}],"curies":[{"name":"wp","href":"https:\/\/api.w.org\/{rel}","templated":true}]}}