{"id":53262,"date":"2025-04-29T13:05:01","date_gmt":"2025-04-29T16:05:01","guid":{"rendered":"https:\/\/radiorevelacionfm.cl\/?p=53262"},"modified":"2025-04-29T13:05:01","modified_gmt":"2025-04-29T16:05:01","slug":"con-foco-en-el-liderazgo-slep-aysen-realiza-segunda-conferencia-de-directores-as-y-docentes-encargados","status":"publish","type":"post","link":"https:\/\/radiorevelacionfm.cl\/?p=53262","title":{"rendered":"Con foco en el liderazgo: SLEP Ays\u00e9n realiza segunda conferencia de directores\/as y docentes encargados"},"content":{"rendered":"<div class=\"flex_column av_one_full  flex_column_div av-zero-column-padding first  avia-builder-el-0  el_before_av_one_full  avia-builder-el-first  \" style='border-radius:0px; '><div  class='avia-image-container  av-styling-    avia-builder-el-1  avia-builder-el-no-sibling  avia-align-center '  itemprop=\"image\" itemscope=\"itemscope\" itemtype=\"https:\/\/schema.org\/ImageObject\"  ><div class='avia-image-container-inner'><div class='avia-image-overlay-wrap'><img decoding=\"async\" class='wp-image-53263 avia-img-lazy-loading-not-53263 avia_image' src=\"https:\/\/radiorevelacionfm.cl\/wp-content\/uploads\/2025\/04\/directores-1-1_optimized.jpg\" alt='' title='directores-1-(1)_optimized' height=\"610\" width=\"801\"  itemprop=\"thumbnailUrl\" srcset=\"https:\/\/radiorevelacionfm.cl\/wp-content\/uploads\/2025\/04\/directores-1-1_optimized.jpg 801w, https:\/\/radiorevelacionfm.cl\/wp-content\/uploads\/2025\/04\/directores-1-1_optimized-300x228.jpg 300w, https:\/\/radiorevelacionfm.cl\/wp-content\/uploads\/2025\/04\/directores-1-1_optimized-768x585.jpg 768w, https:\/\/radiorevelacionfm.cl\/wp-content\/uploads\/2025\/04\/directores-1-1_optimized-705x537.jpg 705w, https:\/\/radiorevelacionfm.cl\/wp-content\/uploads\/2025\/04\/directores-1-1_optimized-450x343.jpg 450w, https:\/\/radiorevelacionfm.cl\/wp-content\/uploads\/2025\/04\/directores-1-1_optimized-600x457.jpg 600w\" sizes=\"(max-width: 801px) 100vw, 801px\" \/><\/div><\/div><\/div><\/div><div class=\"flex_column av_one_full  flex_column_div av-zero-column-padding first  avia-builder-el-2  el_after_av_one_full  el_before_av_one_full  column-top-margin\" style='border-radius:0px; '><section class=\"av_textblock_section \"  itemscope=\"itemscope\" itemtype=\"https:\/\/schema.org\/BlogPosting\" itemprop=\"blogPost\" ><div class='avia_textblock  '   itemprop=\"text\" ><p style=\"text-align: center;\"><strong><span style=\"font-size: 18pt;\">Con foco en el liderazgo: SLEP Ays\u00e9n realiza segunda conferencia de directores\/as y docentes encargados<\/span><\/strong><\/p>\n<div id=\"gtx-trans\" style=\"position: absolute; left: -50px; top: 4.31534px;\">\n<div class=\"gtx-trans-icon\"><\/div>\n<\/div>\n<\/div><\/section><\/div><div class=\"flex_column av_one_full  flex_column_div av-zero-column-padding first  avia-builder-el-4  el_after_av_one_full  el_before_av_hr  column-top-margin\" style='border-radius:0px; '><section class=\"av_textblock_section \"  itemscope=\"itemscope\" itemtype=\"https:\/\/schema.org\/BlogPosting\" itemprop=\"blogPost\" ><div class='avia_textblock  '   itemprop=\"text\" ><p style=\"text-align: justify;\">Bajo el lema \u201cL\u00edderes para la Nueva Educaci\u00f3n P\u00fablica\u201d, el Servicio Local de Educaci\u00f3n P\u00fablica (SLEP) de Ays\u00e9n llev\u00f3 a cabo la segunda conferencia anual de directores, directoras y docentes encargados de los 64 jardines, escuelas y liceos p\u00fablicos de la regi\u00f3n. La instancia busc\u00f3 fortalecer el liderazgo educativo a trav\u00e9s del di\u00e1logo y la reflexi\u00f3n conjunta sobre los desaf\u00edos actuales del sistema, promoviendo la colaboraci\u00f3n como motor de mejora.<\/p>\n<p style=\"text-align: justify;\">El director ejecutivo del SLEP Ays\u00e9n, Sebasti\u00e1n Gonz\u00e1lez Rogers, destac\u00f3 que el liderazgo directivo es clave para afrontar los cambios y oportunidades que plantea el nuevo modelo de educaci\u00f3n p\u00fablica. \u201cHoy hemos reflexionado sobre c\u00f3mo enfrentar los desaf\u00edos en aprendizaje, convivencia y relaciones comunitarias desde un liderazgo flexible, \u00e1gil y, sobre todo, emp\u00e1tico, capaz de trabajar desde y para las comunidades\u201d, expres\u00f3.<\/p>\n<p style=\"text-align: justify;\">Durante las jornadas, se profundiz\u00f3 en las caracter\u00edsticas del liderazgo educativo actual, entendiendo que su rol va m\u00e1s all\u00e1 de la gesti\u00f3n administrativa: debe inspirar, guiar e impulsar una educaci\u00f3n de calidad, inclusiva e innovadora.<\/p>\n<p style=\"text-align: justify;\">Sobre los aprendizajes de la actividad, Jos\u00e9 Luis Soto, director de la Escuela Eusebio Ibar Schepeler de La Junta, se\u00f1al\u00f3: \u201cNos llevamos la misi\u00f3n de seguir impulsando modelos de aprendizaje profundo, gestionando las condiciones necesarias para entregar educaci\u00f3n de calidad\u201d. En tanto, Mar\u00eda Paz Ovando, docente encargada de la Escuela Rural Valle de la Luna, valor\u00f3 el encuentro como un espacio de intercambio y crecimiento profesional: \u201cHa sido muy enriquecedor compartir experiencias con l\u00edderes de trayectoria y quienes estamos comenzando\u201d, expres\u00f3.<\/p>\n<p style=\"text-align: justify;\">La conferencia incluy\u00f3 talleres y din\u00e1micas lideradas por el equipo de la Subdirecci\u00f3n de Apoyo T\u00e9cnico Pedag\u00f3gico del SLEP y los relatores de la Fundaci\u00f3n 99, Gonzalo Plaza y Nicol\u00e1s Colarte, enfocadas en el Plan Estrat\u00e9gico Local 2024 y los sellos de la Nueva Educaci\u00f3n P\u00fablica de Ays\u00e9n.<\/p>\n<p style=\"text-align: justify;\">Al cierre, los participantes reflexionaron sobre la construcci\u00f3n del nuevo Modelo Pedag\u00f3gico de Ays\u00e9n, adaptado a la identidad regional. Gonz\u00e1lez Rogers anunci\u00f3 que este plan comenzar\u00e1 a implementarse este a\u00f1o, buscando fortalecer una educaci\u00f3n p\u00fablica pertinente y de calidad: \u201cEducar en Ays\u00e9n es distinto, y debemos construir un modelo que refleje esa realidad para asegurar un mejor presente y futuro para nuestros estudiantes\u201d, afirm\u00f3.<\/p>\n<p style=\"text-align: justify;\">El SLEP Ays\u00e9n apuesta por una transformaci\u00f3n educativa basada en los principios del Aprendizaje Profundo, impulsando un cambio en la cultura organizacional de los establecimientos educativos, replanteando pr\u00e1cticas tradicionales y promoviendo metodolog\u00edas activas como el aprendizaje basado en proyectos y problemas; se instala como un punto de inicio para poder ir preparando a las comunidades escolares para enfrentar con herramientas concretas los cambios del mundo actual. Es un imperativo repensar las formas en que los procesos de ense\u00f1anza-aprendizaje ocurren en la escuela y esta estrategia busca desarrollar competencias transferibles, siempre desde una perspectiva solidaria y con foco en el derecho a la educaci\u00f3n.<\/p>\n<\/div><\/section><\/div><div  style='height:50px' class='hr hr-invisible   avia-builder-el-6  el_after_av_one_full  el_before_av_social_share '><span class='hr-inner ' ><span class='hr-inner-style'><\/span><\/span><\/div><\/p>\n<div  class='av-social-sharing-box  avia-builder-el-7  el_after_av_hr  el_before_av_hr  '><div class='av-share-box'><h5 class='av-share-link-description av-no-toc '>Compartir esta noticia<\/h5><ul class='av-share-box-list noLightbox'><li class='av-share-link av-social-link-facebook' ><a target=\"_blank\" aria-label=\"Compartir en Facebook\" href='https:\/\/www.facebook.com\/sharer.php?u=https:\/\/radiorevelacionfm.cl\/?p=53262&#038;t=Con%20foco%20en%20el%20liderazgo%3A%20SLEP%20Ays%C3%A9n%20realiza%20segunda%20conferencia%20de%20directores%2Fas%20y%20docentes%20encargados' aria-hidden='false' data-av_icon='\ue8f3' data-av_iconfont='entypo-fontello' title='' data-avia-related-tooltip='Compartir en Facebook' rel=\"noopener\"><span class='avia_hidden_link_text'>Compartir en Facebook<\/span><\/a><\/li><li class='av-share-link av-social-link-twitter' ><a target=\"_blank\" aria-label=\"Compartir en Twitter\" href='https:\/\/twitter.com\/share?text=Con%20foco%20en%20el%20liderazgo%3A%20SLEP%20Ays%C3%A9n%20realiza%20segunda%20conferencia%20de%20directores%2Fas%20y%20docentes%20encargados&#038;url=https:\/\/radiorevelacionfm.cl\/?p=53262' aria-hidden='false' data-av_icon='\ue8f1' data-av_iconfont='entypo-fontello' title='' data-avia-related-tooltip='Compartir en Twitter' rel=\"noopener\"><span class='avia_hidden_link_text'>Compartir en Twitter<\/span><\/a><\/li><li class='av-share-link av-social-link-whatsapp' ><a target=\"_blank\" aria-label=\"Compartir en Whatsapp\" href='https:\/\/api.whatsapp.com\/send?text=https:\/\/radiorevelacionfm.cl\/?p=53262' aria-hidden='false' data-av_icon='\uf232' data-av_iconfont='entypo-fontello' title='' data-avia-related-tooltip='Compartir en Whatsapp' rel=\"noopener\"><span class='avia_hidden_link_text'>Compartir en Whatsapp<\/span><\/a><\/li><li class='av-share-link av-social-link-linkedin' ><a target=\"_blank\" aria-label=\"Compartir en LinkedIn\" href='https:\/\/linkedin.com\/shareArticle?mini=true&#038;title=Con%20foco%20en%20el%20liderazgo%3A%20SLEP%20Ays%C3%A9n%20realiza%20segunda%20conferencia%20de%20directores%2Fas%20y%20docentes%20encargados&#038;url=https:\/\/radiorevelacionfm.cl\/?p=53262' aria-hidden='false' data-av_icon='\ue8fc' data-av_iconfont='entypo-fontello' title='' data-avia-related-tooltip='Compartir en LinkedIn' rel=\"noopener\"><span class='avia_hidden_link_text'>Compartir en LinkedIn<\/span><\/a><\/li><li class='av-share-link av-social-link-mail' ><a  aria-label=\"Compartir por correo\" href='mailto:?subject=Con%20foco%20en%20el%20liderazgo%3A%20SLEP%20Ays%C3%A9n%20realiza%20segunda%20conferencia%20de%20directores%2Fas%20y%20docentes%20encargados&#038;body=https:\/\/radiorevelacionfm.cl\/?p=53262' aria-hidden='false' data-av_icon='\ue805' data-av_iconfont='entypo-fontello' title='' data-avia-related-tooltip='Compartir por correo'><span class='avia_hidden_link_text'>Compartir por correo<\/span><\/a><\/li><\/ul><\/div><\/div>\n<div  style='height:50px' class='hr hr-invisible   avia-builder-el-8  el_after_av_social_share  el_before_av_comments_list '><span class='hr-inner ' ><span class='hr-inner-style'><\/span><\/span><\/div>\n<div  class='av-buildercomment  av-blog-meta-html-info-disabled av-blog-meta-tag-disabled  '><\/div>\n","protected":false},"excerpt":{"rendered":"","protected":false},"author":1,"featured_media":53263,"comment_status":"closed","ping_status":"closed","sticky":false,"template":"","format":"standard","meta":{"footnotes":""},"categories":[49],"tags":[],"class_list":["post-53262","post","type-post","status-publish","format-standard","has-post-thumbnail","hentry","category-educacion"],"jetpack_featured_media_url":"https:\/\/radiorevelacionfm.cl\/wp-content\/uploads\/2025\/04\/directores-1-1_optimized.jpg","_links":{"self":[{"href":"https:\/\/radiorevelacionfm.cl\/index.php?rest_route=\/wp\/v2\/posts\/53262","targetHints":{"allow":["GET"]}}],"collection":[{"href":"https:\/\/radiorevelacionfm.cl\/index.php?rest_route=\/wp\/v2\/posts"}],"about":[{"href":"https:\/\/radiorevelacionfm.cl\/index.php?rest_route=\/wp\/v2\/types\/post"}],"author":[{"embeddable":true,"href":"https:\/\/radiorevelacionfm.cl\/index.php?rest_route=\/wp\/v2\/users\/1"}],"replies":[{"embeddable":true,"href":"https:\/\/radiorevelacionfm.cl\/index.php?rest_route=%2Fwp%2Fv2%2Fcomments&post=53262"}],"version-history":[{"count":2,"href":"https:\/\/radiorevelacionfm.cl\/index.php?rest_route=\/wp\/v2\/posts\/53262\/revisions"}],"predecessor-version":[{"id":53265,"href":"https:\/\/radiorevelacionfm.cl\/index.php?rest_route=\/wp\/v2\/posts\/53262\/revisions\/53265"}],"wp:featuredmedia":[{"embeddable":true,"href":"https:\/\/radiorevelacionfm.cl\/index.php?rest_route=\/wp\/v2\/media\/53263"}],"wp:attachment":[{"href":"https:\/\/radiorevelacionfm.cl\/index.php?rest_route=%2Fwp%2Fv2%2Fmedia&parent=53262"}],"wp:term":[{"taxonomy":"category","embeddable":true,"href":"https:\/\/radiorevelacionfm.cl\/index.php?rest_route=%2Fwp%2Fv2%2Fcategories&post=53262"},{"taxonomy":"post_tag","embeddable":true,"href":"https:\/\/radiorevelacionfm.cl\/index.php?rest_route=%2Fwp%2Fv2%2Ftags&post=53262"}],"curies":[{"name":"wp","href":"https:\/\/api.w.org\/{rel}","templated":true}]}}