{"id":53258,"date":"2025-04-29T12:07:12","date_gmt":"2025-04-29T15:07:12","guid":{"rendered":"https:\/\/radiorevelacionfm.cl\/?p=53258"},"modified":"2025-04-29T12:07:12","modified_gmt":"2025-04-29T15:07:12","slug":"gobierno-regional-presento-el-plan-estrategico-de-gestion-con-foco-en-la-reactivacion-economica-de-aysen","status":"publish","type":"post","link":"https:\/\/radiorevelacionfm.cl\/?p=53258","title":{"rendered":"Gobierno Regional present\u00f3 el Plan Estrat\u00e9gico de Gesti\u00f3n con foco en la reactivaci\u00f3n econ\u00f3mica de Ays\u00e9n"},"content":{"rendered":"<div class=\"flex_column av_one_full  flex_column_div av-zero-column-padding first  avia-builder-el-0  el_before_av_one_full  avia-builder-el-first  \" style='border-radius:0px; '><div  class='avia-image-container  av-styling-    avia-builder-el-1  avia-builder-el-no-sibling  avia-align-center '  itemprop=\"image\" itemscope=\"itemscope\" itemtype=\"https:\/\/schema.org\/ImageObject\"  ><div class='avia-image-container-inner'><div class='avia-image-overlay-wrap'><img decoding=\"async\" class='wp-image-53259 avia-img-lazy-loading-not-53259 avia_image' src=\"https:\/\/radiorevelacionfm.cl\/wp-content\/uploads\/2025\/04\/3-2025-04-29t120414_optimized.194-1.jpg\" alt='' title='3 - -2025-04-29t120414_optimized.194-(1)' height=\"600\" width=\"1080\"  itemprop=\"thumbnailUrl\" srcset=\"https:\/\/radiorevelacionfm.cl\/wp-content\/uploads\/2025\/04\/3-2025-04-29t120414_optimized.194-1.jpg 1080w, https:\/\/radiorevelacionfm.cl\/wp-content\/uploads\/2025\/04\/3-2025-04-29t120414_optimized.194-1-300x167.jpg 300w, https:\/\/radiorevelacionfm.cl\/wp-content\/uploads\/2025\/04\/3-2025-04-29t120414_optimized.194-1-1030x572.jpg 1030w, https:\/\/radiorevelacionfm.cl\/wp-content\/uploads\/2025\/04\/3-2025-04-29t120414_optimized.194-1-768x427.jpg 768w, https:\/\/radiorevelacionfm.cl\/wp-content\/uploads\/2025\/04\/3-2025-04-29t120414_optimized.194-1-705x392.jpg 705w, https:\/\/radiorevelacionfm.cl\/wp-content\/uploads\/2025\/04\/3-2025-04-29t120414_optimized.194-1-450x250.jpg 450w, https:\/\/radiorevelacionfm.cl\/wp-content\/uploads\/2025\/04\/3-2025-04-29t120414_optimized.194-1-600x333.jpg 600w\" sizes=\"(max-width: 1080px) 100vw, 1080px\" \/><\/div><\/div><\/div><\/div><div class=\"flex_column av_one_full  flex_column_div av-zero-column-padding first  avia-builder-el-2  el_after_av_one_full  el_before_av_one_full  column-top-margin\" style='border-radius:0px; '><section class=\"av_textblock_section \"  itemscope=\"itemscope\" itemtype=\"https:\/\/schema.org\/BlogPosting\" itemprop=\"blogPost\" ><div class='avia_textblock  '   itemprop=\"text\" ><p style=\"text-align: center;\"><strong><span style=\"font-size: 18pt;\">Gobierno Regional present\u00f3 el Plan Estrat\u00e9gico de Gesti\u00f3n con foco en la reactivaci\u00f3n econ\u00f3mica de Ays\u00e9n<\/span><\/strong><\/p>\n<div id=\"gtx-trans\" style=\"position: absolute; left: -50px; top: 4.31534px;\">\n<div class=\"gtx-trans-icon\"><\/div>\n<\/div>\n<\/div><\/section><\/div><div class=\"flex_column av_one_full  flex_column_div av-zero-column-padding first  avia-builder-el-4  el_after_av_one_full  el_before_av_hr  column-top-margin\" style='border-radius:0px; '><section class=\"av_textblock_section \"  itemscope=\"itemscope\" itemtype=\"https:\/\/schema.org\/BlogPosting\" itemprop=\"blogPost\" ><div class='avia_textblock  '   itemprop=\"text\" ><p style=\"text-align: justify;\">El Gobernador Regional de Ays\u00e9n, Marcelo Santana Vargas, present\u00f3 este lunes 28 de abril el Plan Estrat\u00e9gico de Gesti\u00f3n 2025-2029, anunciando una serie de proyectos enfocados en la reactivaci\u00f3n econ\u00f3mica de la regi\u00f3n.<\/p>\n<p style=\"text-align: justify;\">En la presentaci\u00f3n invit\u00f3 a todos los sectores, desde los funcionarios del Gobierno Regional, autoridades, representantes del mundo p\u00fablico, gremios productivos hasta la sociedad civil a participar activamente en la reactivaci\u00f3n: \u201cPorque de este estancamiento, salimos s\u00f3lo si el carro lo tiramos todos, independientemente y a pesar de nuestras diferencias\u201d, enfatiz\u00f3.<\/p>\n<p style=\"text-align: justify;\">Tambi\u00e9n explic\u00f3 la reactivaci\u00f3n econ\u00f3mica requiere romper con la estacionalidad que ha caracterizado siempre a la regi\u00f3n y \u201cque volver a crecer\u201d permitir\u00e1 generar empleos y mejorar la calidad de vida de las personas.<\/p>\n<p style=\"text-align: justify;\">Una de las prioridades, declar\u00f3 el Gobernador Regional, ser\u00e1 la pavimentaci\u00f3n de la Carretera Austral, en el marco del Plan Especial de Desarrollo de Zonas Extremas (PEDZE), y mejorar la conectividad terrestre, mar\u00edtima, lacustre y digital, lo que significar\u00e1 una inversi\u00f3n de 1.500 millones de d\u00f3lares entre aportes del sector p\u00fablico y el Gobierno Regional.<\/p>\n<p style=\"text-align: justify;\">Destac\u00f3 el plan de conectividad digital a trav\u00e9s de la instalaci\u00f3n de fibra \u00f3ptica para 21 localidades de la regi\u00f3n, que beneficiar\u00e1 a 7 mil habitantes con una inversi\u00f3n del Gobierno Regional de 8 mil millones de pesos.<\/p>\n<p style=\"text-align: justify;\">La habilitaci\u00f3n de infraestructura para diversos sectores ser\u00e1 otra de las prioridades.<\/p>\n<p style=\"text-align: justify;\">En el \u00e1mbito de la salud, destac\u00f3 la construcci\u00f3n del nuevo Hospital Regional con una inversi\u00f3n 342 mil millones de pesos y la construcci\u00f3n de centros de salud en Balmaceda, Puerto R\u00edo Tranquilo y Melinka con una inversi\u00f3n de 32 mil millones de pesos, entre otras iniciativas.<\/p>\n<p style=\"text-align: justify;\">En el \u00e1mbito de la educaci\u00f3n, algunos de los proyectos ser\u00edan la reposici\u00f3n del establecimiento educacional Melinka, la escuela Despertar de Puerto Ays\u00e9n y la escuela Espa\u00f1a de Coyhaique con una inversi\u00f3n de 50 mil millones de pesos; adem\u00e1s de proyectos de conservaci\u00f3n de infraestructura educacional de la Fundaci\u00f3n Integra, partiendo en este a\u00f1o con seis obras conservaci\u00f3n de infraestructura para establecimientos del Servicio Local de Educaci\u00f3n P\u00fablica SLEP.<\/p>\n<p style=\"text-align: justify;\">El Gobernador Regional tambi\u00e9n enfatiz\u00f3 la importancia de potenciar el turismo a trav\u00e9s de proyectos como el Plan de Terminales de Buses, que contempla la construcci\u00f3n de cinco nuevas instalaciones en La Junta, Puerto Ays\u00e9n, Cerro Castillo, Puerto R\u00edo Tranquilo y Puerto Cisnes con una inversi\u00f3n de 21 mil millones de pesos. Tambi\u00e9n, la construcci\u00f3n de la nueva costanera de Puerto R\u00edo Tranquilo y la costanera cultural de la comuna de Ays\u00e9n; y la construcci\u00f3n de infraestructura tur\u00edstica en parques nacionales.<\/p>\n<p style=\"text-align: justify;\">Con el objetivo de dinamizar el turismo y la econom\u00eda anunci\u00f3 el trabajo para la licitaci\u00f3n de una Zona Franca en Ays\u00e9n, que esperan inaugurar antes del fin de la administraci\u00f3n.<\/p>\n<p style=\"text-align: justify;\">De igual forma, present\u00f3 iniciativas dirigidas a mejorar la calidad de vida de las personas y, en especial, el bienestar de las personas mayores. Entre las obras, destac\u00f3 la construcci\u00f3n de Establecimiento de Larga Estad\u00eda para Adultos Mayores (ELEAM) en Puerto Ays\u00e9n y en Cochrane, a trav\u00e9s de un trabajo conjunto con los municipios de estas comunas; sumado a la implementaci\u00f3n de viviendas tuteladas en Puerto Ays\u00e9n y La Junta, en conjunto con el Ministerio de Vivienda con una inversi\u00f3n de 13 mil millones de pesos.<\/p>\n<p style=\"text-align: justify;\">En el \u00e1mbito del deporte, como aporte a la calidad de vida, anunci\u00f3 la construcci\u00f3n de un polideportivo para Coyhaique y un polideportivo para Ays\u00e9n; adem\u00e1s de la construcci\u00f3n, junto al municipio, del Estadio Centenario de Coyhaique por una inversi\u00f3n de 25 mil millones de pesos. Esto sumado a un programa de apoyo financiero a los deportistas de alto rendimiento que representan a la regi\u00f3n y el reciente anuncio de la construcci\u00f3n de 10 estadios en diversas localidades de Ays\u00e9n.<\/p>\n<p style=\"text-align: justify;\">\u201cNecesitamos que como comunidad orientemos nuestra acci\u00f3n hacia un crecimiento que impulse el bienestar integral de nuestras familias, en el \u00e1mbito humano, social y econ\u00f3mico\u201d, explic\u00f3.<\/p>\n<p style=\"text-align: justify;\">El Gobernador Regional, Marcelo Santana, cerr\u00f3 su discurso se\u00f1alando que, en el actual ambiente de incertidumbre financiera en el pa\u00eds, el Gobierno central no debe realizar recortes presupuestarios a las regiones: \u201cEl ajuste del sector p\u00fablico no puede ser a costa de las regiones y mucho menos a costa de las regiones extremas\u201d.<\/p>\n<\/div><\/section><\/div><div  style='height:50px' class='hr hr-invisible   avia-builder-el-6  el_after_av_one_full  el_before_av_social_share '><span class='hr-inner ' ><span class='hr-inner-style'><\/span><\/span><\/div><\/p>\n<div  class='av-social-sharing-box  avia-builder-el-7  el_after_av_hr  el_before_av_hr  '><div class='av-share-box'><h5 class='av-share-link-description av-no-toc '>Compartir esta noticia<\/h5><ul class='av-share-box-list noLightbox'><li class='av-share-link av-social-link-facebook' ><a target=\"_blank\" aria-label=\"Compartir en Facebook\" href='https:\/\/www.facebook.com\/sharer.php?u=https:\/\/radiorevelacionfm.cl\/?p=53258&#038;t=Gobierno%20Regional%20present%C3%B3%20el%20Plan%20Estrat%C3%A9gico%20de%20Gesti%C3%B3n%20con%20foco%20en%20la%20reactivaci%C3%B3n%20econ%C3%B3mica%20de%20Ays%C3%A9n' aria-hidden='false' data-av_icon='\ue8f3' data-av_iconfont='entypo-fontello' title='' data-avia-related-tooltip='Compartir en Facebook' rel=\"noopener\"><span class='avia_hidden_link_text'>Compartir en Facebook<\/span><\/a><\/li><li class='av-share-link av-social-link-twitter' ><a target=\"_blank\" aria-label=\"Compartir en Twitter\" href='https:\/\/twitter.com\/share?text=Gobierno%20Regional%20present%C3%B3%20el%20Plan%20Estrat%C3%A9gico%20de%20Gesti%C3%B3n%20con%20foco%20en%20la%20reactivaci%C3%B3n%20econ%C3%B3mica%20de%20Ays%C3%A9n&#038;url=https:\/\/radiorevelacionfm.cl\/?p=53258' aria-hidden='false' data-av_icon='\ue8f1' data-av_iconfont='entypo-fontello' title='' data-avia-related-tooltip='Compartir en Twitter' rel=\"noopener\"><span class='avia_hidden_link_text'>Compartir en Twitter<\/span><\/a><\/li><li class='av-share-link av-social-link-whatsapp' ><a target=\"_blank\" aria-label=\"Compartir en Whatsapp\" href='https:\/\/api.whatsapp.com\/send?text=https:\/\/radiorevelacionfm.cl\/?p=53258' aria-hidden='false' data-av_icon='\uf232' data-av_iconfont='entypo-fontello' title='' data-avia-related-tooltip='Compartir en Whatsapp' rel=\"noopener\"><span class='avia_hidden_link_text'>Compartir en Whatsapp<\/span><\/a><\/li><li class='av-share-link av-social-link-linkedin' ><a target=\"_blank\" aria-label=\"Compartir en LinkedIn\" href='https:\/\/linkedin.com\/shareArticle?mini=true&#038;title=Gobierno%20Regional%20present%C3%B3%20el%20Plan%20Estrat%C3%A9gico%20de%20Gesti%C3%B3n%20con%20foco%20en%20la%20reactivaci%C3%B3n%20econ%C3%B3mica%20de%20Ays%C3%A9n&#038;url=https:\/\/radiorevelacionfm.cl\/?p=53258' aria-hidden='false' data-av_icon='\ue8fc' data-av_iconfont='entypo-fontello' title='' data-avia-related-tooltip='Compartir en LinkedIn' rel=\"noopener\"><span class='avia_hidden_link_text'>Compartir en LinkedIn<\/span><\/a><\/li><li class='av-share-link av-social-link-mail' ><a  aria-label=\"Compartir por correo\" href='mailto:?subject=Gobierno%20Regional%20present%C3%B3%20el%20Plan%20Estrat%C3%A9gico%20de%20Gesti%C3%B3n%20con%20foco%20en%20la%20reactivaci%C3%B3n%20econ%C3%B3mica%20de%20Ays%C3%A9n&#038;body=https:\/\/radiorevelacionfm.cl\/?p=53258' aria-hidden='false' data-av_icon='\ue805' data-av_iconfont='entypo-fontello' title='' data-avia-related-tooltip='Compartir por correo'><span class='avia_hidden_link_text'>Compartir por correo<\/span><\/a><\/li><\/ul><\/div><\/div>\n<div  style='height:50px' class='hr hr-invisible   avia-builder-el-8  el_after_av_social_share  el_before_av_comments_list '><span class='hr-inner ' ><span class='hr-inner-style'><\/span><\/span><\/div>\n<div  class='av-buildercomment  av-blog-meta-html-info-disabled av-blog-meta-tag-disabled  '><\/div>\n","protected":false},"excerpt":{"rendered":"","protected":false},"author":1,"featured_media":53259,"comment_status":"closed","ping_status":"closed","sticky":false,"template":"","format":"standard","meta":{"footnotes":""},"categories":[38],"tags":[],"class_list":["post-53258","post","type-post","status-publish","format-standard","has-post-thumbnail","hentry","category-regional"],"jetpack_featured_media_url":"https:\/\/radiorevelacionfm.cl\/wp-content\/uploads\/2025\/04\/3-2025-04-29t120414_optimized.194-1.jpg","_links":{"self":[{"href":"https:\/\/radiorevelacionfm.cl\/index.php?rest_route=\/wp\/v2\/posts\/53258","targetHints":{"allow":["GET"]}}],"collection":[{"href":"https:\/\/radiorevelacionfm.cl\/index.php?rest_route=\/wp\/v2\/posts"}],"about":[{"href":"https:\/\/radiorevelacionfm.cl\/index.php?rest_route=\/wp\/v2\/types\/post"}],"author":[{"embeddable":true,"href":"https:\/\/radiorevelacionfm.cl\/index.php?rest_route=\/wp\/v2\/users\/1"}],"replies":[{"embeddable":true,"href":"https:\/\/radiorevelacionfm.cl\/index.php?rest_route=%2Fwp%2Fv2%2Fcomments&post=53258"}],"version-history":[{"count":2,"href":"https:\/\/radiorevelacionfm.cl\/index.php?rest_route=\/wp\/v2\/posts\/53258\/revisions"}],"predecessor-version":[{"id":53261,"href":"https:\/\/radiorevelacionfm.cl\/index.php?rest_route=\/wp\/v2\/posts\/53258\/revisions\/53261"}],"wp:featuredmedia":[{"embeddable":true,"href":"https:\/\/radiorevelacionfm.cl\/index.php?rest_route=\/wp\/v2\/media\/53259"}],"wp:attachment":[{"href":"https:\/\/radiorevelacionfm.cl\/index.php?rest_route=%2Fwp%2Fv2%2Fmedia&parent=53258"}],"wp:term":[{"taxonomy":"category","embeddable":true,"href":"https:\/\/radiorevelacionfm.cl\/index.php?rest_route=%2Fwp%2Fv2%2Fcategories&post=53258"},{"taxonomy":"post_tag","embeddable":true,"href":"https:\/\/radiorevelacionfm.cl\/index.php?rest_route=%2Fwp%2Fv2%2Ftags&post=53258"}],"curies":[{"name":"wp","href":"https:\/\/api.w.org\/{rel}","templated":true}]}}