{"id":53251,"date":"2025-04-29T10:39:40","date_gmt":"2025-04-29T13:39:40","guid":{"rendered":"https:\/\/radiorevelacionfm.cl\/?p=53251"},"modified":"2025-04-29T10:39:40","modified_gmt":"2025-04-29T13:39:40","slug":"fosis-invita-a-personas-emprendedoras-de-la-region-de-aysen-a-postular-a-programas-2025","status":"publish","type":"post","link":"https:\/\/radiorevelacionfm.cl\/?p=53251","title":{"rendered":"FOSIS invita a personas emprendedoras de la regi\u00f3n de Ays\u00e9n a postular a programas 2025"},"content":{"rendered":"<div class=\"flex_column av_one_full  flex_column_div av-zero-column-padding first  avia-builder-el-0  el_before_av_one_full  avia-builder-el-first  \" style='border-radius:0px; '><div  class='avia-image-container  av-styling-    avia-builder-el-1  avia-builder-el-no-sibling  avia-align-center '  itemprop=\"image\" itemscope=\"itemscope\" itemtype=\"https:\/\/schema.org\/ImageObject\"  ><div class='avia-image-container-inner'><div class='avia-image-overlay-wrap'><img decoding=\"async\" class='wp-image-52939 avia-img-lazy-loading-not-52939 avia_image' src=\"https:\/\/radiorevelacionfm.cl\/wp-content\/uploads\/2025\/04\/Portal-Emprendimiento-1-1.jpeg\" alt='' title='Portal Emprendimiento (1) (1)' height=\"600\" width=\"800\"  itemprop=\"thumbnailUrl\" srcset=\"https:\/\/radiorevelacionfm.cl\/wp-content\/uploads\/2025\/04\/Portal-Emprendimiento-1-1.jpeg 800w, https:\/\/radiorevelacionfm.cl\/wp-content\/uploads\/2025\/04\/Portal-Emprendimiento-1-1-300x225.jpeg 300w, https:\/\/radiorevelacionfm.cl\/wp-content\/uploads\/2025\/04\/Portal-Emprendimiento-1-1-768x576.jpeg 768w, https:\/\/radiorevelacionfm.cl\/wp-content\/uploads\/2025\/04\/Portal-Emprendimiento-1-1-705x529.jpeg 705w, https:\/\/radiorevelacionfm.cl\/wp-content\/uploads\/2025\/04\/Portal-Emprendimiento-1-1-450x338.jpeg 450w, https:\/\/radiorevelacionfm.cl\/wp-content\/uploads\/2025\/04\/Portal-Emprendimiento-1-1-600x450.jpeg 600w\" sizes=\"(max-width: 800px) 100vw, 800px\" \/><\/div><\/div><\/div><\/div><div class=\"flex_column av_one_full  flex_column_div av-zero-column-padding first  avia-builder-el-2  el_after_av_one_full  el_before_av_one_full  column-top-margin\" style='border-radius:0px; '><section class=\"av_textblock_section \"  itemscope=\"itemscope\" itemtype=\"https:\/\/schema.org\/BlogPosting\" itemprop=\"blogPost\" ><div class='avia_textblock  '   itemprop=\"text\" ><p style=\"text-align: center;\"><strong><span style=\"font-size: 18pt;\">FOSIS invita a personas emprendedoras de la regi\u00f3n de Ays\u00e9n a postular a programas 2025<\/span><\/strong><\/p>\n<div id=\"gtx-trans\" style=\"position: absolute; left: -50px; top: 4.31534px;\">\n<div class=\"gtx-trans-icon\"><\/div>\n<\/div>\n<\/div><\/section><\/div><div class=\"flex_column av_one_full  flex_column_div av-zero-column-padding first  avia-builder-el-4  el_after_av_one_full  el_before_av_hr  column-top-margin\" style='border-radius:0px; '><section class=\"av_textblock_section \"  itemscope=\"itemscope\" itemtype=\"https:\/\/schema.org\/BlogPosting\" itemprop=\"blogPost\" ><div class='avia_textblock  '   itemprop=\"text\" ><ul>\n<li style=\"text-align: justify;\"><em>Las postulaciones de este a\u00f1o se realizar\u00e1n a trav\u00e9s del nuevo Portal de Emprendimiento (<a href=\"http:\/\/www.miportalemprendimiento.gob.cl\">miportalemprendimiento.gob.cl<\/a>) e incluir\u00e1n el Programa de Acceso al Microcr\u00e9dito.<\/em><\/li>\n<\/ul>\n<p style=\"text-align: justify;\">El Fondo de Solidaridad e Inversi\u00f3n Social, FOSIS, abri\u00f3 un nuevo proceso de postulaciones para sus programas de emprendimiento 2025, que este a\u00f1o duplicar\u00e1 los cupos y ampliar\u00e1 la oferta, incluyendo el Programa de Acceso al Microcr\u00e9dito, junto con una nueva manera de postular a trav\u00e9s del Portal de Emprendimiento, donde se podr\u00e1 acceder tambi\u00e9n a la oferta de SENCE, PRODEMU, SERNAMEG e INDAP.<\/p>\n<p style=\"text-align: justify;\">Los programas de emprendimiento del FOSIS contemplan capacitaci\u00f3n, acompa\u00f1amiento y entrega de un capital de entre $400 mil y $750 mil. Este a\u00f1o, por primera vez, a la oferta anual de apoyo para emprender del FOSIS se sumar\u00e1n las postulaciones para el Programa de Acceso al Microcr\u00e9dito, que subsidiar\u00e1 operaciones para impulsar a miles de emprendedores, a trav\u00e9s de instituciones financieras.<\/p>\n<p style=\"text-align: justify;\">La directora regional del FOSIS, Fernanda Leiva, destac\u00f3 que \u201ciniciamos el proceso de postulaciones 2025 para la regi\u00f3n de Ays\u00e9n, tal como lo anunciamos la semana pasada en la presentaci\u00f3n que hicimos del nuevo Portal de Emprendimiento, que esperamos facilite el acceso a la oferta del Estado. Este a\u00f1o tenemos m\u00e1s de 200 cupos postulables disponibles para nuestra regi\u00f3n, con los que buscamos seguir entregando oportunidades y herramientas para darle autonom\u00eda econ\u00f3mica a personas vulnerables que quieren salir adelante\u201d.<\/p>\n<p style=\"text-align: justify;\">La autoridad, adem\u00e1s, recalc\u00f3 que \u201ceste a\u00f1o aparte del programa Emprendamos que entrega capacitaci\u00f3n, asesor\u00eda y financiamiento a negocios en distintos niveles de avance, tenemos el programa de Acceso al Microcr\u00e9dito que ayuda a personas emprendedoras a acceder a financiamiento a trav\u00e9s de instituciones de microfinanzas, lo que nos permite duplicar nuestra oferta de apoyo al emprendimiento\u201d.<\/p>\n<p style=\"text-align: justify;\">Al respecto la Seremi de Desarrollo Social y Familia, Karina Acevedo, relev\u00f3 que \u201cya tenemos abiertas las postulaciones a 11 programas de emprendimiento en distintas \u00e1reas, entre ellos FOSIS con los distintos emprendamos y tambi\u00e9n acceso a microcr\u00e9ditos. Les invitamos a revisar el portal que, es una tremenda herramienta que nace de nuestro Ministerio entendiendo lo importante que es poder apoyar a mujeres principalmente, donde est\u00e1n buscando oportunidades de mejorar sus condiciones o impulsar sus emprendimientos. Muchas de ellas son jefas de hogar o cuidan a alguien m\u00e1s y como Estado debemos apoyar en fortalecer su autonom\u00eda econ\u00f3mica que tanto contribuye a su hogar como a la regi\u00f3n de Ays\u00e9n y por supuesto al pa\u00eds\u201d.<\/p>\n<p style=\"text-align: justify;\">Las postulaciones a los programas del FOSIS se encontrar\u00e1n abiertas hasta el 12 de mayo en <a href=\"http:\/\/www.miportalemprendimiento.gob.cl\">www.miportalemprendimiento.gob.cl<\/a>. Los requisitos b\u00e1sicos para postular ser mayor de 18 a\u00f1os, tener c\u00e9dula de identidad vigente, tener Clave \u00danica y estar dentro de los tramos de menores ingresos, seg\u00fan en el Registro Social de Hogares (RSH).<\/p>\n<\/div><\/section><\/div><div  style='height:50px' class='hr hr-invisible   avia-builder-el-6  el_after_av_one_full  el_before_av_social_share '><span class='hr-inner ' ><span class='hr-inner-style'><\/span><\/span><\/div><\/p>\n<div  class='av-social-sharing-box  avia-builder-el-7  el_after_av_hr  el_before_av_hr  '><div class='av-share-box'><h5 class='av-share-link-description av-no-toc '>Compartir esta noticia<\/h5><ul class='av-share-box-list noLightbox'><li class='av-share-link av-social-link-facebook' ><a target=\"_blank\" aria-label=\"Compartir en Facebook\" href='https:\/\/www.facebook.com\/sharer.php?u=https:\/\/radiorevelacionfm.cl\/?p=53251&#038;t=FOSIS%20invita%20a%20personas%20emprendedoras%20de%20la%20regi%C3%B3n%20de%20Ays%C3%A9n%20a%20postular%20a%20programas%202025' aria-hidden='false' data-av_icon='\ue8f3' data-av_iconfont='entypo-fontello' title='' data-avia-related-tooltip='Compartir en Facebook' rel=\"noopener\"><span class='avia_hidden_link_text'>Compartir en Facebook<\/span><\/a><\/li><li class='av-share-link av-social-link-twitter' ><a target=\"_blank\" aria-label=\"Compartir en Twitter\" href='https:\/\/twitter.com\/share?text=FOSIS%20invita%20a%20personas%20emprendedoras%20de%20la%20regi%C3%B3n%20de%20Ays%C3%A9n%20a%20postular%20a%20programas%202025&#038;url=https:\/\/radiorevelacionfm.cl\/?p=53251' aria-hidden='false' data-av_icon='\ue8f1' data-av_iconfont='entypo-fontello' title='' data-avia-related-tooltip='Compartir en Twitter' rel=\"noopener\"><span class='avia_hidden_link_text'>Compartir en Twitter<\/span><\/a><\/li><li class='av-share-link av-social-link-whatsapp' ><a target=\"_blank\" aria-label=\"Compartir en Whatsapp\" href='https:\/\/api.whatsapp.com\/send?text=https:\/\/radiorevelacionfm.cl\/?p=53251' aria-hidden='false' data-av_icon='\uf232' data-av_iconfont='entypo-fontello' title='' data-avia-related-tooltip='Compartir en Whatsapp' rel=\"noopener\"><span class='avia_hidden_link_text'>Compartir en Whatsapp<\/span><\/a><\/li><li class='av-share-link av-social-link-linkedin' ><a target=\"_blank\" aria-label=\"Compartir en LinkedIn\" href='https:\/\/linkedin.com\/shareArticle?mini=true&#038;title=FOSIS%20invita%20a%20personas%20emprendedoras%20de%20la%20regi%C3%B3n%20de%20Ays%C3%A9n%20a%20postular%20a%20programas%202025&#038;url=https:\/\/radiorevelacionfm.cl\/?p=53251' aria-hidden='false' data-av_icon='\ue8fc' data-av_iconfont='entypo-fontello' title='' data-avia-related-tooltip='Compartir en LinkedIn' rel=\"noopener\"><span class='avia_hidden_link_text'>Compartir en LinkedIn<\/span><\/a><\/li><li class='av-share-link av-social-link-mail' ><a  aria-label=\"Compartir por correo\" href='mailto:?subject=FOSIS%20invita%20a%20personas%20emprendedoras%20de%20la%20regi%C3%B3n%20de%20Ays%C3%A9n%20a%20postular%20a%20programas%202025&#038;body=https:\/\/radiorevelacionfm.cl\/?p=53251' aria-hidden='false' data-av_icon='\ue805' data-av_iconfont='entypo-fontello' title='' data-avia-related-tooltip='Compartir por correo'><span class='avia_hidden_link_text'>Compartir por correo<\/span><\/a><\/li><\/ul><\/div><\/div>\n<div  style='height:50px' class='hr hr-invisible   avia-builder-el-8  el_after_av_social_share  el_before_av_comments_list '><span class='hr-inner ' ><span class='hr-inner-style'><\/span><\/span><\/div>\n<div  class='av-buildercomment  av-blog-meta-html-info-disabled av-blog-meta-tag-disabled  '><\/div>\n","protected":false},"excerpt":{"rendered":"","protected":false},"author":1,"featured_media":52939,"comment_status":"closed","ping_status":"closed","sticky":false,"template":"","format":"standard","meta":{"footnotes":""},"categories":[38],"tags":[],"class_list":["post-53251","post","type-post","status-publish","format-standard","has-post-thumbnail","hentry","category-regional"],"jetpack_featured_media_url":"https:\/\/radiorevelacionfm.cl\/wp-content\/uploads\/2025\/04\/Portal-Emprendimiento-1-1.jpeg","_links":{"self":[{"href":"https:\/\/radiorevelacionfm.cl\/index.php?rest_route=\/wp\/v2\/posts\/53251","targetHints":{"allow":["GET"]}}],"collection":[{"href":"https:\/\/radiorevelacionfm.cl\/index.php?rest_route=\/wp\/v2\/posts"}],"about":[{"href":"https:\/\/radiorevelacionfm.cl\/index.php?rest_route=\/wp\/v2\/types\/post"}],"author":[{"embeddable":true,"href":"https:\/\/radiorevelacionfm.cl\/index.php?rest_route=\/wp\/v2\/users\/1"}],"replies":[{"embeddable":true,"href":"https:\/\/radiorevelacionfm.cl\/index.php?rest_route=%2Fwp%2Fv2%2Fcomments&post=53251"}],"version-history":[{"count":2,"href":"https:\/\/radiorevelacionfm.cl\/index.php?rest_route=\/wp\/v2\/posts\/53251\/revisions"}],"predecessor-version":[{"id":53253,"href":"https:\/\/radiorevelacionfm.cl\/index.php?rest_route=\/wp\/v2\/posts\/53251\/revisions\/53253"}],"wp:featuredmedia":[{"embeddable":true,"href":"https:\/\/radiorevelacionfm.cl\/index.php?rest_route=\/wp\/v2\/media\/52939"}],"wp:attachment":[{"href":"https:\/\/radiorevelacionfm.cl\/index.php?rest_route=%2Fwp%2Fv2%2Fmedia&parent=53251"}],"wp:term":[{"taxonomy":"category","embeddable":true,"href":"https:\/\/radiorevelacionfm.cl\/index.php?rest_route=%2Fwp%2Fv2%2Fcategories&post=53251"},{"taxonomy":"post_tag","embeddable":true,"href":"https:\/\/radiorevelacionfm.cl\/index.php?rest_route=%2Fwp%2Fv2%2Ftags&post=53251"}],"curies":[{"name":"wp","href":"https:\/\/api.w.org\/{rel}","templated":true}]}}