{"id":53243,"date":"2025-04-28T20:35:12","date_gmt":"2025-04-28T23:35:12","guid":{"rendered":"https:\/\/radiorevelacionfm.cl\/?p=53243"},"modified":"2025-04-29T19:35:31","modified_gmt":"2025-04-29T22:35:31","slug":"tras-acuerdo-publico-privado-sernac-informa-sobre-sello-ecologico-elijo-reciclar-para-envases-de-productos-de-consumo-masivo","status":"publish","type":"post","link":"https:\/\/radiorevelacionfm.cl\/?p=53243","title":{"rendered":"Tras acuerdo p\u00fablico-privado: Sernac informa sobre sello ecol\u00f3gico \u201cElijo Reciclar\u201d para envases de productos de consumo masivo"},"content":{"rendered":"<div class=\"flex_column av_one_full  flex_column_div av-zero-column-padding first  avia-builder-el-0  el_before_av_one_full  avia-builder-el-first  \" style='border-radius:0px; '><div  class='avia-image-container  av-styling-    avia-builder-el-1  avia-builder-el-no-sibling  avia-align-center '  itemprop=\"image\" itemscope=\"itemscope\" itemtype=\"https:\/\/schema.org\/ImageObject\"  ><div class='avia-image-container-inner'><div class='avia-image-overlay-wrap'><img decoding=\"async\" class='wp-image-53244 avia-img-lazy-loading-not-53244 avia_image' src=\"https:\/\/radiorevelacionfm.cl\/wp-content\/uploads\/2025\/04\/28_04_sello_web-1-1.jpg\" alt='' title='28_04_sello_web (1) (1)' height=\"600\" width=\"900\"  itemprop=\"thumbnailUrl\" srcset=\"https:\/\/radiorevelacionfm.cl\/wp-content\/uploads\/2025\/04\/28_04_sello_web-1-1.jpg 900w, https:\/\/radiorevelacionfm.cl\/wp-content\/uploads\/2025\/04\/28_04_sello_web-1-1-300x200.jpg 300w, https:\/\/radiorevelacionfm.cl\/wp-content\/uploads\/2025\/04\/28_04_sello_web-1-1-768x512.jpg 768w, https:\/\/radiorevelacionfm.cl\/wp-content\/uploads\/2025\/04\/28_04_sello_web-1-1-705x470.jpg 705w, https:\/\/radiorevelacionfm.cl\/wp-content\/uploads\/2025\/04\/28_04_sello_web-1-1-450x300.jpg 450w, https:\/\/radiorevelacionfm.cl\/wp-content\/uploads\/2025\/04\/28_04_sello_web-1-1-600x400.jpg 600w\" sizes=\"(max-width: 900px) 100vw, 900px\" \/><\/div><\/div><\/div><\/div><div class=\"flex_column av_one_full  flex_column_div av-zero-column-padding first  avia-builder-el-2  el_after_av_one_full  el_before_av_one_full  column-top-margin\" style='border-radius:0px; '><section class=\"av_textblock_section \"  itemscope=\"itemscope\" itemtype=\"https:\/\/schema.org\/BlogPosting\" itemprop=\"blogPost\" ><div class='avia_textblock  '   itemprop=\"text\" ><p style=\"text-align: center;\"><strong><span style=\"font-size: 18pt;\">Tras acuerdo p\u00fablico-privado: Sernac informa sobre sello ecol\u00f3gico \u201cElijo Reciclar\u201d para envases de productos de consumo masivo<\/span><\/strong><\/p>\n<div id=\"gtx-trans\" style=\"position: absolute; left: -50px; top: 4.31534px;\">\n<div class=\"gtx-trans-icon\"><\/div>\n<\/div>\n<\/div><\/section><\/div><div class=\"flex_column av_one_full  flex_column_div av-zero-column-padding first  avia-builder-el-4  el_after_av_one_full  el_before_av_hr  column-top-margin\" style='border-radius:0px; '><section class=\"av_textblock_section \"  itemscope=\"itemscope\" itemtype=\"https:\/\/schema.org\/BlogPosting\" itemprop=\"blogPost\" ><div class='avia_textblock  '   itemprop=\"text\" ><ul>\n<li style=\"text-align: justify;\"><em>El objetivo de este sello, es entregar informaci\u00f3n clara y sencilla a las personas consumidoras e impulsar el reciclaje.<\/em><\/li>\n<li style=\"text-align: justify;\"><em>Los productos etiquetados con este sello indican que el envase es al menos un 80% reciclable.<\/em><\/li>\n<li style=\"text-align: justify;\"><em>Aplica para las empresas que voluntariamente suscriben estos acuerdos y que comercializan productos de consumo masivo, y que se logran certificar bajo los esquemas de los sistemas de gesti\u00f3n autorizados.<\/em><\/li>\n<\/ul>\n<p style=\"text-align: justify;\">Cada d\u00eda, las y los chilenos producen cerca de 1,3 kilos de residuos, los que terminan, en su mayor\u00eda, en rellenos sanitarios. Esto tiene un impacto negativo significativo en la huella de carbono.<\/p>\n<p style=\"text-align: justify;\">Por esta raz\u00f3n, es que constantemente el Servicio Nacional del Consumidor (SERNAC) se encuentra participando de instancias que permitan que las y los consumidores adquirir productos de una forma m\u00e1s sustentable.<\/p>\n<p style=\"text-align: justify;\">Es as\u00ed como entre el 2020 y el 2025, particip\u00f3 de un proyecto p\u00fablico-privado denominado Acuerdo de Producci\u00f3n Limpia de EcoEtiquetado, que deriv\u00f3 en la creaci\u00f3n de un sello para los envases de productos de consumo masivo, llamado \u201cElijo Reciclar\u201d.<\/p>\n<p style=\"text-align: justify;\">Esta ecoetiqueta se divide en dos elementos:<\/p>\n<ul style=\"text-align: justify;\">\n<li>Un sello de reciclabilidad (\u201csello frontal\u201d o \u201csello Elijo Reciclar\u201d) que indica que el envase es al menos un 80% reciclable.<\/li>\n<li>Informaci\u00f3n para el reciclaje (o r\u00f3tulo de reciclabilidad).<\/li>\n<\/ul>\n<p style=\"text-align: justify;\">El objetivo de este sello, es entregar informaci\u00f3n clara y sencilla a las personas consumidoras e impulsar el reciclaje, ya que permitir\u00e1 identificar de mejor forma, qu\u00e9 envases se deben llevar a los puntos limpios. Aplica para las empresas que voluntariamente suscriben estos acuerdos y que comercializan productos de consumo masivo y logran certificar los envases de sus productos bajo los esquemas de los sistemas de gesti\u00f3n autorizados.<\/p>\n<p style=\"text-align: justify;\">El Acuerdo fue liderado por representantes de la Sociedad de Fomento Fabril (SOFOFA), la Agencia de Sustentabilidad y Cambio Clim\u00e1tico de Corfo (ASCC), el Ministerio de Medio Ambiente (MMA), la Superintendencia del Medio Ambiente (SMA), la Asociaci\u00f3n de Consumidores Sustentables Circular, el Servicio Nacional del Consumidor (SERNAC), el Centro de Innovaci\u00f3n en Envases y Embalajes Laben-Chile de la Universidad de Santiago de Chile, los sistemas colectivos de gesti\u00f3n Resimple y Giro, adem\u00e1s de tener el apoyo t\u00e9cnico de la Asociaci\u00f3n Nacional de Industrias del Reciclaje (ANIR).<\/p>\n<p style=\"text-align: justify;\">Para obtener el sello #ElijoReciclar, cada envase debe pasar por un proceso de certificaci\u00f3n en que se asegure que al menos un 80% del peso del envase est\u00e1 hecho de materiales t\u00e9cnicamente reciclables y que son demandados por parte de la industria del reciclaje.<\/p>\n<p style=\"text-align: justify;\">Actualmente ya existen m\u00e1s de 4.000 productos de cerca de 60 marcas que cuentan con el ecotiquetado y que se encuentran disponibles en el mercado. Para conocer el <a href=\"https:\/\/docs.google.com\/spreadsheets\/d\/1L4A3u3J2OPHAYi2JRIl_IIOdDOzahLy6\/edit?gid=1366367246#gid=1366367246\">listado<\/a> y mayores detalles, pueden hacerlo directamente en <a href=\"https:\/\/elijoreciclar.mma.gob.cl\/\">https:\/\/elijoreciclar.mma.gob.cl\/<\/a><\/p>\n<\/div><\/section><\/div><div  style='height:50px' class='hr hr-invisible   avia-builder-el-6  el_after_av_one_full  el_before_av_social_share '><span class='hr-inner ' ><span class='hr-inner-style'><\/span><\/span><\/div><\/p>\n<div  class='av-social-sharing-box  avia-builder-el-7  el_after_av_hr  el_before_av_hr  '><div class='av-share-box'><h5 class='av-share-link-description av-no-toc '>Compartir esta noticia<\/h5><ul class='av-share-box-list noLightbox'><li class='av-share-link av-social-link-facebook' ><a target=\"_blank\" aria-label=\"Compartir en Facebook\" href='https:\/\/www.facebook.com\/sharer.php?u=https:\/\/radiorevelacionfm.cl\/?p=53243&#038;t=Tras%20acuerdo%20p%C3%BAblico-privado%3A%20Sernac%20informa%20sobre%20sello%20ecol%C3%B3gico%20%E2%80%9CElijo%20Reciclar%E2%80%9D%20para%20envases%20de%20productos%20de%20consumo%20masivo' aria-hidden='false' data-av_icon='\ue8f3' data-av_iconfont='entypo-fontello' title='' data-avia-related-tooltip='Compartir en Facebook' rel=\"noopener\"><span class='avia_hidden_link_text'>Compartir en Facebook<\/span><\/a><\/li><li class='av-share-link av-social-link-twitter' ><a target=\"_blank\" aria-label=\"Compartir en Twitter\" href='https:\/\/twitter.com\/share?text=Tras%20acuerdo%20p%C3%BAblico-privado%3A%20Sernac%20informa%20sobre%20sello%20ecol%C3%B3gico%20%E2%80%9CElijo%20Reciclar%E2%80%9D%20para%20envases%20de%20productos%20de%20consumo%20masivo&#038;url=https:\/\/radiorevelacionfm.cl\/?p=53243' aria-hidden='false' data-av_icon='\ue8f1' data-av_iconfont='entypo-fontello' title='' data-avia-related-tooltip='Compartir en Twitter' rel=\"noopener\"><span class='avia_hidden_link_text'>Compartir en Twitter<\/span><\/a><\/li><li class='av-share-link av-social-link-whatsapp' ><a target=\"_blank\" aria-label=\"Compartir en Whatsapp\" href='https:\/\/api.whatsapp.com\/send?text=https:\/\/radiorevelacionfm.cl\/?p=53243' aria-hidden='false' data-av_icon='\uf232' data-av_iconfont='entypo-fontello' title='' data-avia-related-tooltip='Compartir en Whatsapp' rel=\"noopener\"><span class='avia_hidden_link_text'>Compartir en Whatsapp<\/span><\/a><\/li><li class='av-share-link av-social-link-linkedin' ><a target=\"_blank\" aria-label=\"Compartir en LinkedIn\" href='https:\/\/linkedin.com\/shareArticle?mini=true&#038;title=Tras%20acuerdo%20p%C3%BAblico-privado%3A%20Sernac%20informa%20sobre%20sello%20ecol%C3%B3gico%20%E2%80%9CElijo%20Reciclar%E2%80%9D%20para%20envases%20de%20productos%20de%20consumo%20masivo&#038;url=https:\/\/radiorevelacionfm.cl\/?p=53243' aria-hidden='false' data-av_icon='\ue8fc' data-av_iconfont='entypo-fontello' title='' data-avia-related-tooltip='Compartir en LinkedIn' rel=\"noopener\"><span class='avia_hidden_link_text'>Compartir en LinkedIn<\/span><\/a><\/li><li class='av-share-link av-social-link-mail' ><a  aria-label=\"Compartir por correo\" href='mailto:?subject=Tras%20acuerdo%20p%C3%BAblico-privado%3A%20Sernac%20informa%20sobre%20sello%20ecol%C3%B3gico%20%E2%80%9CElijo%20Reciclar%E2%80%9D%20para%20envases%20de%20productos%20de%20consumo%20masivo&#038;body=https:\/\/radiorevelacionfm.cl\/?p=53243' aria-hidden='false' data-av_icon='\ue805' data-av_iconfont='entypo-fontello' title='' data-avia-related-tooltip='Compartir por correo'><span class='avia_hidden_link_text'>Compartir por correo<\/span><\/a><\/li><\/ul><\/div><\/div>\n<div  style='height:50px' class='hr hr-invisible   avia-builder-el-8  el_after_av_social_share  el_before_av_comments_list '><span class='hr-inner ' ><span class='hr-inner-style'><\/span><\/span><\/div>\n<div  class='av-buildercomment  av-blog-meta-html-info-disabled av-blog-meta-tag-disabled  '><\/div>\n","protected":false},"excerpt":{"rendered":"","protected":false},"author":1,"featured_media":53244,"comment_status":"closed","ping_status":"closed","sticky":false,"template":"","format":"standard","meta":{"footnotes":""},"categories":[61],"tags":[],"class_list":["post-53243","post","type-post","status-publish","format-standard","has-post-thumbnail","hentry","category-nacional"],"jetpack_featured_media_url":"https:\/\/radiorevelacionfm.cl\/wp-content\/uploads\/2025\/04\/28_04_sello_web-1-1.jpg","_links":{"self":[{"href":"https:\/\/radiorevelacionfm.cl\/index.php?rest_route=\/wp\/v2\/posts\/53243","targetHints":{"allow":["GET"]}}],"collection":[{"href":"https:\/\/radiorevelacionfm.cl\/index.php?rest_route=\/wp\/v2\/posts"}],"about":[{"href":"https:\/\/radiorevelacionfm.cl\/index.php?rest_route=\/wp\/v2\/types\/post"}],"author":[{"embeddable":true,"href":"https:\/\/radiorevelacionfm.cl\/index.php?rest_route=\/wp\/v2\/users\/1"}],"replies":[{"embeddable":true,"href":"https:\/\/radiorevelacionfm.cl\/index.php?rest_route=%2Fwp%2Fv2%2Fcomments&post=53243"}],"version-history":[{"count":2,"href":"https:\/\/radiorevelacionfm.cl\/index.php?rest_route=\/wp\/v2\/posts\/53243\/revisions"}],"predecessor-version":[{"id":53309,"href":"https:\/\/radiorevelacionfm.cl\/index.php?rest_route=\/wp\/v2\/posts\/53243\/revisions\/53309"}],"wp:featuredmedia":[{"embeddable":true,"href":"https:\/\/radiorevelacionfm.cl\/index.php?rest_route=\/wp\/v2\/media\/53244"}],"wp:attachment":[{"href":"https:\/\/radiorevelacionfm.cl\/index.php?rest_route=%2Fwp%2Fv2%2Fmedia&parent=53243"}],"wp:term":[{"taxonomy":"category","embeddable":true,"href":"https:\/\/radiorevelacionfm.cl\/index.php?rest_route=%2Fwp%2Fv2%2Fcategories&post=53243"},{"taxonomy":"post_tag","embeddable":true,"href":"https:\/\/radiorevelacionfm.cl\/index.php?rest_route=%2Fwp%2Fv2%2Ftags&post=53243"}],"curies":[{"name":"wp","href":"https:\/\/api.w.org\/{rel}","templated":true}]}}