{"id":53239,"date":"2025-04-29T10:12:20","date_gmt":"2025-04-29T13:12:20","guid":{"rendered":"https:\/\/radiorevelacionfm.cl\/?p=53239"},"modified":"2025-04-29T10:12:20","modified_gmt":"2025-04-29T13:12:20","slug":"carabineros-homenajeo-a-sus-heroes-en-el-98-aniversario-institucional","status":"publish","type":"post","link":"https:\/\/radiorevelacionfm.cl\/?p=53239","title":{"rendered":"Carabineros homenaje\u00f3 a sus h\u00e9roes en el 98 aniversario institucional"},"content":{"rendered":"<div class=\"flex_column av_one_full  flex_column_div av-zero-column-padding first  avia-builder-el-0  el_before_av_one_full  avia-builder-el-first  \" style='border-radius:0px; '><div  class='avia-image-container  av-styling-    avia-builder-el-1  avia-builder-el-no-sibling  avia-align-center '  itemprop=\"image\" itemscope=\"itemscope\" itemtype=\"https:\/\/schema.org\/ImageObject\"  ><div class='avia-image-container-inner'><div class='avia-image-overlay-wrap'><img decoding=\"async\" class='wp-image-53240 avia-img-lazy-loading-not-53240 avia_image' src=\"https:\/\/radiorevelacionfm.cl\/wp-content\/uploads\/2025\/04\/8a563322-5d71-4b64-ae55-66c8d9c77b1f-1-1_optimized-1.jpg\" alt='' title='8a563322-5d71-4b64-ae55-66c8d9c77b1f-(1)-(1)_optimized (1)' height=\"600\" width=\"1067\"  itemprop=\"thumbnailUrl\" srcset=\"https:\/\/radiorevelacionfm.cl\/wp-content\/uploads\/2025\/04\/8a563322-5d71-4b64-ae55-66c8d9c77b1f-1-1_optimized-1.jpg 1067w, https:\/\/radiorevelacionfm.cl\/wp-content\/uploads\/2025\/04\/8a563322-5d71-4b64-ae55-66c8d9c77b1f-1-1_optimized-1-300x169.jpg 300w, https:\/\/radiorevelacionfm.cl\/wp-content\/uploads\/2025\/04\/8a563322-5d71-4b64-ae55-66c8d9c77b1f-1-1_optimized-1-1030x579.jpg 1030w, https:\/\/radiorevelacionfm.cl\/wp-content\/uploads\/2025\/04\/8a563322-5d71-4b64-ae55-66c8d9c77b1f-1-1_optimized-1-768x432.jpg 768w, https:\/\/radiorevelacionfm.cl\/wp-content\/uploads\/2025\/04\/8a563322-5d71-4b64-ae55-66c8d9c77b1f-1-1_optimized-1-705x396.jpg 705w, https:\/\/radiorevelacionfm.cl\/wp-content\/uploads\/2025\/04\/8a563322-5d71-4b64-ae55-66c8d9c77b1f-1-1_optimized-1-450x253.jpg 450w, https:\/\/radiorevelacionfm.cl\/wp-content\/uploads\/2025\/04\/8a563322-5d71-4b64-ae55-66c8d9c77b1f-1-1_optimized-1-600x337.jpg 600w\" sizes=\"(max-width: 1067px) 100vw, 1067px\" \/><\/div><\/div><\/div><\/div><div class=\"flex_column av_one_full  flex_column_div av-zero-column-padding first  avia-builder-el-2  el_after_av_one_full  el_before_av_one_full  column-top-margin\" style='border-radius:0px; '><section class=\"av_textblock_section \"  itemscope=\"itemscope\" itemtype=\"https:\/\/schema.org\/BlogPosting\" itemprop=\"blogPost\" ><div class='avia_textblock  '   itemprop=\"text\" ><p style=\"text-align: center;\"><strong><span style=\"font-size: 18pt;\">Carabineros homenaje\u00f3 a sus h\u00e9roes en el 98 aniversario institucional<\/span><\/strong><\/p>\n<div id=\"gtx-trans\" style=\"position: absolute; left: -50px; top: 4.31534px;\">\n<div class=\"gtx-trans-icon\"><\/div>\n<\/div>\n<\/div><\/section><\/div><div class=\"flex_column av_one_full  flex_column_div av-zero-column-padding first  avia-builder-el-4  el_after_av_one_full  el_before_av_hr  column-top-margin\" style='border-radius:0px; '><section class=\"av_textblock_section \"  itemscope=\"itemscope\" itemtype=\"https:\/\/schema.org\/BlogPosting\" itemprop=\"blogPost\" ><div class='avia_textblock  '   itemprop=\"text\" ><div>\n<ul>\n<li dir=\"ltr\">\n<p dir=\"ltr\" style=\"text-align: justify;\"><em>\u00abDar muerte a un carabinero es atentar contra la patria\u00bb, se\u00f1al\u00f3 el Jefe de Zona Ays\u00e9n, General Eduardo Palma Fuentes, quien a\u00f1adi\u00f3 que los desaf\u00edos apuntan a seguir trabajando de manera mancomunada para enfrentar la problem\u00e1tica criminal, previendo el ingreso de drogas y el crimen organizado.<\/em><\/p>\n<\/li>\n<\/ul>\n<ul style=\"text-align: justify;\">\n<li dir=\"ltr\">\n<p dir=\"ltr\"><em>En la ocasi\u00f3n fue conferido un especial reconocimiento al binomio del OS-7 y el can Gazu por su exitoso trabajo en materia de drogas.<\/em><\/p>\n<\/li>\n<\/ul>\n<p dir=\"ltr\" style=\"text-align: justify;\">Con un minuto de silencio en memoria de los m\u00e1rtires institucionales, Carabineros inici\u00f3 la ceremonia de desfile en la Plaza Mirador R\u00edo Coyhaique -por el 98 aniversario institucional- ante la presencia de diversas autoridades civiles, del \u00e1mbito castrense, religioso, la sociedad civil, C\u00edrculo de Alguaciles y la familia de Carabineros, acto presidido por el Jefe de Zona de Carabineros Ays\u00e9n, General Eduardo Palma Fuentes.<\/p>\n<p dir=\"ltr\" style=\"text-align: justify;\">En la actividad, el Oficial General destac\u00f3 el arduo trabajo que han desarrollado los hombres y mujeres carabineros en pos de brindar una mayor seguridad y protecci\u00f3n a la comunidad.<\/p>\n<p dir=\"ltr\" style=\"text-align: justify;\">\u00abJunto a todas las autoridades estamos trabajando de manera mancomunada para hacer frente a la delincuencia. Las cifras nos dejan tranquilos, no obstante, vamos a seguir trabajando y contribuyendo por el bienestar de nuestra comunidad en esta hermosa regi\u00f3n de Ays\u00e9n\u00bb, indic\u00f3 el Jefe de Zona.<\/p>\n<p dir=\"ltr\" style=\"text-align: justify;\"><strong>\u00abDar muerte a un carabinero es atentar contra la patria\u00bb<\/strong><\/p>\n<p dir=\"ltr\" style=\"text-align: justify;\">\u00abHan sido 98 a\u00f1os de vida en que se ha avanzando con esfuerzo, persistencia y con el coraz\u00f3n, en la compleja tarea de brindar seguridad y enfrentar la problem\u00e1tica criminal. Si en algo debe tener certeza la comunidad, es que carabineros no va a claudicar ni bajar\u00e1 los brazo porque tenemos carabineros de calidad\u00bb, a\u00f1adi\u00f3.<\/p>\n<p dir=\"ltr\" style=\"text-align: justify;\">El 27 de abril se conmemor\u00f3 un a\u00f1o del crimen de tres carabineros que prestaban servicio en la Unidad de Control del Orden P\u00fablico (COP) Los \u00c1lamos. Se trata del Sargento 1ro. Carlos Cisterna Navarro y los Cabos 1ro Misael Vidal Cid y Sergio Ar\u00e9valo Lobo -ascendidos en forma p\u00f3stuma al grado de Suboficial Mayor- hecho que golpe\u00f3 profundamente no solo a la Instituci\u00f3n, sino a la familia de los m\u00e1rtires y la sociedad de bien, en cu\u00f1a memoria se escribi\u00f3 el himno \u00abH\u00e9roes de Arauco\u00bb -que fue interpretado en esta ceremonia- y que honra la memoria de los camaradas.<\/p>\n<p dir=\"ltr\" style=\"text-align: justify;\">\u00abDar muerte a un carabinero es atentar contra la patria. Para disfrutar de la belleza de nuestro pa\u00eds, hay que tener seguridad, para poder crecer en sana sociedad y tener un pr\u00f3spero desarrollo como pa\u00eds\u00bb, indic\u00f3.<\/p>\n<p dir=\"ltr\" style=\"text-align: justify;\"><strong>Confianza<\/strong><\/p>\n<p dir=\"ltr\" style=\"text-align: justify;\">El General Palma agradeci\u00f3 la confianza otorgada por las autoridades regionales y su permanente apoyo para con los carabineros de Ays\u00e9n, destacando el trabajo conjunto con la Seremi de Seguridad P\u00fablica para seguir entregando m\u00e1s seguridad a la comunidad.<\/p>\n<p dir=\"ltr\" style=\"text-align: justify;\">Permanentemente Carabineros junto a sus equipos de trabajo, dise\u00f1a m\u00faltiples\u00a0 estrategias para el combate de la delincuencia, para enfrentar el microtr\u00e1fico y recuperar espacios p\u00fablicos para la familia.<\/p>\n<p dir=\"ltr\" style=\"text-align: justify;\">Asimismo, el Jefe de Zona Ays\u00e9n homenaje\u00f3 a los funcionarios en retiro, a quienes por a\u00f1os entregaron lo mejor de s\u00ed para que Carabineros de Chile vele desvel\u00e1ndose por los dem\u00e1s, dejando una huella de buen servicio. \u00abSomos hoy lo que sembraron ellos en el ayer\u00bb, a\u00f1adi\u00f3.<\/p>\n<p dir=\"ltr\" style=\"text-align: justify;\">Entre los compromisos futuros est\u00e1 la capacitaci\u00f3n permanente para enfrentar los nuevos desaf\u00edos y mejorar las actuaciones para el buen servicio sin tolerar ni permitir la falta de honradez, honestidad y verdad y tampoco conductas re\u00f1idas contra la ley, actuando en todo momento con apego a la ley y la doctrina institucional.<\/p>\n<p dir=\"ltr\" style=\"text-align: justify;\">\u00abPara ser carabinero se requiere una actitud de vida especial. No todos pueden llegar a serlo, solo aquellos que est\u00e1n dispuestos a que la patria est\u00e9 primero y que la tranquilidad y la paz sea el norte de su vida\u00bb, acot\u00f3 el General Palma.<\/p>\n<p dir=\"ltr\" style=\"text-align: justify;\"><strong>Condecoraciones\u00a0\u00a0\u00a0<\/strong><\/p>\n<p dir=\"ltr\" style=\"text-align: justify;\">Durante la ceremonia se otorg\u00f3 una condecoraci\u00f3n al personal de nombramiento institucional por 20 y 30 a\u00f1os de servicio.<\/p>\n<p dir=\"ltr\" style=\"text-align: justify;\">Por 20 a\u00f1os fueron condecorados los Sargentos 2do. Joscelin Guevara Zamorano,<\/p>\n<p dir=\"ltr\" style=\"text-align: justify;\">H\u00e9ctor Videla Villalobos y Sargento 1ro Joel Navarrete Espinoza.<\/p>\n<p dir=\"ltr\" style=\"text-align: justify;\">Por 30 a\u00f1os de servicio en la Instituci\u00f3n fue otorgada la medalla al m\u00e9rito de Carabineros de Chile a los Sargentos 1ro. Milton Zelana Pe\u00f1aloza y Claudio Rojas Oyanedel, adem\u00e1s de los Suboficiales Mayores Germ\u00e1n Barr\u00eda \u00c1guila y Rub\u00e9n Carrasco Palma.<\/p>\n<p dir=\"ltr\" style=\"text-align: justify;\">Asimismo la asociaci\u00f3n Teacompa\u00f1amos que desarrolla un plan de capacitaci\u00f3n para el personal enfocado en la sensibilizaci\u00f3n y el manejo de procedimientos policiales con personas autistas, destac\u00f3 al personal de la 1ra Comisar\u00eda de Coyhaique y 2da Comisar\u00eda de Puerto Ays\u00e9n, entre ellos la Sargento 1ro. Leticia Fuentealba Guaiqu\u00edo y los Cabos 1ros. Francisco Paduro Hern\u00e1ndez y Crist\u00f3bal Oyarz\u00fan Avil\u00e9s.<\/p>\n<p dir=\"ltr\" style=\"text-align: justify;\">Por su parte el Jefe de Zona Ays\u00e9n otorg\u00f3 un reconocimiento a la Asociaci\u00f3n Asperger Patagonia y Teacompa\u00f1amos de Coyhaique, representada por sus presidentes Roberto Haro Vargas y Elizabeth Montecinos Tranchino.<\/p>\n<p dir=\"ltr\" style=\"text-align: justify;\">Durante la jornada, fue igualmente reconocido el trabajo de la Secci\u00f3n de Investigaci\u00f3n Policial (SIP) de Coyhaique y el GOPE Ays\u00e9n representados por el Jefe de esta especialidad, Teniente V\u00edctor Cuevas Pereira por exitosos rescates en monta\u00f1a.<\/p>\n<p dir=\"ltr\" style=\"text-align: justify;\"><strong>Distinci\u00f3n a \u00abGazu\u00bb<\/strong><\/p>\n<p dir=\"ltr\" style=\"text-align: justify;\">Un especial reconocimiento fue conferido a la Secci\u00f3n OS-7 Ays\u00e9n, la cual recay\u00f3 en el binomio que integra el gu\u00eda canino y el ejemplar Gazu del Emblema Verde, los que por cinco a\u00f1os han desarrollado un arduo trabajo en la lucha contra el narcotr\u00e1fico y el crimen organizado, detectando e incautando sustancias il\u00edcitas, desarticulando redes de contrabando, logrando procedimientos exitosos brindando con ello m\u00e1s protecci\u00f3n a la comunidad. \u00abGaz\u00fa no es solo un perro detector, es un emblema de fidelidad, instinto y acci\u00f3n\u00bb.<\/p>\n<p><strong>Desfile<\/strong><\/p>\n<p dir=\"ltr\" style=\"text-align: justify;\">La actividad finaliz\u00f3 con el desfile de una secci\u00f3n del Regimiento Reforzado N\u00b0 14 Ays\u00e9n del Ej\u00e9rcito de Chile, una Secci\u00f3n de la Gobernaci\u00f3n Mar\u00edtima de Ays\u00e9n de la Armada, una secci\u00f3n femenina de Carabineros, una secci\u00f3n de la 5ta Comisar\u00eda de Control del Orden P\u00fablico, una secci\u00f3n especialista en monta\u00f1a y frontera, la secci\u00f3n Centauro, sumado a los canes especialistas en la detecci\u00f3n de drogas y explosivos junto al GOPE Ays\u00e9n.<\/p>\n<p dir=\"ltr\" style=\"text-align: justify;\">Asimismo desfilaron ante las autoridades los hijos de carabineros, portadores de una herencia de servicio y valent\u00eda de protecci\u00f3n a la patria, como parte de una tradici\u00f3n de servicio.<\/p>\n<p dir=\"ltr\" style=\"text-align: justify;\">Tambi\u00e9n lo hicieron alumnos de las brigadas escolares integrales pertenecientes a las escuelas Uni\u00f3n Fraterna, Mater Dei, Baquedano y Altamira, siendo acompa\u00f1ados por profesores y carabineros monitores..<\/p>\n<p dir=\"ltr\" style=\"text-align: justify;\"><strong>Desaf\u00edos<\/strong><\/p>\n<p dir=\"ltr\" style=\"text-align: justify;\">Entre los pr\u00f3ximos desaf\u00edos se encuentra el mejorar la habitabilidad de los carabineros y contribuir con el bienestar.<\/p>\n<p dir=\"ltr\" style=\"text-align: justify;\">\u00abVamos a seguir implementando estrategias nuevas sobre todo en el \u00e1mbito preventivo e investigativo en la regi\u00f3n. Las estrategias nos han dado muy buenos resultados y las cosas buenas hay que replicarlas, fortaleciendo los pasos fronterizos y controles en los ingresos a nuestra regi\u00f3n, materia que ha sido abordada por la Delegaci\u00f3n y la Seremi de Seguridad P\u00fablica.<\/p>\n<p dir=\"ltr\" style=\"text-align: justify;\">El General Palma a\u00f1adi\u00f3 que la Instituci\u00f3n trabaja en diversos proyectos, entre estos el poder contar en el futuro con un Grupo de Formaci\u00f3n en la regi\u00f3n. \u00abEsa tem\u00e1tica ya est\u00e1 sobre la mesa. Creo que ser\u00eda un gran beneficio para la comunidad y para Carabineros, facilitando a los j\u00f3venes (que deseen ingresar a las filas de la Instituci\u00f3n) el poder estudiar en la regi\u00f3n\u00bb, plante\u00f3.<\/p>\n<p dir=\"ltr\" style=\"text-align: justify;\">Por su parte el Delegado Presidencial Regional de Ays\u00e9n, Jorge D\u00edaz Guzm\u00e1n, manifest\u00f3 que el compromiso del Gobierno es dotar de los elementos tecnol\u00f3gicos necesarios para enfrentar la delincuencia y proyectos de ley para perseguir el delito en todas sus formas y \u00abfortalecer -a trav\u00e9s de estas nuevas leyes- que la impunidad no est\u00e9 en ninguno de los casos en que la polic\u00eda est\u00e1 trabajando para perseguir tanto la delincuencia com\u00fan como el narcotr\u00e1fico y el cr\u00edmen organizado\u00bb, expres\u00f3.<\/p>\n<p dir=\"ltr\" style=\"text-align: justify;\">Paralelamente \u00abestamos haciendo coordinaciones para que el trabajo que desarrollan las polic\u00edas tanto en la frontera, pasos no habilitados, en zonas primarias e ingresos norte y sur a la regi\u00f3n, de tal forma de poder proteger a la ciudadan\u00eda de las mercanc\u00edas il\u00edcitas, el contrabando, el narcotr\u00e1fico y el crimen organizado\u00bb, a\u00f1adi\u00f3.<\/p>\n<\/div>\n<div style=\"text-align: justify;\"><\/div>\n<\/div><\/section><\/div><div  style='height:50px' class='hr hr-invisible   avia-builder-el-6  el_after_av_one_full  el_before_av_social_share '><span class='hr-inner ' ><span class='hr-inner-style'><\/span><\/span><\/div><\/p>\n<div  class='av-social-sharing-box  avia-builder-el-7  el_after_av_hr  el_before_av_hr  '><div class='av-share-box'><h5 class='av-share-link-description av-no-toc '>Compartir esta noticia<\/h5><ul class='av-share-box-list noLightbox'><li class='av-share-link av-social-link-facebook' ><a target=\"_blank\" aria-label=\"Compartir en Facebook\" href='https:\/\/www.facebook.com\/sharer.php?u=https:\/\/radiorevelacionfm.cl\/?p=53239&#038;t=Carabineros%20homenaje%C3%B3%20a%20sus%20h%C3%A9roes%20en%20el%2098%20aniversario%20institucional' aria-hidden='false' data-av_icon='\ue8f3' data-av_iconfont='entypo-fontello' title='' data-avia-related-tooltip='Compartir en Facebook' rel=\"noopener\"><span class='avia_hidden_link_text'>Compartir en Facebook<\/span><\/a><\/li><li class='av-share-link av-social-link-twitter' ><a target=\"_blank\" aria-label=\"Compartir en Twitter\" href='https:\/\/twitter.com\/share?text=Carabineros%20homenaje%C3%B3%20a%20sus%20h%C3%A9roes%20en%20el%2098%20aniversario%20institucional&#038;url=https:\/\/radiorevelacionfm.cl\/?p=53239' aria-hidden='false' data-av_icon='\ue8f1' data-av_iconfont='entypo-fontello' title='' data-avia-related-tooltip='Compartir en Twitter' rel=\"noopener\"><span class='avia_hidden_link_text'>Compartir en Twitter<\/span><\/a><\/li><li class='av-share-link av-social-link-whatsapp' ><a target=\"_blank\" aria-label=\"Compartir en Whatsapp\" href='https:\/\/api.whatsapp.com\/send?text=https:\/\/radiorevelacionfm.cl\/?p=53239' aria-hidden='false' data-av_icon='\uf232' data-av_iconfont='entypo-fontello' title='' data-avia-related-tooltip='Compartir en Whatsapp' rel=\"noopener\"><span class='avia_hidden_link_text'>Compartir en Whatsapp<\/span><\/a><\/li><li class='av-share-link av-social-link-linkedin' ><a target=\"_blank\" aria-label=\"Compartir en LinkedIn\" href='https:\/\/linkedin.com\/shareArticle?mini=true&#038;title=Carabineros%20homenaje%C3%B3%20a%20sus%20h%C3%A9roes%20en%20el%2098%20aniversario%20institucional&#038;url=https:\/\/radiorevelacionfm.cl\/?p=53239' aria-hidden='false' data-av_icon='\ue8fc' data-av_iconfont='entypo-fontello' title='' data-avia-related-tooltip='Compartir en LinkedIn' rel=\"noopener\"><span class='avia_hidden_link_text'>Compartir en LinkedIn<\/span><\/a><\/li><li class='av-share-link av-social-link-mail' ><a  aria-label=\"Compartir por correo\" href='mailto:?subject=Carabineros%20homenaje%C3%B3%20a%20sus%20h%C3%A9roes%20en%20el%2098%20aniversario%20institucional&#038;body=https:\/\/radiorevelacionfm.cl\/?p=53239' aria-hidden='false' data-av_icon='\ue805' data-av_iconfont='entypo-fontello' title='' data-avia-related-tooltip='Compartir por correo'><span class='avia_hidden_link_text'>Compartir por correo<\/span><\/a><\/li><\/ul><\/div><\/div>\n<div  style='height:50px' class='hr hr-invisible   avia-builder-el-8  el_after_av_social_share  el_before_av_comments_list '><span class='hr-inner ' ><span class='hr-inner-style'><\/span><\/span><\/div>\n<div  class='av-buildercomment  av-blog-meta-html-info-disabled av-blog-meta-tag-disabled  '><\/div>\n","protected":false},"excerpt":{"rendered":"","protected":false},"author":1,"featured_media":53240,"comment_status":"closed","ping_status":"closed","sticky":false,"template":"","format":"standard","meta":{"footnotes":""},"categories":[36],"tags":[],"class_list":["post-53239","post","type-post","status-publish","format-standard","has-post-thumbnail","hentry","category-policial"],"jetpack_featured_media_url":"https:\/\/radiorevelacionfm.cl\/wp-content\/uploads\/2025\/04\/8a563322-5d71-4b64-ae55-66c8d9c77b1f-1-1_optimized-1.jpg","_links":{"self":[{"href":"https:\/\/radiorevelacionfm.cl\/index.php?rest_route=\/wp\/v2\/posts\/53239","targetHints":{"allow":["GET"]}}],"collection":[{"href":"https:\/\/radiorevelacionfm.cl\/index.php?rest_route=\/wp\/v2\/posts"}],"about":[{"href":"https:\/\/radiorevelacionfm.cl\/index.php?rest_route=\/wp\/v2\/types\/post"}],"author":[{"embeddable":true,"href":"https:\/\/radiorevelacionfm.cl\/index.php?rest_route=\/wp\/v2\/users\/1"}],"replies":[{"embeddable":true,"href":"https:\/\/radiorevelacionfm.cl\/index.php?rest_route=%2Fwp%2Fv2%2Fcomments&post=53239"}],"version-history":[{"count":2,"href":"https:\/\/radiorevelacionfm.cl\/index.php?rest_route=\/wp\/v2\/posts\/53239\/revisions"}],"predecessor-version":[{"id":53250,"href":"https:\/\/radiorevelacionfm.cl\/index.php?rest_route=\/wp\/v2\/posts\/53239\/revisions\/53250"}],"wp:featuredmedia":[{"embeddable":true,"href":"https:\/\/radiorevelacionfm.cl\/index.php?rest_route=\/wp\/v2\/media\/53240"}],"wp:attachment":[{"href":"https:\/\/radiorevelacionfm.cl\/index.php?rest_route=%2Fwp%2Fv2%2Fmedia&parent=53239"}],"wp:term":[{"taxonomy":"category","embeddable":true,"href":"https:\/\/radiorevelacionfm.cl\/index.php?rest_route=%2Fwp%2Fv2%2Fcategories&post=53239"},{"taxonomy":"post_tag","embeddable":true,"href":"https:\/\/radiorevelacionfm.cl\/index.php?rest_route=%2Fwp%2Fv2%2Ftags&post=53239"}],"curies":[{"name":"wp","href":"https:\/\/api.w.org\/{rel}","templated":true}]}}