{"id":53235,"date":"2025-04-28T20:11:58","date_gmt":"2025-04-28T23:11:58","guid":{"rendered":"https:\/\/radiorevelacionfm.cl\/?p=53235"},"modified":"2025-04-28T20:11:58","modified_gmt":"2025-04-28T23:11:58","slug":"ascensor-y-terminales-intermodales-fueron-iniciativas-propuestas-para-mejorar-la-movilidad-de-caleta-tortel","status":"publish","type":"post","link":"https:\/\/radiorevelacionfm.cl\/?p=53235","title":{"rendered":"Ascensor, y terminales intermodales fueron iniciativas propuestas para mejorar la movilidad de Caleta Tortel"},"content":{"rendered":"<div class=\"flex_column av_one_full  flex_column_div av-zero-column-padding first  avia-builder-el-0  el_before_av_one_full  avia-builder-el-first  \" style='border-radius:0px; '><div  class='avia-image-container  av-styling-    avia-builder-el-1  avia-builder-el-no-sibling  avia-align-center '  itemprop=\"image\" itemscope=\"itemscope\" itemtype=\"https:\/\/schema.org\/ImageObject\"  ><div class='avia-image-container-inner'><div class='avia-image-overlay-wrap'><img decoding=\"async\" class='wp-image-53236 avia-img-lazy-loading-not-53236 avia_image' src=\"https:\/\/radiorevelacionfm.cl\/wp-content\/uploads\/2025\/04\/ascensor-1-1_optimized-1.jpg\" alt='' title='ascensor-(1)-(1)_optimized (1)' height=\"600\" width=\"1067\"  itemprop=\"thumbnailUrl\" srcset=\"https:\/\/radiorevelacionfm.cl\/wp-content\/uploads\/2025\/04\/ascensor-1-1_optimized-1.jpg 1067w, https:\/\/radiorevelacionfm.cl\/wp-content\/uploads\/2025\/04\/ascensor-1-1_optimized-1-300x169.jpg 300w, https:\/\/radiorevelacionfm.cl\/wp-content\/uploads\/2025\/04\/ascensor-1-1_optimized-1-1030x579.jpg 1030w, https:\/\/radiorevelacionfm.cl\/wp-content\/uploads\/2025\/04\/ascensor-1-1_optimized-1-768x432.jpg 768w, https:\/\/radiorevelacionfm.cl\/wp-content\/uploads\/2025\/04\/ascensor-1-1_optimized-1-705x396.jpg 705w, https:\/\/radiorevelacionfm.cl\/wp-content\/uploads\/2025\/04\/ascensor-1-1_optimized-1-450x253.jpg 450w, https:\/\/radiorevelacionfm.cl\/wp-content\/uploads\/2025\/04\/ascensor-1-1_optimized-1-600x337.jpg 600w\" sizes=\"(max-width: 1067px) 100vw, 1067px\" \/><\/div><\/div><\/div><\/div><div class=\"flex_column av_one_full  flex_column_div av-zero-column-padding first  avia-builder-el-2  el_after_av_one_full  el_before_av_one_full  column-top-margin\" style='border-radius:0px; '><section class=\"av_textblock_section \"  itemscope=\"itemscope\" itemtype=\"https:\/\/schema.org\/BlogPosting\" itemprop=\"blogPost\" ><div class='avia_textblock  '   itemprop=\"text\" ><p style=\"text-align: center;\"><strong><span style=\"font-size: 18pt;\">Ascensor, y terminales intermodales fueron iniciativas propuestas para mejorar la movilidad de Caleta Tortel<\/span><\/strong><\/p>\n<div id=\"gtx-trans\" style=\"position: absolute; left: -50px; top: 4.31534px;\">\n<div class=\"gtx-trans-icon\"><\/div>\n<\/div>\n<\/div><\/section><\/div><div class=\"flex_column av_one_full  flex_column_div av-zero-column-padding first  avia-builder-el-4  el_after_av_one_full  el_before_av_hr  column-top-margin\" style='border-radius:0px; '><section class=\"av_textblock_section \"  itemscope=\"itemscope\" itemtype=\"https:\/\/schema.org\/BlogPosting\" itemprop=\"blogPost\" ><div class='avia_textblock  '   itemprop=\"text\" ><p style=\"text-align: justify;\">&#8211; <em>Propuestas del Plan Integral de Movilidad de Caleta Tortel, fueron extra\u00eddas luego de 5 participaciones ciudadanas y los resultados de la encuesta Origen \u2013 Destino.<\/em><\/p>\n<p style=\"text-align: justify;\"><em>&#8211; El objetivo de este estudio, financiado por el Ministerio de Transportes y Telecomunicaciones (MTT), es entregar una cartera de proyectos que el municipio pueda postular a financiamiento y as\u00ed resolver problem\u00e1ticas de movilidad en la ciudad de las pasarelas.<\/em><\/p>\n<p style=\"text-align: justify;\">Al alero del Plan Integral de Movilidad de Caleta Tortel, estudio financiado por el Ministerio de Transportes y Telecomunicaciones (MTT), que inici\u00f3 el 2023 por parte de la UTP Archipi\u00e9lago + Territorial, ya se entregaron las primeras im\u00e1genes objetivo de las propuestas con las que se quiere mejorar la forma de movilizaci\u00f3n de los habitantes de Tortel. Entre estas propuestas se cuenta un ascensor que conecte Rinc\u00f3n Alto y Rinc\u00f3n Bajo, un terminal de buses que permita ordenar el flujo de transporte p\u00fablico en el sector Rotonda en el acceso vehicular a la localidad y una Estaci\u00f3n Intermodal asociada al Aer\u00f3dromo.<\/p>\n<p style=\"text-align: justify;\">Estas ideas de proyectos, surgen luego de un exhaustivo trabajo con una permanente retroalimentaci\u00f3n con las y los habitantes de Tortel. Con 5 participaciones ciudadanas y la realizaci\u00f3n de una encuesta origen destino que abarc\u00f3 a 144 hogares (50% de los hogares de Caleta Tortel) se pudo conocer los patrones de viajes a nivel local, y de esta manera identificar las problem\u00e1ticas m\u00e1s comunes.<\/p>\n<p style=\"text-align: justify;\">Este es un estudio \u00fanico en el pa\u00eds, dada la predominancia de las pasarelas como v\u00eda de transporte y en donde se identific\u00f3 que un 81% de los viajes se hacen caminando.\u00a0 Adem\u00e1s uno de los aspectos importantes a resolver con las iniciativas del Plan de Movilidad, es que un 57% de tortelinas y tortelinos, declar\u00f3 haber sufrido ca\u00eddas de diversa gravedad ante condiciones clim\u00e1ticas adversas tales como la lluvia, nieve o escarcha.<\/p>\n<p style=\"text-align: justify;\">En este escenario adem\u00e1s de destacar el reciente mejoramiento en el estado y materialidad de los 7 kms. de pasarelas que recorren Tortel, cobr\u00f3 importancia priorizar tres iniciativas que permitan el traslado seguro de cargas hacia y dentro de la localidad.\u00a0 En primer lugar un ascensor \/ montacarga, luego un terminal de buses y finalmente, una estaci\u00f3n intermodal que permitir\u00e1 combinar los servicios a\u00e9reos subvencionados por el MTT, que pr\u00f3ximamente se implementar\u00e1n en la zona, con transporte mar\u00edtimo hacia el sector costanera.<\/p>\n<p style=\"text-align: justify;\">El seremiTT Hans Zimmermann destac\u00f3 este trabajo que permite que las zonas m\u00e1s aisladas de Ays\u00e9n tambi\u00e9n puedan planificar formas de mejorar la calidad de vida de sus habitantes, optimizando sus sistemas de transporte. \u201cTenemos una valoraci\u00f3n muy positiva del ejercicio que se realiz\u00f3 a lo largo de todos estos a\u00f1os en el contexto del Plan de Movilidad, donde m\u00e1s del 50% de los hogares de Caleta Tortel participaron. Lo hemos dicho reiteradamente, los planes de movilidad son habituales en el Ministerio de Transportes y Telecomunicaciones, pero ning\u00fan plan de movilidad de los que se han realizado tiene las caracter\u00edsticas y particularidades especiales que tiene Caleta Tortel, dada su geograf\u00eda y su realidad urbana.\u201d<\/p>\n<p style=\"text-align: justify;\">La alcaldesa de la comuna de Tortel Marisela Jim\u00e9nez tambi\u00e9n se refiri\u00f3 al fruto de este trabajo: \u201cVa a ser un gran insumo donde vamos a poder desarrollar diversas iniciativas contempladas en este plan de movilidad y que se materialicen. Muy contenta con la participaci\u00f3n de la comuna en esta actividad, muy ansiosos tambi\u00e9n ya de terminar este plan de movilidad donde vamos a tener la instancia y la posibilidad de mejorar nuestra accesibilidad para los vecinos y vecinas de la comuna.\u201d<\/p>\n<p style=\"text-align: justify;\">El vecino Rub\u00e9n Gonz\u00e1lez, cuenta con un emprendimiento de distribuci\u00f3n de gas al interior del pueblo, con un peque\u00f1o carro que le permite desplazarse por la v\u00eda costanera. Por su labor, y en sinton\u00eda con lo expresado por otros integrantes de la comunidad, el ascensor es una de las ideas m\u00e1s llamativas extra\u00eddas del plan de movilidad.\u00a0 \u00a0\u201cLa propuesta ha sido interesante. Igual son proyectos que se est\u00e1n reci\u00e9n implementando. Se hizo un estudio y bueno, lo que se prioriza para la gente de la comuna es el tema de tener un ascensor para poder movilizar el tema de cargas, el tema de una persona accidentada, poder moverlo en una camilla. Eso ser\u00eda algo important\u00edsimo para la comuna. Nos sirve tanto a los residentes de la comuna, al turista tambi\u00e9n, a la gente que tiene poca movilidad y no puede caminar y bajar las escaleras, puede hacerlo a trav\u00e9s de un ascensor. Ser\u00eda ideal.\u201d<\/p>\n<p style=\"text-align: justify;\">Luego de concluir las etapas de participaci\u00f3n ciudadana y priorizaci\u00f3n de proyectos, corresponde la etapa m\u00e1s t\u00e9cnica del estudio en donde se desarrollar\u00e1n los proyectos a nivel de ingenier\u00eda y en donde se har\u00e1 una priorizaci\u00f3n definitiva de proyecto. El financiamiento del MTT para este estudio se elev\u00f3 a un monto superior a los $165 millones y se esperan sus resultados finales a fines de 2025.<\/p>\n<\/div><\/section><\/div><div  style='height:50px' class='hr hr-invisible   avia-builder-el-6  el_after_av_one_full  el_before_av_social_share '><span class='hr-inner ' ><span class='hr-inner-style'><\/span><\/span><\/div><\/p>\n<div  class='av-social-sharing-box  avia-builder-el-7  el_after_av_hr  el_before_av_hr  '><div class='av-share-box'><h5 class='av-share-link-description av-no-toc '>Compartir esta noticia<\/h5><ul class='av-share-box-list noLightbox'><li class='av-share-link av-social-link-facebook' ><a target=\"_blank\" aria-label=\"Compartir en Facebook\" href='https:\/\/www.facebook.com\/sharer.php?u=https:\/\/radiorevelacionfm.cl\/?p=53235&#038;t=Ascensor%2C%20y%20terminales%20intermodales%20fueron%20iniciativas%20propuestas%20para%20mejorar%20la%20movilidad%20de%20Caleta%20Tortel' aria-hidden='false' data-av_icon='\ue8f3' data-av_iconfont='entypo-fontello' title='' data-avia-related-tooltip='Compartir en Facebook' rel=\"noopener\"><span class='avia_hidden_link_text'>Compartir en Facebook<\/span><\/a><\/li><li class='av-share-link av-social-link-twitter' ><a target=\"_blank\" aria-label=\"Compartir en Twitter\" href='https:\/\/twitter.com\/share?text=Ascensor%2C%20y%20terminales%20intermodales%20fueron%20iniciativas%20propuestas%20para%20mejorar%20la%20movilidad%20de%20Caleta%20Tortel&#038;url=https:\/\/radiorevelacionfm.cl\/?p=53235' aria-hidden='false' data-av_icon='\ue8f1' data-av_iconfont='entypo-fontello' title='' data-avia-related-tooltip='Compartir en Twitter' rel=\"noopener\"><span class='avia_hidden_link_text'>Compartir en Twitter<\/span><\/a><\/li><li class='av-share-link av-social-link-whatsapp' ><a target=\"_blank\" aria-label=\"Compartir en Whatsapp\" href='https:\/\/api.whatsapp.com\/send?text=https:\/\/radiorevelacionfm.cl\/?p=53235' aria-hidden='false' data-av_icon='\uf232' data-av_iconfont='entypo-fontello' title='' data-avia-related-tooltip='Compartir en Whatsapp' rel=\"noopener\"><span class='avia_hidden_link_text'>Compartir en Whatsapp<\/span><\/a><\/li><li class='av-share-link av-social-link-linkedin' ><a target=\"_blank\" aria-label=\"Compartir en LinkedIn\" href='https:\/\/linkedin.com\/shareArticle?mini=true&#038;title=Ascensor%2C%20y%20terminales%20intermodales%20fueron%20iniciativas%20propuestas%20para%20mejorar%20la%20movilidad%20de%20Caleta%20Tortel&#038;url=https:\/\/radiorevelacionfm.cl\/?p=53235' aria-hidden='false' data-av_icon='\ue8fc' data-av_iconfont='entypo-fontello' title='' data-avia-related-tooltip='Compartir en LinkedIn' rel=\"noopener\"><span class='avia_hidden_link_text'>Compartir en LinkedIn<\/span><\/a><\/li><li class='av-share-link av-social-link-mail' ><a  aria-label=\"Compartir por correo\" href='mailto:?subject=Ascensor%2C%20y%20terminales%20intermodales%20fueron%20iniciativas%20propuestas%20para%20mejorar%20la%20movilidad%20de%20Caleta%20Tortel&#038;body=https:\/\/radiorevelacionfm.cl\/?p=53235' aria-hidden='false' data-av_icon='\ue805' data-av_iconfont='entypo-fontello' title='' data-avia-related-tooltip='Compartir por correo'><span class='avia_hidden_link_text'>Compartir por correo<\/span><\/a><\/li><\/ul><\/div><\/div>\n<div  style='height:50px' class='hr hr-invisible   avia-builder-el-8  el_after_av_social_share  el_before_av_comments_list '><span class='hr-inner ' ><span class='hr-inner-style'><\/span><\/span><\/div>\n<div  class='av-buildercomment  av-blog-meta-html-info-disabled av-blog-meta-tag-disabled  '><\/div>\n","protected":false},"excerpt":{"rendered":"","protected":false},"author":1,"featured_media":53236,"comment_status":"closed","ping_status":"closed","sticky":false,"template":"","format":"standard","meta":{"footnotes":""},"categories":[59],"tags":[],"class_list":["post-53235","post","type-post","status-publish","format-standard","has-post-thumbnail","hentry","category-transporte"],"jetpack_featured_media_url":"https:\/\/radiorevelacionfm.cl\/wp-content\/uploads\/2025\/04\/ascensor-1-1_optimized-1.jpg","_links":{"self":[{"href":"https:\/\/radiorevelacionfm.cl\/index.php?rest_route=\/wp\/v2\/posts\/53235","targetHints":{"allow":["GET"]}}],"collection":[{"href":"https:\/\/radiorevelacionfm.cl\/index.php?rest_route=\/wp\/v2\/posts"}],"about":[{"href":"https:\/\/radiorevelacionfm.cl\/index.php?rest_route=\/wp\/v2\/types\/post"}],"author":[{"embeddable":true,"href":"https:\/\/radiorevelacionfm.cl\/index.php?rest_route=\/wp\/v2\/users\/1"}],"replies":[{"embeddable":true,"href":"https:\/\/radiorevelacionfm.cl\/index.php?rest_route=%2Fwp%2Fv2%2Fcomments&post=53235"}],"version-history":[{"count":2,"href":"https:\/\/radiorevelacionfm.cl\/index.php?rest_route=\/wp\/v2\/posts\/53235\/revisions"}],"predecessor-version":[{"id":53238,"href":"https:\/\/radiorevelacionfm.cl\/index.php?rest_route=\/wp\/v2\/posts\/53235\/revisions\/53238"}],"wp:featuredmedia":[{"embeddable":true,"href":"https:\/\/radiorevelacionfm.cl\/index.php?rest_route=\/wp\/v2\/media\/53236"}],"wp:attachment":[{"href":"https:\/\/radiorevelacionfm.cl\/index.php?rest_route=%2Fwp%2Fv2%2Fmedia&parent=53235"}],"wp:term":[{"taxonomy":"category","embeddable":true,"href":"https:\/\/radiorevelacionfm.cl\/index.php?rest_route=%2Fwp%2Fv2%2Fcategories&post=53235"},{"taxonomy":"post_tag","embeddable":true,"href":"https:\/\/radiorevelacionfm.cl\/index.php?rest_route=%2Fwp%2Fv2%2Ftags&post=53235"}],"curies":[{"name":"wp","href":"https:\/\/api.w.org\/{rel}","templated":true}]}}